{"id":654661,"date":"2026-08-29T09:13:14","date_gmt":"2026-08-29T09:13:14","guid":{"rendered":"https:\/\/www.europesays.com\/it\/654661\/"},"modified":"2026-08-29T09:13:14","modified_gmt":"2026-08-29T09:13:14","slug":"vergara-intervista-il-napoli-conte-allegri-e","status":"publish","type":"post","link":"https:\/\/www.europesays.com\/it\/654661\/","title":{"rendered":"Vergara intervista: &#8220;Il Napoli, Conte, Allegri e&#8230;&#8221;"},"content":{"rendered":"<p>                                Il fantasista azzurro in una lunga intervista al Mattino: &#8220;Conte maniaco della vittoria, incazzato anche dopo un 4-0. Allegri cerca di creare un legame diretto con ognuno di noi. La gavetta non sempre \u00e8 un bene, se uno a 18 anni \u00e8 pronto&#8230;&#8221;<\/p>\n<p>                    29 agosto &#8211; 10:03  &#8211; MILANO<\/p>\n<p class=\"paragraph\" spellcheck=\"true\">Antonio Vergara \u00e8 uno che, nella vita, ha saputo aspettare il suo momento. &#8220;Ho tenuto duro &#8211; ha detto in una lunga intervista concessa al Mattino -, anche perch\u00e9 stavo per mollare tutto&#8221;. Il riferimento \u00e8 a quanto successo nel settembre 2023 quando &#8211; era ancora un giocatore della Reggiana &#8211; si ruppe il crociato: &#8220;Ricordo che chiamai mio padre e gli dissi: &#8216;\u00c8 finita, preparami un posto nella concessionaria di auto a Caivano&#8217;. Per fortuna poi non ho mollato&#8221;. Oggi Vergara \u00e8 uno dei punti fermi del Napoli. La sua ascesa \u00e8 iniziata la scorsa stagione con Conte, ma anche Allegri \u00e8 pronto a puntare su di lui, come si \u00e8 visto all&#8217;esordio a Marassi in casa del Genoa. In quale ruolo? Non si sa: &#8220;Da cinque anni cambio continuamente posizione. Faccio l&#8217;esterno alto, il trequartista, la mezzala, il quinto di centrocampo. Dove mi dicono di mettermi, l\u00e0 mi metto&#8221;.\u00a0<\/p>\n<p>        da conte ad allegri\u2014 \u00a0<\/p>\n<p class=\"paragraph\" spellcheck=\"true\">Nell&#8217;album dei ricordi di Vergara c&#8217;\u00e8 una fotografia pi\u00f9 grande delle altre. \u00c8 stata scattata il 28 gennaio scorso, la data di Napoli-Chelsea: &#8220;Ho sognato tante volte quella notte e quel gol, il mio primo in Champions. Solo che cambierei il finale.\u00a0Perch\u00e9 la vittoria e il passaggio di turno del turno non sono arrivati e questo ha reso amara quella serata&#8221;. Allora sulla panchina azzurra c&#8217;era Antonio Conte: &#8220;Un maniaco della vittoria &#8211; spiega Vergara -, un allenatore con una mentalit\u00e0 unica.\u00a0Anche se hai vinto 4-0 la sera prima, il giorno dopo lo vedi l\u00ec incazzato perch\u00e9 sta gi\u00e0 pensando a come vincere la prossima partita&#8221;. Oggi per\u00f2 c&#8217;\u00e8 Allegri, uno che &#8220;cerca di creare un legame personale e diretto con ognuno di noi. Scherza, ride, \u00e8 ironico, fa battute. Appena mi ha visto mi ha detto che dobbiamo migliorare sulla pulizia tecnica. Mi ha impressionato, perch\u00e9 sapeva gi\u00e0 tutto di me&#8221;. L&#8217;obiettivo per\u00f2, resta lo stesso. O forse no: &#8220;Non parliamo di scudetto tra di noi, e non c&#8217;entra la scaramanzia. \u00c8 il momento di lavorare, senza pensarci, anche perch\u00e9 mi sembra un campionato pi\u00f9 equilibrato e competitivo rispetto a quello della passata stagione&#8221;.\u00a0<\/p>\n<p>        gavetta e nazionale\u2014 \u00a0<\/p>\n<p class=\"paragraph\" spellcheck=\"true\">Ma Vergara, a 23 anni, si considera ancora un giovane? &#8220;No, per nulla &#8211; la sua risposta -. Forse uno dei problemi del nostro calcio pu\u00f2 essere anche questo: considerare uno di 23 anni un giovane. Spero che anche la mia storia abbia aiutato ad aprire gli occhi a tutti, \u00e8 come una piccola guerra generazionale: la maturit\u00e0 calcistica non ha et\u00e0 perch\u00e9 la si pu\u00f2 raggiungere anche a 18 anni. La gavetta non \u00e8 sempre un bene: se a 18 anni un ragazzo \u00e8 pronto, non ha senso fargli fare un percorso diverso e lungo&#8221;. Poi c&#8217;\u00e8 il capitolo Nazionale, e il sogno di una coppia &#8216;made in Napoli&#8217; con Pio Esposito: &#8220;Pio \u00e8 fortissimo, ovvio che la maglia dell\u2019Italia \u00e8 un sogno che tutti hanno nel cuore. Ma abbiamo un ct come Roberto Mancini che sapr\u00e0 fare le scelte giuste&#8221;.<\/p>\n<p><a class=\"is-partner-link\" href=\"https:\/\/ad.doubleclick.net\/ddm\/trackclk\/N1792338.340088CAIRORCSMEDIAS.P.\/B28038690.452531709;dc_trk_aid=646241311;dc_trk_cid=173665161;dc_lat=;dc_rdid=;tag_for_child_directed_treatment=;tfua=;gdpr=%24%7BGDPR%7D;gdpr_consent=%24%7BGDPR_CONSENT_755%7D;ltd=;dc_tdv=1\" rel=\"nofollow noopener\" target=\"_blank\">Guarda tutte le partite di Serie A Enilive in esclusiva nei locali Sky! Trova il locale pi\u00f9 vicino a te.<\/a><\/p>\n<p>        napoli, champions e futuro\u2014 \u00a0<\/p>\n<p class=\"paragraph\" spellcheck=\"true\">Ma in quale Napoli avrebbe voluto giocare Vergara? &#8220;In quello di Cavani, Hamsik e Lavezzi: era la squadra dei miei sogni. Anche se probabilmente li avrei visti solo dalla panchina. E mi sarebbe piaciuto dividere il campo con Zielinski, lo trovo superbo&#8221;. Sugli obiettivi stagionali: &#8220;A livello personale non farmi pi\u00f9 male, a livello di squadre centrare la semifinale di Champions. Ci aspettano notti spettacolari e non vediamo l&#8217;ora di viverle&#8221;.\u00a0<\/p>\n<p class=\"is-above-copyright is-mr-r-10\" spellcheck=\"true\">La Gazzetta dello Sport<\/p>\n<p class=\"is-copyright\">\u00a9 RIPRODUZIONE RISERVATA<\/p>\n","protected":false},"excerpt":{"rendered":"Il fantasista azzurro in una lunga intervista al Mattino: &#8220;Conte maniaco della vittoria, incazzato anche dopo un 4-0.&hellip;\n","protected":false},"author":3,"featured_media":654662,"comment_status":"","ping_status":"","sticky":false,"template":"","format":"standard","meta":{"footnotes":"","_share_on_mastodon":"0"},"categories":[1452],"tags":[3076,361201,361202,119,2765,721,1053,361203,361204,1969,2790,156580,361205,361206,2665,361207,7085,1740,5229,229,96938,1282,1537,90,89,5069,6110,1258,37446,96854,361208,7024,248,3484,858,7173,1917,138,1739,2526,245,244,37090,2224],"class_list":["post-654661","post","type-post","status-publish","format-standard","has-post-thumbnail","category-calcio","tag-allegri","tag-allegri-cerca","tag-allegri-cerca-creare","tag-antonio","tag-auto","tag-calcio","tag-cerca","tag-cerca-creare","tag-cerca-creare-legame","tag-champions","tag-conte","tag-conte-allegri","tag-conte-maniaco","tag-conte-maniaco-vittoria","tag-creare","tag-creare-legame","tag-diretto","tag-football","tag-gavetta","tag-giovane","tag-incazzato","tag-intervista","tag-it","tag-italia","tag-italy","tag-legame","tag-livello","tag-lunga","tag-lunga-intervista","tag-maniaco","tag-maniaco-vittoria","tag-mattino","tag-napoli","tag-panchina","tag-personale","tag-pio","tag-pronto","tag-ruolo","tag-soccer","tag-sogno","tag-sport","tag-sports","tag-vergara","tag-vittoria"],"share_on_mastodon":{"url":"","error":"Validation failed: Text character limit of 500 exceeded"},"_links":{"self":[{"href":"https:\/\/www.europesays.com\/it\/wp-json\/wp\/v2\/posts\/654661","targetHints":{"allow":["GET"]}}],"collection":[{"href":"https:\/\/www.europesays.com\/it\/wp-json\/wp\/v2\/posts"}],"about":[{"href":"https:\/\/www.europesays.com\/it\/wp-json\/wp\/v2\/types\/post"}],"author":[{"embeddable":true,"href":"https:\/\/www.europesays.com\/it\/wp-json\/wp\/v2\/users\/3"}],"replies":[{"embeddable":true,"href":"https:\/\/www.europesays.com\/it\/wp-json\/wp\/v2\/comments?post=654661"}],"version-history":[{"count":0,"href":"https:\/\/www.europesays.com\/it\/wp-json\/wp\/v2\/posts\/654661\/revisions"}],"wp:featuredmedia":[{"embeddable":true,"href":"https:\/\/www.europesays.com\/it\/wp-json\/wp\/v2\/media\/654662"}],"wp:attachment":[{"href":"https:\/\/www.europesays.com\/it\/wp-json\/wp\/v2\/media?parent=654661"}],"wp:term":[{"taxonomy":"category","embeddable":true,"href":"https:\/\/www.europesays.com\/it\/wp-json\/wp\/v2\/categories?post=654661"},{"taxonomy":"post_tag","embeddable":true,"href":"https:\/\/www.europesays.com\/it\/wp-json\/wp\/v2\/tags?post=654661"}],"curies":[{"name":"wp","href":"https:\/\/api.w.org\/{rel}","templated":true}]}}