{"id":654677,"date":"2026-08-29T09:22:10","date_gmt":"2026-08-29T09:22:10","guid":{"rendered":"https:\/\/www.europesays.com\/it\/654677\/"},"modified":"2026-08-29T09:22:10","modified_gmt":"2026-08-29T09:22:10","slug":"perdonanza-de-mendonca-una-civilta-che-perdona-fa-ripartire-la-speranza","status":"publish","type":"post","link":"https:\/\/www.europesays.com\/it\/654677\/","title":{"rendered":"Perdonanza, de Mendon\u00e7a: una civilt\u00e0 che perdona fa ripartire la speranza"},"content":{"rendered":"<p>Il corteo della Bolla prima, poi l\u2019apertura della Porta Santa della Basilica di Collemaggio a L\u2019Aquila da parte del prefetto del Dicastero per la Cultura e l&#8217;Educazione e infine la Messa. Sono i momenti pi\u00f9 significativi della Perdonanza celestiniana. \u201cNon una pittoresca rievocazione storica \u2013 ha affermato il cardinale &#8211; ma uno dei pi\u00f9 potenti dispositivi culturali e spirituali per dare forma collettiva, pubblica e ripetibile al gesto del perdono\u201d <\/p>\n<p><b>Benedetta Capelli \u2013 Citt\u00e0 del Vaticano<\/b><\/p>\n<p>\u00c8 il giorno pi\u00f9 solenne per la citt\u00e0 de L\u2019Aquila, ferita nel 2009 dal terremoto che ha portato via 309 persone, causato 1.660 feriti, 70 mila sfollati. La citt\u00e0 rivive la 732.ma Perdonanza Celestiniana, celebrazione istituita da Papa Celestino V nel 1294, per concedere l&#8217;indulgenza plenaria a chi, dopo confessione e pentimento, avesse attraversato la Porta Santa della Basilica di Santa Maria di Collemaggio. Ad aprirla quest\u2019anno \u00e8 stato il cardinale Jos\u00e9 Tolentino de Mendon\u00e7a, prefetto del Dicastero per la Cultura e l\u2019Educazione, che ha poi celebrato la Messa.<\/p>\n<p><b>Far ripartire la speranza<\/b> <\/p>\n<p>\u201cEsiste un filo esplicito \u2013 ha affermato il cardinale &#8211; che lega ogni civilt\u00e0 degna di questo nome: la capacit\u00e0 di trasformare il conflitto in riconciliazione, la colpa in redenzione, la frattura in comunit\u00e0 ricostruita\u201d. Pertanto, ha spiegato, \u201cuna civilt\u00e0 che sa perdonare \u00e8 una civilt\u00e0 che sa continuare a esistere insieme, e a far ripartire la speranza\u201d. Il gesto di Papa Celestino V fu un gesto rivoluzionario, \u201cil perdono non riservato a pochi, ma offerto universalmente, a chiunque varcasse la soglia della misericordia di Dio con cuore sincero\u201d. Il prefetto si \u00e8 soffermato sulla dimensione pubblica e collettiva del perdono che \u201ceduca, tramanda, costruisce identit\u00e0 condivisa\u201d, insegna che \u201cla riconciliazione non \u00e8 debolezza, ma la forma pi\u00f9 alta di forza civile\u201d.<\/p>\n<p>    <img decoding=\"async\" src=\"data:image\/gif;base64,R0lGODlhAQABAIAAAAAAAP\/\/\/yH5BAEAAAAALAAAAAABAAEAAAIBRAA7\" data-original=\"https:\/\/www.vaticannews.va\/content\/dam\/vaticannews\/multimedia\/2026\/agosto\/29-agosto\/tolentino-3.jpg\/_jcr_content\/renditions\/cq5dam.thumbnail.cropped.750.422.jpeg\" alt=\"Il cardinale Jos\u00e9 Tolentino de Mendon\u00e7a, prefetto del Dicastero per la Cultura e l\u2019Educazione durante la celebrazione\" title=\"Il cardinale Jos\u00e9 Tolentino de Mendon\u00e7a, prefetto del Dicastero per la Cultura e l\u2019Educazione durante la celebrazione\"\/><\/p>\n<p>\n   Il cardinale Jos\u00e9 Tolentino de Mendon\u00e7a, prefetto del Dicastero per la Cultura e l\u2019Educazione durante la celebrazione\n  <\/p>\n<p><b>Ricominciare insieme<\/b> <\/p>\n<p>Dopo il terremoto del 2009, la Perdonanza ha un significato di rinascita, mostra che non si resta prigionieri del dolore. \u201cIn un tempo storico segnato da guerre, polarizzazioni e fratture, il messaggio \u2013 ha affermato de Mendon\u00e7a &#8211; che parte dalla Basilica di Collemaggio acquista un&#8217;attualit\u00e0 che va ben oltre i confini abruzzesi. La Perdonanza \u00e8 una proposta culturale rivolta al presente. Dice che la riconciliazione pu\u00f2 ancora essere una categoria collettiva, non solo un affare delle coscienze; che le comunit\u00e0 ferite possono scegliere di raccontarsi attraverso il perdono anzich\u00e9 attraverso il rancore o la stanchezza; che una porta, aperta una volta all&#8217;anno, pu\u00f2 continuare a rappresentare simbolicamente ci\u00f2 che ogni civilt\u00e0 dovrebbe custodire: la possibilit\u00e0 di ricominciare insieme. Di ricominciare sempre\u201d.<\/p>\n<p>    <img decoding=\"async\" src=\"data:image\/gif;base64,R0lGODlhAQABAIAAAAAAAP\/\/\/yH5BAEAAAAALAAAAAABAAEAAAIBRAA7\" data-original=\"https:\/\/www.vaticannews.va\/content\/dam\/vaticannews\/multimedia\/2026\/agosto\/29-agosto\/tolentino-2.jpg\/_jcr_content\/renditions\/cq5dam.thumbnail.cropped.750.422.jpeg\" alt=\"Il cardinale con la Bolla in mano\" title=\"Il cardinale con la Bolla in mano\"\/><\/p>\n<p>\n   Il cardinale con la Bolla in mano\n  <\/p>\n<p><b>Il patto nel segno del perdono e della pace<\/b> <\/p>\n<p>Una porta \u00e8 un varco che Dio apre per primo, donando il suo perdono prima di ogni cosa. \u201cLa grazia ha gi\u00e0 fatto il primo passo, molto prima che io lo meritassi, molto prima che io lo desiderassi\u201d: ha affermato il porporato. Cristo &#8211; la vera porta non promette solo \u00abvita\u00bb, promette vita \u00abin abbondanza\u00bb. Genera pi\u00f9 vita di prima \u2014 relazioni pi\u00f9 mature, comunit\u00e0 pi\u00f9 larghe, cuori civili pi\u00f9 dilatati. Questo genera pace \u201cche trae la sua forza proprio dalla mitezza di chi rinuncia a minacciare\u201d, pertanto oggi si varca la porta \u201ccos\u00ec come siamo \u2014 feriti, fragili, divisi. Oggi la Porta Santa \u2013 ha concluso il cardinale &#8211; \u00e8 aperta, e nessuno, pu\u00f2 richiuderla. Non stiamo solo ripetendo un rito antico. Stiamo rinnovando un patto\u201d.<\/p>\n<p><b>L\u2019arcivescovo de L\u2019Aquila: il perdono riaccende la speranza<\/b> <\/p>\n<p>Nel suo indirizzo di saluto, l\u2019arcivescovo metropolita de L\u2019Aquila, Antonio D\u2019Angelo, ha ringraziato il prefetto del Dicastero per la Cultura e l\u2019Educazione, ricordando che la citt\u00e0 \u00e8 quest\u2019anno \u201cCapitale italiana della cultura\u201d, tale anche per la Perdonanza. \u201cQuesto dono di grazia \u2013 ha affermato &#8211; fa risplendere il cuore dell\u2019uomo, il perdono, infatti, riaccende la speranza. Quindi, sostenuti da questa forza che viene dall\u2019amore del Padre possiamo camminare nella via della resilienza che ci permette di avere sempre uno sguardo positivo per il futuro, consapevoli che, con la perseveranza, si potranno raggiungere grandi traguardi\u201d.<\/p>\n<p>\u00a0<\/p>\n<p>\u00a0<\/p>\n","protected":false},"excerpt":{"rendered":"Il corteo della Bolla prima, poi l\u2019apertura della Porta Santa della Basilica di Collemaggio a L\u2019Aquila da parte&hellip;\n","protected":false},"author":3,"featured_media":654678,"comment_status":"","ping_status":"","sticky":false,"template":"","format":"standard","meta":{"footnotes":"","_share_on_mastodon":"0"},"categories":[174],"tags":[1644,203,204,1537,90,89,67566,14057],"class_list":["post-654677","post","type-post","status-publish","format-standard","has-post-thumbnail","category-intrattenimento","tag-cultura","tag-entertainment","tag-intrattenimento","tag-it","tag-italia","tag-italy","tag-perdono","tag-speranza"],"share_on_mastodon":{"url":"https:\/\/pubeurope.com\/@it\/117178069615446307","error":""},"_links":{"self":[{"href":"https:\/\/www.europesays.com\/it\/wp-json\/wp\/v2\/posts\/654677","targetHints":{"allow":["GET"]}}],"collection":[{"href":"https:\/\/www.europesays.com\/it\/wp-json\/wp\/v2\/posts"}],"about":[{"href":"https:\/\/www.europesays.com\/it\/wp-json\/wp\/v2\/types\/post"}],"author":[{"embeddable":true,"href":"https:\/\/www.europesays.com\/it\/wp-json\/wp\/v2\/users\/3"}],"replies":[{"embeddable":true,"href":"https:\/\/www.europesays.com\/it\/wp-json\/wp\/v2\/comments?post=654677"}],"version-history":[{"count":0,"href":"https:\/\/www.europesays.com\/it\/wp-json\/wp\/v2\/posts\/654677\/revisions"}],"wp:featuredmedia":[{"embeddable":true,"href":"https:\/\/www.europesays.com\/it\/wp-json\/wp\/v2\/media\/654678"}],"wp:attachment":[{"href":"https:\/\/www.europesays.com\/it\/wp-json\/wp\/v2\/media?parent=654677"}],"wp:term":[{"taxonomy":"category","embeddable":true,"href":"https:\/\/www.europesays.com\/it\/wp-json\/wp\/v2\/categories?post=654677"},{"taxonomy":"post_tag","embeddable":true,"href":"https:\/\/www.europesays.com\/it\/wp-json\/wp\/v2\/tags?post=654677"}],"curies":[{"name":"wp","href":"https:\/\/api.w.org\/{rel}","templated":true}]}}