{"id":654712,"date":"2026-08-29T09:51:17","date_gmt":"2026-08-29T09:51:17","guid":{"rendered":"https:\/\/www.europesays.com\/it\/654712\/"},"modified":"2026-08-29T09:51:17","modified_gmt":"2026-08-29T09:51:17","slug":"bonus-benzina-dipendenti-in-busta-paga-come-funziona-la-misura-allo-studio-del-governo","status":"publish","type":"post","link":"https:\/\/www.europesays.com\/it\/654712\/","title":{"rendered":"Bonus benzina dipendenti in busta paga, come funziona la misura allo studio del governo"},"content":{"rendered":"<p>Secondo le stime elaborate da Facile.it, tra settembre e dicembre una famiglia tipo con un contratto del mercato libero a prezzo indicizzato potrebbe arrivare a spendere complessivamente<b> circa 982 euro per elettricit\u00e0 e gas<\/b>. La cifra sarebbe superiore di <b>circa 270 euro<\/b> rispetto allo stesso periodo dell&#8217;anno precedente, con <b>una crescita complessiva prossima al 40%<\/b>. A pesare maggiormente sarebbe il gas, con una spesa stimata<b> intorno ai 709 euro <\/b>e un incremento del 43%. Per l&#8217;elettricit\u00e0, invece, il conto potrebbe aggirarsi sui 273 euro, il 27% in pi\u00f9 rispetto all&#8217;anno precedente. Sono naturalmente proiezioni e non rincari gi\u00e0 determinati per ogni consumatore. Indicano per\u00f2 una possibile nuova fase di pressione sulle finanze delle famiglie, proprio mentre anche il costo dei carburanti rimane un problema.<\/p>\n","protected":false},"excerpt":{"rendered":"Secondo le stime elaborate da Facile.it, tra settembre e dicembre una famiglia tipo con un contratto del mercato&hellip;\n","protected":false},"author":3,"featured_media":642416,"comment_status":"","ping_status":"","sticky":false,"template":"","format":"standard","meta":{"footnotes":"","_share_on_mastodon":"0"},"categories":[172],"tags":[178,14745,587,177,369,2588,1537,90,89,11519,17197],"class_list":["post-654712","post","type-post","status-publish","format-standard","has-post-thumbnail","category-affari","tag-affari","tag-benzina","tag-bonus","tag-business","tag-digitall","tag-dipendenti","tag-it","tag-italia","tag-italy","tag-selezione-sky-tg24","tag-stipendi"],"share_on_mastodon":{"url":"https:\/\/pubeurope.com\/@it\/117178183543198926","error":""},"_links":{"self":[{"href":"https:\/\/www.europesays.com\/it\/wp-json\/wp\/v2\/posts\/654712","targetHints":{"allow":["GET"]}}],"collection":[{"href":"https:\/\/www.europesays.com\/it\/wp-json\/wp\/v2\/posts"}],"about":[{"href":"https:\/\/www.europesays.com\/it\/wp-json\/wp\/v2\/types\/post"}],"author":[{"embeddable":true,"href":"https:\/\/www.europesays.com\/it\/wp-json\/wp\/v2\/users\/3"}],"replies":[{"embeddable":true,"href":"https:\/\/www.europesays.com\/it\/wp-json\/wp\/v2\/comments?post=654712"}],"version-history":[{"count":0,"href":"https:\/\/www.europesays.com\/it\/wp-json\/wp\/v2\/posts\/654712\/revisions"}],"wp:featuredmedia":[{"embeddable":true,"href":"https:\/\/www.europesays.com\/it\/wp-json\/wp\/v2\/media\/642416"}],"wp:attachment":[{"href":"https:\/\/www.europesays.com\/it\/wp-json\/wp\/v2\/media?parent=654712"}],"wp:term":[{"taxonomy":"category","embeddable":true,"href":"https:\/\/www.europesays.com\/it\/wp-json\/wp\/v2\/categories?post=654712"},{"taxonomy":"post_tag","embeddable":true,"href":"https:\/\/www.europesays.com\/it\/wp-json\/wp\/v2\/tags?post=654712"}],"curies":[{"name":"wp","href":"https:\/\/api.w.org\/{rel}","templated":true}]}}