{"id":654791,"date":"2026-08-29T11:02:19","date_gmt":"2026-08-29T11:02:19","guid":{"rendered":"https:\/\/www.europesays.com\/it\/654791\/"},"modified":"2026-08-29T11:02:19","modified_gmt":"2026-08-29T11:02:19","slug":"calciomercato-2026-ultime-news-di-oggi-in-diretta-live-60","status":"publish","type":"post","link":"https:\/\/www.europesays.com\/it\/654791\/","title":{"rendered":"Calciomercato 2026, ultime news di oggi in diretta live"},"content":{"rendered":"<p>\\n  <\/p>\n<li><a href=\"\\&quot;https:\/\/sport.sky.it\/calciomercato\/2026\/08\/29\/leao-milan-galatasaray-partenza-intervista-video\\&quot;\" target=\"\\&quot;_blank\\&quot;\" data-intcmp=\"\\&quot;skysport_liveblog_interlink_text\\&quot;\">Milan, Leao in partenza da Linate<\/a><\/li>\n<p>\\n  <\/p>\n<li><a href=\"\\&quot;https:\/\/sport.sky.it\/calciomercato\/2026\/08\/28\/milan-leao-intervista-news-video\\&quot;\" data-intcmp=\"\\&quot;skysport_liveblog_interlink_text\\&quot;\">Il portoghese: \\&#8221;L&#8217;amore che ho per questa squadra non finir\u00e0 mai\\&#8221;<\/a><\/li>\n<p>\\n  <\/p>\n<li><a href=\"\\&quot;https:\/\/sport.sky.it\/calciomercato\/2026\/08\/29\/roma-balerdi-calciomercato-news\\&quot;\" data-intcmp=\"\\&quot;skysport_liveblog_interlink_text\\&quot;\">Roma, ai dettagli l&#8217;arrivo di Balerdi<\/a><\/li>\n<p>\\n  <\/p>\n<li><a href=\"\\&quot;https:\/\/sport.sky.it\/calciomercato\/video\/2026\/08\/29\/fiorentina-gnonto-calciomercato-video-1120545\\&quot;\" data-intcmp=\"\\&quot;skysport_liveblog_interlink_text\\&quot;\">Fiorentina, trattativa per Gnonto<\/a><\/li>\n<p>\\n  <\/p>\n<li><a href=\"\\&quot;https:\/\/sport.sky.it\/calciomercato\/2026\/08\/29\/juventus-kessie-calciomercato-news\\&quot;\" data-intcmp=\"\\&quot;skysport_liveblog_interlink_text\\&quot;\">Niente Juventus per Kessie: resta da capire il futuro del centrocampista<\/a><\/li>\n<p>\\n  <\/p>\n<li>L&#8217;Atalanta spinge per il rinnovo di Scalvini<\/li>\n<p>\\n  <\/p>\n<li><a href=\"\\&quot;https:\/\/sport.sky.it\/calciomercato\/calciomercato-serie-a-estate-2026-acquisti-ufficiali\\&quot;\" data-intcmp=\"\\&quot;skysport_liveblog_interlink_text\\&quot;\">Serie A, gli acquisti ufficiali<\/a><\/li>\n<p>\\n  <\/p>\n<li><a href=\"\\&quot;https:\/\/sport.sky.it\/calciomercato\/tabellone\\&quot;\" data-intcmp=\"\\&quot;skysport_liveblog_interlink_text\\&quot;\">Tabellone mercato Serie A<\/a><\/li>\n<p>\\n  <\/p>\n<li><a href=\"\\&quot;https:\/\/sport.sky.it\/calciomercato\/calciomercato-serie-b-estate-2026-acquisti-ufficiali\\&quot;\" data-intcmp=\"\\&quot;skysport_liveblog_interlink_text\\&quot;\">Serie B: la gallery con tutti gli affari dell&#8217;estate<\/a><\/li>\n<p>\\n  <\/p>\n<li><a href=\"\\&quot;https:\/\/sport.sky.it\/calciomercato\/calciomercato-serie-b-estate-2026-acquisti-ufficiali#00\\&quot;\" data-intcmp=\"\\&quot;skysport_liveblog_interlink_text\\&quot;\">Le trattative concluse in Serie B<\/a><\/li>\n<p>\\n  <\/p>\n<li><a href=\"\\&quot;https:\/\/sport.sky.it\/calciomercato\/calciomercato-2026-acquisti-ufficiali-estero-estate\\&quot;\" data-intcmp=\"\\&quot;skysport_liveblog_interlink_text\\&quot;\">Tutti i colpi di mercato all&#8217;estero<\/a><\/li>\n<p>\\n&#8221;,&#8221;postId&#8221;:&#8221;a8cbe22e-e1a9-4c18-b391-a47a0ff01b86&#8243;,&#8221;postLink&#8221;:{&#8220;title&#8221;:&#8221;&#8221;,&#8221;url&#8221;:&#8221;&#8221;,&#8221;imageSrc&#8221;:&#8221;&#8221;}}],&#8221;posts&#8221;:[{&#8220;timestamp&#8221;:&#8221;2026-08-29T11:00:00.776Z&#8221;,&#8221;timestampUtcIt&#8221;:&#8221;2026-08-29T13:00:00+0200&#8243;,&#8221;altBackground&#8221;:false,&#8221;title&#8221;:&#8221;Fiorentina su Zikzee per il dopo Kean. E Beto&#8230;&#8221;,&#8221;content&#8221;:&#8221;<\/p>\n<p>Il profilo designato per sostituire Moise Kean \u00e8 quello di Joshua Zirkzee del Manchester United per il quale la Fiorentina propone un prestito con diritto e non obbligo: si attende una risposta dal club inglese. Intanto la viola lavora per un piano b, ovvero Beto dell\u2019Everton per cui \u00e8 stata presentata un\u2019offerta<\/p>\n<p>&#8220;,&#8221;postId&#8221;:&#8221;c672ee1a-57d7-4d3c-be9a-e7e46a9d191b&#8221;,&#8221;postLink&#8221;:{&#8220;title&#8221;:&#8221;Per Zirkzee non c&#8217;\u00e8 ancora l&#8217;ok dello United: su Beto&#8230;&#8221;,&#8221;url&#8221;:&#8221;https:\/\/sport.sky.it\/calciomercato\/2026\/08\/28\/zirkzee-fiorentina-beto-calciomercato-news&#8221;,&#8221;imageSrc&#8221;:&#8221;https:\/\/sport.sky.it\/assets\/images\/d05a48f1f9d1dce37b2478bc7b02518702454f28\/skysport\/it\/calcio\/calciomercato\/2026\/08\/28\/zirkzee-fiorentina-beto-calciomercato-news\/zirkzee_beto_combo.jpg?im=Resize,width=1218&#8243;}},{&#8220;timestamp&#8221;:&#8221;2026-08-29T10:51:56.989Z&#8221;,&#8221;timestampUtcIt&#8221;:&#8221;2026-08-29T12:51:56+0200&#8243;,&#8221;altBackground&#8221;:false,&#8221;title&#8221;:&#8221;L&#8217;Atalanta insiste per Rowe: i dettagli&#8221;,&#8221;content&#8221;:&#8221;<\/p>\n<p>L&#8217;esterno offensivo <strong>Jonathan Rowe continua ad essere un obiettivo di mercato dell&#8217;Atalanta<\/strong>, che nelle scorse ore \u00e8 arrivata a proporre 33 milioni pi\u00f9 2 di bonus. Il Bologna continua a chiedere di pi\u00f9 ma <strong>si sta ragionando su un possibile inserimento di Marten De Roon nei discorsi tra club<\/strong>: i rossobl\u00f9 sono infatti alla ricerca di un ulteriore innesto nel reparto.\u00a0<\/p>\n<p>&#8220;,&#8221;postId&#8221;:&#8221;233e11ac-0d9d-46e9-a7af-90169cdf0caa&#8221;,&#8221;postLink&#8221;:{&#8220;title&#8221;:&#8221;&#8221;,&#8221;url&#8221;:&#8221;&#8221;,&#8221;imageSrc&#8221;:&#8221;&#8221;}},{&#8220;timestamp&#8221;:&#8221;2026-08-29T10:30:00.575Z&#8221;,&#8221;timestampUtcIt&#8221;:&#8221;2026-08-29T12:30:00+0200&#8243;,&#8221;altBackground&#8221;:false,&#8221;title&#8221;:&#8221;Bologna, interessa Mbangula per l&#8217;attacco&#8221;,&#8221;content&#8221;:&#8221;<\/p>\n<p>Il <strong>Bologna <\/strong>pensa a Samuel <strong>Mbangula<\/strong>, i rossoblu lo hanno seguito anche nel recente passato e adesso il belga torna a essere un&#8217;idea. Dovesse arrivare a Bologna, <strong>Mbangula <\/strong>potrebbe sbloccare la cessione di <strong>Rowe all&#8217;Atalanta<\/strong>.<\/p>\n<p>\\n&#8221;,&#8221;postId&#8221;:&#8221;87c233e8-4fc3-4e18-a663-137a41e9792f&#8221;,&#8221;postLink&#8221;:{&#8220;title&#8221;:&#8221;&#8221;,&#8221;url&#8221;:&#8221;&#8221;,&#8221;imageSrc&#8221;:&#8221;&#8221;}},{&#8220;timestamp&#8221;:&#8221;2026-08-29T10:25:29.457Z&#8221;,&#8221;timestampUtcIt&#8221;:&#8221;2026-08-29T12:25:29+0200&#8243;,&#8221;video&#8221;:{&#8220;videoId&#8221;:&#8221;1120563&#8243;,&#8221;videoPageUrl&#8221;:&#8221;https:\/\/video.sky.it\/sport\/calciomercato\/serie-a\/video\/leao-milan-partenza-intervista-video-1120563&#8243;},&#8221;altBackground&#8221;:true,&#8221;title&#8221;:&#8221;Leao in partenza per la Turchia: il VIDEO e il saluto ai tifosi&#8221;,&#8221;content&#8221;:&#8221;<\/p>\n<p><strong>Rafael Leao <\/strong>\u00e8 in partenza da Milano per raggiungere la Turchia e iniziare la sua nuova avventura con il <strong>Galatasaray<\/strong>. Nel VIDEO le sue parole e il saluto ai tifosi del <strong>Milan<\/strong><\/p>\n<p>&#8220;,&#8221;postId&#8221;:&#8221;b0b5d0c6-8481-4af0-a055-2241f46c150e&#8221;,&#8221;postLink&#8221;:{&#8220;title&#8221;:&#8221;&#8221;,&#8221;url&#8221;:&#8221;&#8221;,&#8221;imageSrc&#8221;:&#8221;&#8221;}},{&#8220;timestamp&#8221;:&#8221;2026-08-29T10:14:14.445Z&#8221;,&#8221;timestampUtcIt&#8221;:&#8221;2026-08-29T12:14:14+0200&#8243;,&#8221;image&#8221;:{&#8220;imgSrc&#8221;:&#8221;https:\/\/www.europesays.com\/it\/wp-content\/uploads\/2026\/08\/WhatsApp Image 2026-08-29 at 12.02.42.jpeg&#8221;,&#8221;imgAlt&#8221;:&#8221;.&#8221;,&#8221;imgCredits&#8221;:null,&#8221;imgCaption&#8221;:null},&#8221;altBackground&#8221;:true,&#8221;title&#8221;:&#8221;Milan, Leao a Linate: \\&#8221;Grazie ai tifosi, mi sono sentito a casa\\&#8221;&#8221;,&#8221;content&#8221;:&#8221;<\/p>\n<p><strong>Dopo aver salutato il Milan, Rafa Leao lascia Milano<\/strong>: l&#8217;attaccante \u00e8 in partenza dall&#8217;aeroporto di Linate in direzione Istanbul, per iniziare la sua avventura con la maglia del Galatasaray. \\&#8221;Sono contento di iniziare una nuova avventura con il Galatasaray. Ringrazio tutti i tifosi,dal primo giorno mi hanno fatto sentire a casa: abbiamo vinto dei trofei importanti che rimarranno nella storia\\&#8221;, ha dichiarato il portoghese prima di raggiungere gli imbarchi dello scalo milanese.\u00a0<\/p>\n<p>&#8220;,&#8221;postId&#8221;:&#8221;76b58a30-6bbd-4829-bef3-6108b82d3b6e&#8221;,&#8221;postLink&#8221;:{&#8220;title&#8221;:&#8221;&#8221;,&#8221;url&#8221;:&#8221;&#8221;,&#8221;imageSrc&#8221;:&#8221;&#8221;}},{&#8220;timestamp&#8221;:&#8221;2026-08-29T09:57:17.831Z&#8221;,&#8221;timestampUtcIt&#8221;:&#8221;2026-08-29T11:57:17+0200&#8243;,&#8221;altBackground&#8221;:false,&#8221;title&#8221;:&#8221;Udinese, proseguono i contatto per Jovanovic&#8221;,&#8221;content&#8221;:&#8221;<\/p>\n<p>Non va esclusa per l&#8217;<strong>Udinese<\/strong> la pista che porta a <strong>Lazar Jovanovic<\/strong>. Proseguono infatti i contatti per l&#8217;ala serba classe 2006 di propriet\u00e0 dello <strong>Stoccarda<\/strong>.<\/p>\n<p>&#8220;,&#8221;postId&#8221;:&#8221;de5206ef-6751-476b-90c2-f9b205612a2b&#8221;,&#8221;postLink&#8221;:{&#8220;title&#8221;:&#8221;&#8221;,&#8221;url&#8221;:&#8221;&#8221;,&#8221;imageSrc&#8221;:&#8221;&#8221;}},{&#8220;timestamp&#8221;:&#8221;2026-08-29T09:45:00.631Z&#8221;,&#8221;timestampUtcIt&#8221;:&#8221;2026-08-29T11:45:00+0200&#8243;,&#8221;altBackground&#8221;:false,&#8221;title&#8221;:&#8221;Folorunsho e Ngonge al Monza&#8221;,&#8221;content&#8221;:&#8221;<\/p>\n<p>Entrambi in arrivo dal Napoli in prestito\u00a0fino al 30 giugno 2027 con diritto di riscatto a favore del club biancorosso per acquistare i due giocatori<\/p>\n<p>&#8220;,&#8221;postId&#8221;:&#8221;1cddb143-e743-45ac-9645-08855f327818&#8243;,&#8221;postLink&#8221;:{&#8220;title&#8221;:&#8221;&#8221;,&#8221;url&#8221;:&#8221;&#8221;,&#8221;imageSrc&#8221;:&#8221;&#8221;}},{&#8220;timestamp&#8221;:&#8221;2026-08-29T09:22:24.626Z&#8221;,&#8221;timestampUtcIt&#8221;:&#8221;2026-08-29T11:22:24+0200&#8243;,&#8221;altBackground&#8221;:false,&#8221;title&#8221;:&#8221;Roma, ai dettagli l&#8217;arrivo di Balerdi&#8221;,&#8221;content&#8221;:&#8221;<\/p>\n<p>Ai dettagli l&#8217;arrivo di <strong>Balerdi <\/strong>alla <strong>Roma <\/strong>dal <strong>Marsiglia<\/strong>: operazione in prestito con diritto di riscatto che diventa obbligo a determinate condizioni.<\/p>\n<p>&#8220;,&#8221;postId&#8221;:&#8221;13a93a0b-ee2c-4b0e-9378-cc977e2a1255&#8243;,&#8221;postLink&#8221;:{&#8220;title&#8221;:&#8221;&#8221;,&#8221;url&#8221;:&#8221;&#8221;,&#8221;imageSrc&#8221;:&#8221;&#8221;}},{&#8220;timestamp&#8221;:&#8221;2026-08-29T09:21:30.817Z&#8221;,&#8221;timestampUtcIt&#8221;:&#8221;2026-08-29T11:21:30+0200&#8243;,&#8221;altBackground&#8221;:false,&#8221;title&#8221;:&#8221;Fiorentina, trattativa per Gnonto&#8221;,&#8221;content&#8221;:&#8221;<\/p>\n<p>Per l&#8217;esterno la Fiorentina tratta anche Wilfried Gnonto del Leeds.\u00a0<\/p>\n<p>&#8220;,&#8221;postId&#8221;:&#8221;90d9fc0b-5e97-41da-b324-6428650c75ae&#8221;,&#8221;postLink&#8221;:{&#8220;title&#8221;:&#8221;&#8221;,&#8221;url&#8221;:&#8221;&#8221;,&#8221;imageSrc&#8221;:&#8221;&#8221;}},{&#8220;timestamp&#8221;:&#8221;2026-08-29T09:15:00.416Z&#8221;,&#8221;timestampUtcIt&#8221;:&#8221;2026-08-29T11:15:00+0200&#8243;,&#8221;image&#8221;:{&#8220;imgSrc&#8221;:&#8221;https:\/\/www.europesays.com\/it\/wp-content\/uploads\/2026\/08\/jackson_aston_villa_1.jpg&#8221;,&#8221;imgAlt&#8221;:&#8221;jackson&#8221;,&#8221;imgCredits&#8221;:null,&#8221;imgCaption&#8221;:null},&#8221;altBackground&#8221;:true,&#8221;title&#8221;:&#8221;Nicolas Jackson firma con l&#8217;Aston Villa&#8221;,&#8221;content&#8221;:&#8221;<\/p>\n<p>Operazione da <strong>55,5 milioni di euro pi\u00f9 bonus. <\/strong>Jackson ritrova Unai Emery, suo allenatore al Villarreal; le prestazioni offerte in Spagna gli sono valse il trasferimento a Stamford Bridge nel 2023.<\/p>\n<p>&#8220;,&#8221;postId&#8221;:&#8221;8e7792bf-0aae-4dd2-9653-83c8aad53cad&#8221;,&#8221;postLink&#8221;:{&#8220;title&#8221;:&#8221;&#8221;,&#8221;url&#8221;:&#8221;&#8221;,&#8221;imageSrc&#8221;:&#8221;&#8221;}},{&#8220;timestamp&#8221;:&#8221;2026-08-29T09:00:00.025Z&#8221;,&#8221;timestampUtcIt&#8221;:&#8221;2026-08-29T11:00:00+0200&#8243;,&#8221;video&#8221;:{&#8220;videoId&#8221;:&#8221;1120537&#8243;,&#8221;videoPageUrl&#8221;:&#8221;https:\/\/video.sky.it\/sport\/calciomercato\/serie-a\/video\/kessie-juventus-calciomercato-news-1120537&#8243;},&#8221;altBackground&#8221;:true,&#8221;title&#8221;:&#8221;Kessie ha detto no alla Juve: la situazione&#8221;,&#8221;content&#8221;:&#8221;<\/p>\n<p><strong>Kessie <\/strong>ha comunicato alla <strong>Juventus <\/strong>che non ci sono le condizioni per l&#8217;accordo. Nel video il punto sulla situazione e sul futuro del centrocampista.<\/p>\n<p>&#8220;,&#8221;postId&#8221;:&#8221;fb56de4a-2281-4d1c-816b-6424eef75c52&#8243;,&#8221;postLink&#8221;:{&#8220;title&#8221;:&#8221;&#8221;,&#8221;url&#8221;:&#8221;&#8221;,&#8221;imageSrc&#8221;:&#8221;&#8221;}},{&#8220;timestamp&#8221;:&#8221;2026-08-29T08:45:00.705Z&#8221;,&#8221;timestampUtcIt&#8221;:&#8221;2026-08-29T10:45:00+0200&#8243;,&#8221;altBackground&#8221;:false,&#8221;title&#8221;:&#8221;Palermo, ufficiale l&#8217;arrivo di Gabrielloni&#8221;,&#8221;content&#8221;:&#8221;<\/p>\n<p>Ufficiale l&#8217;arrivo in prestito al <strong>Palermo <\/strong>dal <strong>Como <\/strong>di Alessandro <strong>Gabrielloni<\/strong>.<\/p>\n<p>&#8220;,&#8221;postId&#8221;:&#8221;4532d77e-ecf8-4956-b799-e07de3ffd466&#8243;,&#8221;postLink&#8221;:{&#8220;title&#8221;:&#8221;&#8221;,&#8221;url&#8221;:&#8221;&#8221;,&#8221;imageSrc&#8221;:&#8221;&#8221;}},{&#8220;timestamp&#8221;:&#8221;2026-08-29T08:30:00.031Z&#8221;,&#8221;timestampUtcIt&#8221;:&#8221;2026-08-29T10:30:00+0200&#8243;,&#8221;altBackground&#8221;:false,&#8221;title&#8221;:&#8221;Milan, sondaggio per Hutchinson del Nottingham Forest&#8221;,&#8221;content&#8221;:&#8221;<\/p>\n<p>Con il s\u00ec di Rafael Leao al Galatasaray, il Milan ha subito avviato la caccia al sostituto dell&#8217;esterno portoghese. Nelle ultime ore i rossoneri hanno allacciato i primi contatti con il Nottingham Forest e con l&#8217;agente di Omari Hutchinson:<\/p>\n<p>&#8220;,&#8221;postId&#8221;:&#8221;0614da68-e5d4-4bc8-b813-1d083ea5a3b8&#8243;,&#8221;postLink&#8221;:{&#8220;title&#8221;:&#8221;Milan, per il post Leao si guarda in casa del Nottingham Forest&#8221;,&#8221;url&#8221;:&#8221;https:\/\/sport.sky.it\/calciomercato\/2026\/08\/28\/milan-hutchinson-calciomercato-news&#8221;,&#8221;imageSrc&#8221;:&#8221;https:\/\/sport.sky.it\/assets\/images\/f48be99aa0a9b230629d291222e20804b7c58a7e\/skysport\/it\/calcio\/calciomercato\/2026\/08\/28\/milan-hutchinson-calciomercato-news\/hutchinson_nottingham_ipa.jpg?im=Resize,width=1218&#8243;}},{&#8220;timestamp&#8221;:&#8221;2026-08-29T08:19:26.833Z&#8221;,&#8221;timestampUtcIt&#8221;:&#8221;2026-08-29T10:19:26+0200&#8243;,&#8221;altBackground&#8221;:false,&#8221;title&#8221;:&#8221;Niente Juventus per Franck Kessie: resta da capire il suo futuro&#8221;,&#8221;content&#8221;:&#8221;<\/p>\n<p>Nella notte Franck <strong>Kessie <\/strong>ha comunicato alla <strong>Juventus <\/strong>che non ci sono le condizioni per raggiungere un accordo: resta da capire il futuro del centrocampista.<\/p>\n<p>&#8220;,&#8221;postId&#8221;:&#8221;9b09d179-3d71-46c7-89c7-2a8d9c6dbb70&#8243;,&#8221;postLink&#8221;:{&#8220;title&#8221;:&#8221;&#8221;,&#8221;url&#8221;:&#8221;&#8221;,&#8221;imageSrc&#8221;:&#8221;&#8221;}},{&#8220;timestamp&#8221;:&#8221;2026-08-29T08:10:00.399Z&#8221;,&#8221;timestampUtcIt&#8221;:&#8221;2026-08-29T10:10:00+0200&#8243;,&#8221;altBackground&#8221;:false,&#8221;title&#8221;:&#8221;Miretti al Besiktas ma non solo&#8230;&#8221;,&#8221;content&#8221;:&#8221;<\/p>\n<p>Tutti gli ex Serie A che ora giocano nel campionato turco:<\/p>\n<p>&#8220;,&#8221;postId&#8221;:&#8221;39ef8d5d-dca7-4508-8872-1c2b2d8db16b&#8221;,&#8221;postLink&#8221;:{&#8220;title&#8221;:&#8221;La Super Lig sembra (ancora) la Serie A&#8221;,&#8221;url&#8221;:&#8221;https:\/\/sport.sky.it\/calciomercato\/giocatori-ex-serie-a-turchia&#8221;,&#8221;imageSrc&#8221;:&#8221;https:\/\/sport.sky.it\/assets\/images\/74aaa2e828091336ce766258c4701d30f4c50969\/skysport\/it\/calcio\/calciomercato\/giocatori-ex-serie-a-turchia\/combo_turchia.jpg?im=Resize,width=1218&#8243;}},{&#8220;timestamp&#8221;:&#8221;2026-08-29T08:00:00.360Z&#8221;,&#8221;timestampUtcIt&#8221;:&#8221;2026-08-29T10:00:00+0200&#8243;,&#8221;altBackground&#8221;:false,&#8221;title&#8221;:&#8221;Caso Banda, il Lecce avvia azioni legali. La ricostruzione e cos&#8217;\u00e8 successo finora&#8221;,&#8221;postId&#8221;:&#8221;6cf63e9d-8f4f-4711-b19b-5b2192e68e6b&#8221;,&#8221;postLink&#8221;:{&#8220;title&#8221;:&#8221;Caso Banda, il Lecce avvia azioni legali&#8221;,&#8221;url&#8221;:&#8221;https:\/\/sport.sky.it\/calciomercato\/lameck-banda-lecce-figc-ricostruzione&#8221;,&#8221;imageSrc&#8221;:&#8221;https:\/\/sport.sky.it\/assets\/images\/6ad1171b06567449daa2d5802756437a7a6e4d9f\/skysport\/it\/calcio\/calciomercato\/2026\/07\/30\/lecce-banda-calciomercato-news\/ansa_banda_lecce.jpg?im=Resize,width=1218&#8243;}},{&#8220;timestamp&#8221;:&#8221;2026-08-29T07:50:00.041Z&#8221;,&#8221;timestampUtcIt&#8221;:&#8221;2026-08-29T09:50:00+0200&#8243;,&#8221;altBackground&#8221;:false,&#8221;title&#8221;:&#8221;Zhegrova-Lazio, primi contatti per l&#8217;esterno della Juve&#8221;,&#8221;content&#8221;:&#8221;<\/p>\n<p>La Lazio ha iniziato a muoversi per <strong>Edon Zhegrova<\/strong>. Il club biancoceleste ha avviato i primi contatti esplorativi per capire la situazione dell&#8217;esterno kosovaro della Juventus, ma al momento <strong>non \u00e8 stata ancora presentata un&#8217;offerta ufficiale<\/strong><\/p>\n<p>&#8220;,&#8221;postId&#8221;:&#8221;494cdba7-2708-40f7-acbf-7f1ff9c48614&#8243;,&#8221;postLink&#8221;:{&#8220;title&#8221;:&#8221;Zhegrova-Lazio, primi contatti con la Juve per l&#8217;esterno&#8221;,&#8221;url&#8221;:&#8221;https:\/\/sport.sky.it\/calciomercato\/2026\/08\/28\/zhegrova-lazio-calciomercato-juve-news&#8221;,&#8221;imageSrc&#8221;:&#8221;https:\/\/sport.sky.it\/assets\/images\/18cf97dc2db0f3d17839c7d451a1c1d5197784a8\/skysport\/it\/calcio\/serie-a\/2026\/07\/17\/juventus-basilea-convocati-amichevole\/zhegrova_ipa_juve.jpg?im=Resize,width=1218&#8243;}},{&#8220;timestamp&#8221;:&#8221;2026-08-29T07:45:00.105Z&#8221;,&#8221;timestampUtcIt&#8221;:&#8221;2026-08-29T09:45:00+0200&#8243;,&#8221;altBackground&#8221;:false,&#8221;title&#8221;:&#8221;Alessandro Gabrielloni in prestito al Palermo&#8221;,&#8221;content&#8221;:&#8221;<\/p>\n<p>Il club rosanero ha annunciato l&#8217;arrivo in prestito di <strong>Alessandro Gabrielloni<\/strong> dal Como. <strong>Tutti gli acquisti ufficiali in Serie B<\/strong><\/p>\n<p>&#8220;,&#8221;postId&#8221;:&#8221;6af50980-1b20-4742-b0bd-d2dee2715f47&#8243;,&#8221;postLink&#8221;:{&#8220;title&#8221;:&#8221;Palermo, ufficiale l&#8217;arrivo di Gabrielloni&#8221;,&#8221;url&#8221;:&#8221;https:\/\/sport.sky.it\/calciomercato\/calciomercato-serie-b-estate-2026-acquisti-ufficiali&#8221;,&#8221;imageSrc&#8221;:&#8221;https:\/\/sport.sky.it\/assets\/images\/98cf8da33d42e152a612a212c882b2756d23ba66\/skysport\/it\/calcio\/calciomercato\/calciomercato-serie-b-estate-2026-acquisti-ufficiali\/gabrielloni.jpg?im=Resize,width=1218&#8243;}},{&#8220;timestamp&#8221;:&#8221;2026-08-29T07:40:00.159Z&#8221;,&#8221;timestampUtcIt&#8221;:&#8221;2026-08-29T09:40:00+0200&#8243;,&#8221;altBackground&#8221;:false,&#8221;title&#8221;:&#8221;Juventus, Licina in prestito secco alla Cremonese: operazione in chiusura&#8221;,&#8221;content&#8221;:&#8221;<\/p>\n<p>Adin Licina \u00e8 sempre pi\u00f9 vicino alla Cremonese. Il talento classe 2007 della Juventus, che ha svolto la preparazione estiva con la prima squadra di Luciano Spalletti, dovrebbe trasferirsi in Serie B con la formula del prestito secco. I bianconeri credono molto nel giocatore e non intendono perderne il controllo, nonostante l&#8217;interesse di alcuni club di Serie A per un acquisto a titolo definitivo<\/p>\n<p>&#8220;,&#8221;postId&#8221;:&#8221;50a83c9d-1295-4218-8026-34a491bfa853&#8243;,&#8221;postLink&#8221;:{&#8220;title&#8221;:&#8221;Juventus, Licina in prestito secco alla Cremonese: operazione in chiusura&#8221;,&#8221;url&#8221;:&#8221;https:\/\/sport.sky.it\/calciomercato\/2026\/08\/28\/juventus-licina-cremonese-calciomercato-news&#8221;,&#8221;imageSrc&#8221;:&#8221;https:\/\/sport.sky.it\/assets\/images\/a96bfeaedcfdbb4d1f7316b8c36ab24aa5a0e857\/skysport\/it\/calcio\/calciomercato\/2026\/08\/28\/juventus-licina-cremonese-calciomercato-news\/licina_juve_ipa.jpg?im=Resize,width=1218&#8243;}},{&#8220;timestamp&#8221;:&#8221;2026-08-29T07:30:00.488Z&#8221;,&#8221;timestampUtcIt&#8221;:&#8221;2026-08-29T09:30:00+0200&#8243;,&#8221;altBackground&#8221;:false,&#8221;title&#8221;:&#8221;La Roma su Balerdi: offerta al Marsiglia&#8221;,&#8221;content&#8221;:&#8221;<\/p>\n<p>La Roma ha mosso un passo concreto per Leonardo Balerdi, difensore argentino del Marsiglia gi\u00e0 seguito dai giallorossi in passato. La proposta prevede un<strong> prestito con diritto di riscatto, che potrebbe trasformarsi in obbligo <\/strong>al verificarsi di determinate condizioni<\/p>\n<p>&#8220;,&#8221;postId&#8221;:&#8221;95ce725d-e96e-4e5f-8834-42c0ec0d4a20&#8243;,&#8221;postLink&#8221;:{&#8220;title&#8221;:&#8221;Roma, offerta al Marsiglia per Balerdi&#8221;,&#8221;url&#8221;:&#8221;https:\/\/sport.sky.it\/calciomercato\/2026\/08\/28\/roma-balerdi-calciomercato-news&#8221;,&#8221;imageSrc&#8221;:&#8221;https:\/\/sport.sky.it\/assets\/images\/3dcf85750aea58e9604eb4ec698f69b6cbc1ed08\/skysport\/it\/calcio\/calciomercato\/2026\/08\/28\/roma-balerdi-calciomercato-news\/balerdi_ipa.jpg?im=Resize,width=1218&#8243;}},{&#8220;timestamp&#8221;:&#8221;2026-08-29T07:20:00.207Z&#8221;,&#8221;timestampUtcIt&#8221;:&#8221;2026-08-29T09:20:00+0200&#8243;,&#8221;video&#8221;:{&#8220;videoId&#8221;:&#8221;1120516&#8243;,&#8221;videoPageUrl&#8221;:&#8221;https:\/\/video.sky.it\/sport\/calciomercato\/serie-a\/video\/leao-milan-intervista-galatasaray-video-1120516&#8243;},&#8221;altBackground&#8221;:true,&#8221;title&#8221;:&#8221;Milan, Leao saluta: \\&#8221;L&#8217;amore che ho per questa squadra non finir\u00e0 mai\\&#8221;&#8221;,&#8221;postId&#8221;:&#8221;b6b6b5c4-c987-4efc-b41b-cfcccda67ff1&#8243;,&#8221;postLink&#8221;:{&#8220;title&#8221;:&#8221;&#8221;,&#8221;url&#8221;:&#8221;&#8221;,&#8221;imageSrc&#8221;:&#8221;&#8221;}},{&#8220;timestamp&#8221;:&#8221;2026-08-29T07:10:00.568Z&#8221;,&#8221;timestampUtcIt&#8221;:&#8221;2026-08-29T09:10:00+0200&#8243;,&#8221;altBackground&#8221;:false,&#8221;title&#8221;:&#8221;Leao al Galatasaray, le cifre dell&#8217;operazione&#8221;,&#8221;content&#8221;:&#8221;<\/p>\n<p>L&#8217;operazione \u00e8 da<strong> 45 milioni di euro complessivi, con 43 di parte fissa e 2 di bonus, oltre al 20% sulla futura rivendita. <\/strong>Per Leao pronto un contratto fino al 2030 da 10 milioni di euro a stagione pi\u00f9 bonus<\/p>\n<p>&#8220;,&#8221;postId&#8221;:&#8221;d2fbc39e-452a-4bf2-b6fc-5468d56618af&#8221;,&#8221;postLink&#8221;:{&#8220;title&#8221;:&#8221;Leao-Galatasaray, \u00e8 fatta per il trasferimento dal Milan: le cifre dell&#8217;operazione&#8221;,&#8221;url&#8221;:&#8221;https:\/\/sport.sky.it\/calciomercato\/2026\/08\/28\/leao-galatasaray-calciomercato-milan-news&#8221;,&#8221;imageSrc&#8221;:&#8221;https:\/\/sport.sky.it\/assets\/images\/54715a3d63db06d443a350e70e2ec23bc87c35e8\/skysport\/it\/calcio\/calciomercato\/2026\/08\/28\/leao-galatasaray-calciomercato-milan-news\/leao_getty_1.jpg?im=Resize,width=1218&#8243;}}]}&#8221; query='{&#8220;configurationName&#8221;:&#8221;LIVEBLOG_CONTAINER_WIDGET&#8221;,&#8221;liveblogId&#8221;:&#8221;9344b65a-88a7-42a6-a80e-6325e6a5f244&#8243;,&#8221;tenant&#8221;:&#8221;sport&#8221;,&#8221;limit&#8221;:800}&#8217; config='{&#8220;live&#8221;:true,&#8221;isWebView&#8221;:false,&#8221;postsPerPageMobile&#8221;:10,&#8221;postsPerPageDesktop&#8221;:10}&#8217;&gt;<br \/>\n          Calciomercato, le news di oggiLeggi di pi\u00f9 <\/p>\n<p>meno di un minuto fa<\/p>\n<p>Fiorentina su Zikzee per il dopo Kean. E Beto&#8230;<\/p>\n<p>Il profilo designato per sostituire Moise Kean \u00e8 quello di Joshua Zirkzee del Manchester United per il quale la Fiorentina propone un prestito con diritto e non obbligo: si attende una risposta dal club inglese. Intanto la viola lavora per un piano b, ovvero Beto dell\u2019Everton per cui \u00e8 stata presentata un\u2019offerta<\/p>\n<p><a href=\"https:\/\/sport.sky.it\/calciomercato\/2026\/08\/28\/zirkzee-fiorentina-beto-calciomercato-news\" title=\"Per Zirkzee non c&#039;\u00e8 ancora l&#039;ok dello United: su Beto...\" class=\"lvbg-post-link\" data-intcmp=\"skysport_liveblog_liveblog-preview_null\" data-analytics-element=\"liveblog-preview\" rel=\"nofollow noopener\" target=\"_blank\"><img alt=\"Per Zirkzee non c'\u00e8 ancora l'ok dello United: su Beto...\" style=\"opacity:0;transition:opacity 0.3s\" class=\"lvbg-post-link__image\"\/>Per Zirkzee non c&#8217;\u00e8 ancora l&#8217;ok dello United: su Beto&#8230;Vai al contenuto <\/a><\/p>\n<p>9 minuti fa<\/p>\n<p>L&#8217;Atalanta insiste per Rowe: i dettagli<\/p>\n<p>L&#8217;esterno offensivo <strong>Jonathan Rowe continua ad essere un obiettivo di mercato dell&#8217;Atalanta<\/strong>, che nelle scorse ore \u00e8 arrivata a proporre 33 milioni pi\u00f9 2 di bonus. Il Bologna continua a chiedere di pi\u00f9 ma <strong>si sta ragionando su un possibile inserimento di Marten De Roon nei discorsi tra club<\/strong>: i rossobl\u00f9 sono infatti alla ricerca di un ulteriore innesto nel reparto.\u00a0<\/p>\n<p>30 minuti fa<\/p>\n<p>Bologna, interessa Mbangula per l&#8217;attacco<\/p>\n<p>Il <strong>Bologna <\/strong>pensa a Samuel <strong>Mbangula<\/strong>, i rossoblu lo hanno seguito anche nel recente passato e adesso il belga torna a essere un&#8217;idea. Dovesse arrivare a Bologna, <strong>Mbangula <\/strong>potrebbe sbloccare la cessione di <strong>Rowe all&#8217;Atalanta<\/strong>.<\/p>\n<p>35 minuti fa<\/p>\n<p>Leao in partenza per la Turchia: il VIDEO e il saluto ai tifosi<\/p>\n<p><strong>Rafael Leao <\/strong>\u00e8 in partenza da Milano per raggiungere la Turchia e iniziare la sua nuova avventura con il <strong>Galatasaray<\/strong>. Nel VIDEO le sue parole e il saluto ai tifosi del <strong>Milan<\/strong><\/p>\n<p>46 minuti fa<\/p>\n<p>Milan, Leao a Linate: &#8220;Grazie ai tifosi, mi sono sentito a casa&#8221;<\/p>\n<p><strong>Dopo aver salutato il Milan, Rafa Leao lascia Milano<\/strong>: l&#8217;attaccante \u00e8 in partenza dall&#8217;aeroporto di Linate in direzione Istanbul, per iniziare la sua avventura con la maglia del Galatasaray. &#8220;Sono contento di iniziare una nuova avventura con il Galatasaray. Ringrazio tutti i tifosi,dal primo giorno mi hanno fatto sentire a casa: abbiamo vinto dei trofei importanti che rimarranno nella storia&#8221;, ha dichiarato il portoghese prima di raggiungere gli imbarchi dello scalo milanese.\u00a0<\/p>\n<p><img decoding=\"async\" src=\"https:\/\/www.europesays.com\/it\/wp-content\/uploads\/2026\/08\/WhatsApp Image 2026-08-29 at 12.02.42.jpeg\" alt=\".\" loading=\"lazy\"\/><\/p>\n<p>11:57<\/p>\n<p>Udinese, proseguono i contatto per Jovanovic<\/p>\n<p>Non va esclusa per l&#8217;<strong>Udinese<\/strong> la pista che porta a <strong>Lazar Jovanovic<\/strong>. Proseguono infatti i contatti per l&#8217;ala serba classe 2006 di propriet\u00e0 dello <strong>Stoccarda<\/strong>.<\/p>\n<p>11:45<\/p>\n<p>Folorunsho e Ngonge al Monza<\/p>\n<p>Entrambi in arrivo dal Napoli in prestito\u00a0fino al 30 giugno 2027 con diritto di riscatto a favore del club biancorosso per acquistare i due giocatori<\/p>\n<p>11:22<\/p>\n<p>Roma, ai dettagli l&#8217;arrivo di Balerdi<\/p>\n<p>Ai dettagli l&#8217;arrivo di <strong>Balerdi <\/strong>alla <strong>Roma <\/strong>dal <strong>Marsiglia<\/strong>: operazione in prestito con diritto di riscatto che diventa obbligo a determinate condizioni.<\/p>\n<p>11:21<\/p>\n<p>Fiorentina, trattativa per Gnonto<\/p>\n<p>Per l&#8217;esterno la Fiorentina tratta anche Wilfried Gnonto del Leeds.\u00a0<\/p>\n<p>11:15<\/p>\n<p>Nicolas Jackson firma con l&#8217;Aston Villa<\/p>\n<p>Operazione da <strong>55,5 milioni di euro pi\u00f9 bonus. <\/strong>Jackson ritrova Unai Emery, suo allenatore al Villarreal; le prestazioni offerte in Spagna gli sono valse il trasferimento a Stamford Bridge nel 2023.<\/p>\n<p><img decoding=\"async\" src=\"https:\/\/www.europesays.com\/it\/wp-content\/uploads\/2026\/08\/jackson_aston_villa_1.jpg\" alt=\"jackson\" loading=\"lazy\"\/><\/p>\n<p>11:00<\/p>\n<p>Kessie ha detto no alla Juve: la situazione<\/p>\n<p><strong>Kessie <\/strong>ha comunicato alla <strong>Juventus <\/strong>che non ci sono le condizioni per l&#8217;accordo. Nel video il punto sulla situazione e sul futuro del centrocampista.<\/p>\n<p>10:45<\/p>\n<p>Palermo, ufficiale l&#8217;arrivo di Gabrielloni<\/p>\n<p>Ufficiale l&#8217;arrivo in prestito al <strong>Palermo <\/strong>dal <strong>Como <\/strong>di Alessandro <strong>Gabrielloni<\/strong>.<\/p>\n<p>10:30<\/p>\n<p>Milan, sondaggio per Hutchinson del Nottingham Forest<\/p>\n<p>Con il s\u00ec di Rafael Leao al Galatasaray, il Milan ha subito avviato la caccia al sostituto dell&#8217;esterno portoghese. Nelle ultime ore i rossoneri hanno allacciato i primi contatti con il Nottingham Forest e con l&#8217;agente di Omari Hutchinson:<\/p>\n<p><a href=\"https:\/\/sport.sky.it\/calciomercato\/2026\/08\/28\/milan-hutchinson-calciomercato-news\" title=\"Milan, per il post Leao si guarda in casa del Nottingham Forest\" class=\"lvbg-post-link\" data-intcmp=\"skysport_liveblog_liveblog-preview_null\" data-analytics-element=\"liveblog-preview\" rel=\"nofollow noopener\" target=\"_blank\"><img alt=\"Milan, per il post Leao si guarda in casa del Nottingham Forest\" style=\"opacity:0;transition:opacity 0.3s\" class=\"lvbg-post-link__image\"\/>Milan, per il post Leao si guarda in casa del Nottingham ForestVai al contenuto <\/a><\/p>\n<p>10:19<\/p>\n<p>Niente Juventus per Franck Kessie: resta da capire il suo futuro<\/p>\n<p>Nella notte Franck <strong>Kessie <\/strong>ha comunicato alla <strong>Juventus <\/strong>che non ci sono le condizioni per raggiungere un accordo: resta da capire il futuro del centrocampista.<\/p>\n<p>10:10<\/p>\n<p>Miretti al Besiktas ma non solo&#8230;<\/p>\n<p>Tutti gli ex Serie A che ora giocano nel campionato turco:<\/p>\n<p><a href=\"https:\/\/sport.sky.it\/calciomercato\/giocatori-ex-serie-a-turchia\" title=\"La Super Lig sembra (ancora) la Serie A\" class=\"lvbg-post-link\" data-intcmp=\"skysport_liveblog_liveblog-preview_null\" data-analytics-element=\"liveblog-preview\" rel=\"nofollow noopener\" target=\"_blank\"><img alt=\"La Super Lig sembra (ancora) la Serie A\" style=\"opacity:0;transition:opacity 0.3s\" class=\"lvbg-post-link__image\"\/>La Super Lig sembra (ancora) la Serie AVai al contenuto <\/a><\/p>\n<p>10:00<\/p>\n<p>Caso Banda, il Lecce avvia azioni legali. La ricostruzione e cos&#8217;\u00e8 successo finora<a href=\"https:\/\/sport.sky.it\/calciomercato\/lameck-banda-lecce-figc-ricostruzione\" title=\"Caso Banda, il Lecce avvia azioni legali\" class=\"lvbg-post-link\" data-intcmp=\"skysport_liveblog_liveblog-preview_null\" data-analytics-element=\"liveblog-preview\" rel=\"nofollow noopener\" target=\"_blank\"><img alt=\"Caso Banda, il Lecce avvia azioni legali\" style=\"opacity:0;transition:opacity 0.3s\" class=\"lvbg-post-link__image\"\/>Caso Banda, il Lecce avvia azioni legaliVai al contenuto <\/a><\/p>\n<p>09:50<\/p>\n<p>Zhegrova-Lazio, primi contatti per l&#8217;esterno della Juve<\/p>\n<p>La Lazio ha iniziato a muoversi per <strong>Edon Zhegrova<\/strong>. Il club biancoceleste ha avviato i primi contatti esplorativi per capire la situazione dell&#8217;esterno kosovaro della Juventus, ma al momento <strong>non \u00e8 stata ancora presentata un&#8217;offerta ufficiale<\/strong><\/p>\n<p><a href=\"https:\/\/sport.sky.it\/calciomercato\/2026\/08\/28\/zhegrova-lazio-calciomercato-juve-news\" title=\"Zhegrova-Lazio, primi contatti con la Juve per l&#039;esterno\" class=\"lvbg-post-link\" data-intcmp=\"skysport_liveblog_liveblog-preview_null\" data-analytics-element=\"liveblog-preview\" rel=\"nofollow noopener\" target=\"_blank\"><img alt=\"Zhegrova-Lazio, primi contatti con la Juve per l'esterno\" style=\"opacity:0;transition:opacity 0.3s\" class=\"lvbg-post-link__image\"\/>Zhegrova-Lazio, primi contatti con la Juve per l&#8217;esternoVai al contenuto <\/a><\/p>\n<p>09:45<\/p>\n<p>Alessandro Gabrielloni in prestito al Palermo<\/p>\n<p>Il club rosanero ha annunciato l&#8217;arrivo in prestito di <strong>Alessandro Gabrielloni<\/strong> dal Como. <strong>Tutti gli acquisti ufficiali in Serie B<\/strong><\/p>\n<p><a href=\"https:\/\/sport.sky.it\/calciomercato\/calciomercato-serie-b-estate-2026-acquisti-ufficiali\" title=\"Palermo, ufficiale l&#039;arrivo di Gabrielloni\" class=\"lvbg-post-link\" data-intcmp=\"skysport_liveblog_liveblog-preview_null\" data-analytics-element=\"liveblog-preview\" rel=\"nofollow noopener\" target=\"_blank\"><img alt=\"Palermo, ufficiale l'arrivo di Gabrielloni\" style=\"opacity:0;transition:opacity 0.3s\" class=\"lvbg-post-link__image\"\/>Palermo, ufficiale l&#8217;arrivo di GabrielloniVai al contenuto <\/a><\/p>\n<p>09:40<\/p>\n<p>Juventus, Licina in prestito secco alla Cremonese: operazione in chiusura<\/p>\n<p>Adin Licina \u00e8 sempre pi\u00f9 vicino alla Cremonese. Il talento classe 2007 della Juventus, che ha svolto la preparazione estiva con la prima squadra di Luciano Spalletti, dovrebbe trasferirsi in Serie B con la formula del prestito secco. I bianconeri credono molto nel giocatore e non intendono perderne il controllo, nonostante l&#8217;interesse di alcuni club di Serie A per un acquisto a titolo definitivo<\/p>\n<p><a href=\"https:\/\/sport.sky.it\/calciomercato\/2026\/08\/28\/juventus-licina-cremonese-calciomercato-news\" title=\"Juventus, Licina in prestito secco alla Cremonese: operazione in chiusura\" class=\"lvbg-post-link\" data-intcmp=\"skysport_liveblog_liveblog-preview_null\" data-analytics-element=\"liveblog-preview\" rel=\"nofollow noopener\" target=\"_blank\"><img alt=\"Juventus, Licina in prestito secco alla Cremonese: operazione in chiusura\" style=\"opacity:0;transition:opacity 0.3s\" class=\"lvbg-post-link__image\"\/>Juventus, Licina in prestito secco alla Cremonese: operazione in chiusuraVai al contenuto <\/a><\/p>\n<p>09:30<\/p>\n<p>La Roma su Balerdi: offerta al Marsiglia<\/p>\n<p>La Roma ha mosso un passo concreto per Leonardo Balerdi, difensore argentino del Marsiglia gi\u00e0 seguito dai giallorossi in passato. La proposta prevede un<strong> prestito con diritto di riscatto, che potrebbe trasformarsi in obbligo <\/strong>al verificarsi di determinate condizioni<\/p>\n<p><a href=\"https:\/\/sport.sky.it\/calciomercato\/2026\/08\/28\/roma-balerdi-calciomercato-news\" title=\"Roma, offerta al Marsiglia per Balerdi\" class=\"lvbg-post-link\" data-intcmp=\"skysport_liveblog_liveblog-preview_null\" data-analytics-element=\"liveblog-preview\" rel=\"nofollow noopener\" target=\"_blank\"><img alt=\"Roma, offerta al Marsiglia per Balerdi\" style=\"opacity:0;transition:opacity 0.3s\" class=\"lvbg-post-link__image\"\/>Roma, offerta al Marsiglia per BalerdiVai al contenuto <\/a><\/p>\n<p>09:20<\/p>\n<p>Milan, Leao saluta: &#8220;L&#8217;amore che ho per questa squadra non finir\u00e0 mai&#8221;<\/p>\n<p>09:10<\/p>\n<p>Leao al Galatasaray, le cifre dell&#8217;operazione<\/p>\n<p>L&#8217;operazione \u00e8 da<strong> 45 milioni di euro complessivi, con 43 di parte fissa e 2 di bonus, oltre al 20% sulla futura rivendita. <\/strong>Per Leao pronto un contratto fino al 2030 da 10 milioni di euro a stagione pi\u00f9 bonus<\/p>\n<p><a href=\"https:\/\/sport.sky.it\/calciomercato\/2026\/08\/28\/leao-galatasaray-calciomercato-milan-news\" title=\"Leao-Galatasaray, \u00e8 fatta per il trasferimento dal Milan: le cifre dell&#039;operazione\" class=\"lvbg-post-link\" data-intcmp=\"skysport_liveblog_liveblog-preview_null\" data-analytics-element=\"liveblog-preview\" rel=\"nofollow noopener\" target=\"_blank\"><img alt=\"Leao-Galatasaray, \u00e8 fatta per il trasferimento dal Milan: le cifre dell'operazione\" style=\"opacity:0;transition:opacity 0.3s\" class=\"lvbg-post-link__image\"\/>Leao-Galatasaray, \u00e8 fatta per il trasferimento dal Milan: le cifre dell&#8217;operazioneVai al contenuto <\/a><\/p>\n","protected":false},"excerpt":{"rendered":"\\n Milan, Leao in partenza da Linate \\n Il portoghese: \\&#8221;L&#8217;amore che ho per questa squadra non finir\u00e0&hellip;\n","protected":false},"author":3,"featured_media":612905,"comment_status":"","ping_status":"","sticky":false,"template":"","format":"standard","meta":{"footnotes":"","_share_on_mastodon":"0"},"categories":[1452],"tags":[7724,569,586,6300,721,353,6295,39578,16323,14179,7725,6293,6294,3705,2263,1740,5281,6298,350,1537,90,89,565,558,5188,6296,553,11121,248,6301,6299,1739,245,244,1641,2817,222],"class_list":["post-654791","post","type-post","status-publish","format-standard","has-post-thumbnail","category-calcio","tag-as-roma","tag-atalanta","tag-bologna","tag-cagliari","tag-calcio","tag-calciomercato","tag-calciomercato-estero","tag-calciomercato-fiorentina","tag-calciomercato-inter","tag-calciomercato-napoli","tag-calciomercato-roma","tag-calciomercato-serie-a","tag-calciomercato-serie-b","tag-como","tag-fiorentina","tag-football","tag-frosinone","tag-genoa","tag-inter","tag-it","tag-italia","tag-italy","tag-juve","tag-juventus","tag-lazio","tag-lecce","tag-milan","tag-monza","tag-napoli","tag-parma","tag-sassuolo","tag-soccer","tag-sport","tag-sports","tag-torino","tag-udinese","tag-venezia"],"share_on_mastodon":{"url":"https:\/\/pubeurope.com\/@it\/117178463764294360","error":""},"_links":{"self":[{"href":"https:\/\/www.europesays.com\/it\/wp-json\/wp\/v2\/posts\/654791","targetHints":{"allow":["GET"]}}],"collection":[{"href":"https:\/\/www.europesays.com\/it\/wp-json\/wp\/v2\/posts"}],"about":[{"href":"https:\/\/www.europesays.com\/it\/wp-json\/wp\/v2\/types\/post"}],"author":[{"embeddable":true,"href":"https:\/\/www.europesays.com\/it\/wp-json\/wp\/v2\/users\/3"}],"replies":[{"embeddable":true,"href":"https:\/\/www.europesays.com\/it\/wp-json\/wp\/v2\/comments?post=654791"}],"version-history":[{"count":0,"href":"https:\/\/www.europesays.com\/it\/wp-json\/wp\/v2\/posts\/654791\/revisions"}],"wp:featuredmedia":[{"embeddable":true,"href":"https:\/\/www.europesays.com\/it\/wp-json\/wp\/v2\/media\/612905"}],"wp:attachment":[{"href":"https:\/\/www.europesays.com\/it\/wp-json\/wp\/v2\/media?parent=654791"}],"wp:term":[{"taxonomy":"category","embeddable":true,"href":"https:\/\/www.europesays.com\/it\/wp-json\/wp\/v2\/categories?post=654791"},{"taxonomy":"post_tag","embeddable":true,"href":"https:\/\/www.europesays.com\/it\/wp-json\/wp\/v2\/tags?post=654791"}],"curies":[{"name":"wp","href":"https:\/\/api.w.org\/{rel}","templated":true}]}}