{"id":654810,"date":"2026-08-29T11:14:15","date_gmt":"2026-08-29T11:14:15","guid":{"rendered":"https:\/\/www.europesays.com\/it\/654810\/"},"modified":"2026-08-29T11:14:15","modified_gmt":"2026-08-29T11:14:15","slug":"mio-marito-ha-avuto-un-infarto-in-volo-io-mi-sono-fratturata-la-colonna-vertebrale-la-compagnia-aerea-deve-darci-risposte","status":"publish","type":"post","link":"https:\/\/www.europesays.com\/it\/654810\/","title":{"rendered":"\u00abMio marito ha avuto un infarto in volo, io mi sono fratturata la colonna vertebrale. La compagnia aerea deve darci risposte\u00bb"},"content":{"rendered":"<p>&#13;<br \/>\n                               &#13;<br \/>\n                                                &#13;<br \/>\n                &#13;<\/p>\n<p><strong>Una <a href=\"https:\/\/www.leggo.it\/t\/turbolenza\" rel=\"nofollow noopener\" target=\"_blank\">turbolenza<\/a> estrema a oltre 10.000 metri di altezza \u00e8 costata la vita a un uomo e ha provocato la frattura della colonna vertebrale alla moglie<\/strong>. \u00c8 la terribile vicenda avvenuta a bordo di un volo della Singapore Airlines, raccontata da <strong>Linda Kitchen<\/strong>, 74 anni, cittadina britannica di Thornbury (vicino a Bristol), attualmente in causa con la compagnia aerea.<\/p>\n<p>&#13;<br \/>\n&#13;<br \/>\n<strong>La vicenda<\/strong>&#13;<br \/>\n&#13;<\/p>\n<p>Nel maggio del 2024, Linda e il marito Geoff, 73 anni, erano saliti a bordo del Boeing 777-300ER all&#8217;aeroporto di Londra Heathrow per iniziare un viaggio di sei settimane che li avrebbe portati a <strong><a href=\"https:\/\/www.leggo.it\/t\/singapore\" rel=\"nofollow noopener\" target=\"_blank\">Singapore<\/a><\/strong>, in <strong><a href=\"https:\/\/www.leggo.it\/t\/indonesia\" rel=\"nofollow noopener\" target=\"_blank\">Indonesia<\/a> <\/strong>e in <strong><a href=\"https:\/\/www.leggo.it\/t\/australia\" rel=\"nofollow noopener\" target=\"_blank\">Australia<\/a><\/strong>. A met\u00e0 rotta, il volo ha subito una violenta turbolenza.<\/p>\n<p>&#13;<br \/>\n&#13;<\/p>\n<p>Le testimonianze dei passeggeri mostrano uno scenario a dir poco spaventoso:\u00a0un\u2019improvvisa e drastica <strong>perdita di quota<\/strong> che ha scatenato il panico in cabina, facendo scendere le maschere dell&#8217;ossigeno e scaraventando oggetti, cibo e carrelli per tutta la stiva e le zone di servizio.<\/p>\n<p>&#13;<br \/>\n&#13;<br \/>\n<strong>Il dramma di Linda e Geoff<\/strong>&#13;<br \/>\n&#13;<\/p>\n<p>A causa del violento episodio, Linda ha riportato gravi fratture alla colonna vertebrale. Dopo un primo ricovero d&#8217;urgenza in terapia intensiva, \u00e8 stata trasferita nel Regno Unito per proseguire le cure. Ad abbatterla psicologicamente, per\u00f2, \u00e8 stata la tragedia del marito Geoff, <strong>stroncato da un attacco di cuore per il terrore provato durante la caduta dell&#8217;aereo<\/strong>.<\/p>\n<p>&#13;<br \/>\n&#13;<\/p>\n<p>\u00abIl calo di altitudine \u00e8 stato improvviso\u00bb, ha detto la donna. \u00abSono caduta all&#8217;indietro e di lato, sentendo un dolore lancinante che mi attraversava tutto il corpo. <\/p>\n<p>Geoff mi \u00e8 caduto addosso, schiacciandomi contro il bracciolo\u00a0e non riuscivo a spostarlo. Urlavo, finch\u00e9 due passeggeri sono riusciti a raggiungerci per aiutarlo\u00bb.&#13;<br \/>\n&#13;<\/p>\n<p>\u00abLo hanno spostato vicino all&#8217;uscita di emergenza e un medico ha iniziato subito la rianimazione cardiopolmonare\u00bb, prosegue Linda. Purtroppo per l&#8217;uomo non c&#8217;\u00e8 stato nulla da fare. La donna \u00e8 venuta a sapere del decesso del compagno solo due giorni dopo, in ospedale: \u00abSapevo che stava male, ma niente poteva prepararmi a una simile notizia. <strong>\u00c8 stato devastante<\/strong>. \u00c8 iniziato un periodo angosciante, in cui cercavo di accettare l&#8217;idea che non l&#8217;avrei mai pi\u00f9 rivisto, dovendo al contempo far fronte al dolore fisico per le mie ferite\u00bb. Geoff lascia due figli di 48 e 45 anni e quattro nipoti.<\/p>\n<p>&#13;<br \/>\n&#13;<br \/>\n<strong>La causa contro la compagnia aerea<\/strong>&#13;<br \/>\n&#13;<\/p>\n<p>Oggi Linda e la sua famiglia hanno intrapreso un&#8217;<strong>azione legale<\/strong> <strong>contro Singapore Airlines<\/strong>, presentando due ricorsi formali presso l&#8217;Alta Corte di Londra in attesa che si concluda l&#8217;inchiesta ufficiale sulle cause della morte di Geoff. La donna non \u00e8 la sola: anche diversi altri passeggeri rimasti feriti hanno avviato procedure legali.<\/p>\n<p>&#13;<br \/>\n&#13;<\/p>\n<p>\u00abL&#8217;avvio del procedimento in Alta Corte rappresenta un passaggio fondamentale per dare ai familiari di Geoff le risposte che meritano\u00bb, ha dichiarato Anthe Korelidou, avvocata specializzata in diritto aeronautico che assiste la famiglia.<\/p>\n<p>&#13;<br \/>\n&#13;<\/p>\n<p>All&#8217;epoca dei fatti, l&#8217;amministratore delegato di Singapore Airlines, Goh Choon Phong, aveva espresso le sue scuse ufficiali per \u00abla traumatica esperienza\u00bb vissuta da tutti i passeggeri a bordo.<\/p>\n<p>                                &#13;<br \/>\n                &#13;<br \/>\n&#13;<br \/>\n                Ultimo aggiornamento: sabato 29 agosto 2026, 12:26&#13;<br \/>\n                <br \/>&#13;<br \/>\n                &#13;<br \/>\n                  &#13;<br \/>\n                    &#13;<br \/>\n                        \u00a9 RIPRODUZIONE RISERVATA&#13;<\/p>\n<p>&#13;<\/p>\n<p>                    &#13;<\/p>\n","protected":false},"excerpt":{"rendered":"&#13; &#13; &#13; &#13; Una turbolenza estrema a oltre 10.000 metri di altezza \u00e8 costata la vita a&hellip;\n","protected":false},"author":3,"featured_media":654811,"comment_status":"","ping_status":"","sticky":false,"template":"","format":"standard","meta":{"footnotes":"","_share_on_mastodon":"0"},"categories":[160],"tags":[1005,14,164,165,361295,166,7,15,32513,11,167,12,168,161,162,163],"class_list":["post-654810","post","type-post","status-publish","format-standard","has-post-thumbnail","category-mondo","tag-aereo","tag-cronaca","tag-dal-mondo","tag-dalmondo","tag-linda-e-geoff-kitchen","tag-mondo","tag-news","tag-notizie","tag-turbolenza","tag-ultime-notizie","tag-ultime-notizie-di-mondo","tag-ultimenotizie","tag-ultimenotiziedimondo","tag-world","tag-world-news","tag-worldnews"],"share_on_mastodon":{"url":"https:\/\/pubeurope.com\/@it\/117178510712477389","error":""},"_links":{"self":[{"href":"https:\/\/www.europesays.com\/it\/wp-json\/wp\/v2\/posts\/654810","targetHints":{"allow":["GET"]}}],"collection":[{"href":"https:\/\/www.europesays.com\/it\/wp-json\/wp\/v2\/posts"}],"about":[{"href":"https:\/\/www.europesays.com\/it\/wp-json\/wp\/v2\/types\/post"}],"author":[{"embeddable":true,"href":"https:\/\/www.europesays.com\/it\/wp-json\/wp\/v2\/users\/3"}],"replies":[{"embeddable":true,"href":"https:\/\/www.europesays.com\/it\/wp-json\/wp\/v2\/comments?post=654810"}],"version-history":[{"count":0,"href":"https:\/\/www.europesays.com\/it\/wp-json\/wp\/v2\/posts\/654810\/revisions"}],"wp:featuredmedia":[{"embeddable":true,"href":"https:\/\/www.europesays.com\/it\/wp-json\/wp\/v2\/media\/654811"}],"wp:attachment":[{"href":"https:\/\/www.europesays.com\/it\/wp-json\/wp\/v2\/media?parent=654810"}],"wp:term":[{"taxonomy":"category","embeddable":true,"href":"https:\/\/www.europesays.com\/it\/wp-json\/wp\/v2\/categories?post=654810"},{"taxonomy":"post_tag","embeddable":true,"href":"https:\/\/www.europesays.com\/it\/wp-json\/wp\/v2\/tags?post=654810"}],"curies":[{"name":"wp","href":"https:\/\/api.w.org\/{rel}","templated":true}]}}