{"id":654845,"date":"2026-08-29T11:42:17","date_gmt":"2026-08-29T11:42:17","guid":{"rendered":"https:\/\/www.europesays.com\/it\/654845\/"},"modified":"2026-08-29T11:42:17","modified_gmt":"2026-08-29T11:42:17","slug":"senzatetto-trova-valigetta-con-4mila-euro-e-lancia-i-soldi-ai-passanti-lungo-la-strada","status":"publish","type":"post","link":"https:\/\/www.europesays.com\/it\/654845\/","title":{"rendered":"Senzatetto trova valigetta con 4mila euro e lancia i soldi ai passanti lungo la strada"},"content":{"rendered":"<p><a href=\"https:\/\/www.ilgazzettino.it\/t\/belluno\" rel=\"nofollow noopener\" target=\"_blank\">BELLUNO<\/a> &#8211; Insensibile alle temperature pi\u00f9 fredde e alla pioggia, al caldo, all\u2019afa, agli acquazzoni, alle tempeste di questa estate. Ed anche ai <a href=\"https:\/\/www.ilgazzettino.it\/t\/soldi\" rel=\"nofollow noopener\" target=\"_blank\">soldi<\/a>. Qualche settimana fa infatti, Haider, il profugo iracheno che vive ormai stabilmente a Belluno e che tutti hanno visto con una coperta addosso sia d\u2019estate sia d\u2019inverno a bordo strada lungo via Tiziano Vecellio, poche settimane fa \u00e8 stato visto camminare e con una mano tenere una valigetta aperta, con l\u2019altra spargere le banconote da 50 euro in essa contenute. Ancorch\u00e9 ai limiti dell\u2019incredibile, il fatto, riferito da alcune persone che vivono e lavorano in zona, \u00e8 stato confermato dalla Polizia.<\/p>\n<p>    &#13;<\/p>\n<p>APPROFONDIMENTI<\/p>\n<p>&#13;<\/p>\n<p>                            &#13;<br \/>\n                                            &#13;<br \/>\n                            <a href=\"https:\/\/www.ilgazzettino.it\/nordest\/treviso\/trova_portafoglio_700_euro_70enne_tradito_dalle_telecamere_lo_denuncio-9668606.html\" rel=\"nofollow noopener\" target=\"_blank\">&#13;<br \/>\n                                                                <img decoding=\"async\" src=\"https:\/\/www.europesays.com\/it\/wp-content\/uploads\/2026\/08\/9668606_23184557_OBJ68786593_18816.jpg\"\/>&#13;<br \/>\n                            <\/a>&#13;<br \/>\n                        &#13;<br \/>\n                                        &#13;<\/p>\n<p>        &#13;<\/p>\n<p> La scena <\/p>\n<p>\u00c8 il pomeriggio dello scorso mercoled\u00ec 5 agosto. In via Tiziano Vecellio, che collega Belluno con Ponte nelle Alpi, \u00e8 l\u2019ora di punta, con traffico intenso in entrambe le direzioni. A bordo strada compare Haider che, come in un film, lascia volare banconote da 50 euro. Qualcuno chiama la Polizia, che interviene e recupera complessivamente 4mila euro. Una somma che il senzatetto sembra non considerare affatto importante, tanto da disperderla lungo la strada. Le auto rallentano e molti automobilisti, increduli, pensano inizialmente che le banconote siano false. Ma ogni dubbio cade poco dopo: gli 80 biglietti da 50 euro sono autentici.<\/p>\n<p>L\u2019intervento <\/p>\n<p>La scena si \u00e8 svolta nel parcheggio dello store \u201cCaddy\u201d, che d\u00e0 appunto su via Tiziano Vecellio. Allertati gli agenti intervengono. A segnalare quanto stava accadendo \u00e8 una persona che ora chiede di non comparire e non vuole raccontare alcun particolare perch\u00e9 intende tutelare in tutti i modi Haider. La Polizia si avvicina al profugo iracheno e comincia a raccogliere i soldi. Alla fine mette insieme la cifra gi\u00e0 ricordata. Ma come sa chi ha seguito le sue vicende, il senzatetto non parla e quindi \u00e8 quasi impossibile comunicare con lui. E cos\u00ec non \u00e8 stato nemmeno possibile sapere dove abbia trovato la valigetta.<\/p>\n<p>Il mistero <\/p>\n<p>Quest\u2019ultima, presumibilmente con tutto il denaro originario, \u00e8 arrivata in Questura dove per giorni il personale ha atteso inutilmente che qualcuno ne reclamasse il contenuto. Niente nemmeno in questo caso. Nessuna denuncia di smarrimento. Insomma: oltre all\u2019affascinante e spensierata generosit\u00e0 di Haider, la storia si colora di giallo: a chi appartenevano valigetta e soldi? Come sono finiti l\u00ec? L\u00ec dove? E perch\u00e9 erano incustoditi? Perch\u00e9 nessuno ne ha denunciato lo smarrimento o il furto? Forse si tratta di \u201cdenaro sporco\u201d? Forse era meglio perdere la somma piuttosto che finire nei guai. Un romanziere, meglio ancora un giallista, avrebbe bell\u2019e pronto abbondante materiale per costruirci una storia intrigante.<\/p>\n<p>Nessuna richiesta <\/p>\n<p>La Polizia, finita l\u2019attesa che qualcuno bussasse per riavere i soldi, ha invece consegnato l\u2019intera somma al Comune. Che magari potrebbe decidere di investirla per sostenere progetti per i senzatetto. Haider \u00e8 \u201cbellunese\u201d almeno dal 2022 e deve la sua sopravvivenza ad un gruppo di persone che silenziosamente ed anonimamente continuano ad occuparsi di lui e ad aiutarlo. Entro i limiti in cui egli accetta di essere aiutato.\u00a0<\/p>\n<blockquote class=\"instagram-media\" data-instgrm-captioned=\"\" data-instgrm-permalink=\"https:\/\/www.instagram.com\/p\/DcnUwldjaSG\/?utm_source=ig_embed&amp;utm_campaign=loading\" data-instgrm-version=\"14\" style=\" background:#FFF; border:0; border-radius:3px; box-shadow:0 0 1px 0 rgba(0,0,0,0.5),0 1px 10px 0 rgba(0,0,0,0.15); margin: 1px; max-width:540px; min-width:326px; padding:0; width:99.375%; width:-webkit-calc(100% - 2px); width:calc(100% - 2px);\" wp_automatic_readability=\"-7.2089552238806\"><\/blockquote>\n<p>                         <script async src=\"\/\/www.instagram.com\/embed.js\"><\/script><\/p>\n","protected":false},"excerpt":{"rendered":"BELLUNO &#8211; Insensibile alle temperature pi\u00f9 fredde e alla pioggia, al caldo, all\u2019afa, agli acquazzoni, alle tempeste di&hellip;\n","protected":false},"author":3,"featured_media":654846,"comment_status":"","ping_status":"","sticky":false,"template":"","format":"standard","meta":{"footnotes":"","_share_on_mastodon":"0"},"categories":[79],"tags":[431,14,93,94,1537,90,89,7,15,2991,11,84,91,12,85,92],"class_list":["post-654845","post","type-post","status-publish","format-standard","has-post-thumbnail","category-italia","tag-belluno","tag-cronaca","tag-cronaca-italiana","tag-cronacaitaliana","tag-it","tag-italia","tag-italy","tag-news","tag-notizie","tag-soldi","tag-ultime-notizie","tag-ultime-notizie-e-news-di-oggi","tag-ultime-notizie-italia","tag-ultimenotizie","tag-ultimenotizieenewsdioggi","tag-ultimenotizieitalia"],"share_on_mastodon":{"url":"https:\/\/pubeurope.com\/@it\/117178620821580136","error":""},"_links":{"self":[{"href":"https:\/\/www.europesays.com\/it\/wp-json\/wp\/v2\/posts\/654845","targetHints":{"allow":["GET"]}}],"collection":[{"href":"https:\/\/www.europesays.com\/it\/wp-json\/wp\/v2\/posts"}],"about":[{"href":"https:\/\/www.europesays.com\/it\/wp-json\/wp\/v2\/types\/post"}],"author":[{"embeddable":true,"href":"https:\/\/www.europesays.com\/it\/wp-json\/wp\/v2\/users\/3"}],"replies":[{"embeddable":true,"href":"https:\/\/www.europesays.com\/it\/wp-json\/wp\/v2\/comments?post=654845"}],"version-history":[{"count":0,"href":"https:\/\/www.europesays.com\/it\/wp-json\/wp\/v2\/posts\/654845\/revisions"}],"wp:featuredmedia":[{"embeddable":true,"href":"https:\/\/www.europesays.com\/it\/wp-json\/wp\/v2\/media\/654846"}],"wp:attachment":[{"href":"https:\/\/www.europesays.com\/it\/wp-json\/wp\/v2\/media?parent=654845"}],"wp:term":[{"taxonomy":"category","embeddable":true,"href":"https:\/\/www.europesays.com\/it\/wp-json\/wp\/v2\/categories?post=654845"},{"taxonomy":"post_tag","embeddable":true,"href":"https:\/\/www.europesays.com\/it\/wp-json\/wp\/v2\/tags?post=654845"}],"curies":[{"name":"wp","href":"https:\/\/api.w.org\/{rel}","templated":true}]}}