{"id":654920,"date":"2026-08-29T12:44:20","date_gmt":"2026-08-29T12:44:20","guid":{"rendered":"https:\/\/www.europesays.com\/it\/654920\/"},"modified":"2026-08-29T12:44:20","modified_gmt":"2026-08-29T12:44:20","slug":"annunciato-dieci-giorni-fa-in-serie-b-torna-gia-a-casa-ma-e-una-conferma-importante-per-il-vbc","status":"publish","type":"post","link":"https:\/\/www.europesays.com\/it\/654920\/","title":{"rendered":"Annunciato dieci giorni fa in Serie B torna gi\u00e0 a casa, ma \u00e8 una conferma importante per il Vbc"},"content":{"rendered":"<p class=\"isSelectedEnd\">\u00c8 tempo di tornare in palestra per il <strong>VBC Mondov\u00ec<\/strong>, che da questa sera, venerd\u00ec 28 agosto, inizier\u00e0 la preparazione in vista del prossimo campionato di <strong>Serie C maschile<\/strong>.<\/p>\n<p class=\"isSelectedEnd\">La prima fase del lavoro sar\u00e0 dedicata soprattutto alla <strong>preparazione fisica<\/strong>, con l&#8217;obiettivo di costruire condizione e fondo in vista della stagione, e alla <strong>tecnica individuale<\/strong>. Successivamente l&#8217;attenzione si sposter\u00e0 progressivamente sul gioco di squadra, sugli schemi e sui meccanismi da affinare in vista dell&#8217;esordio in campionato.<\/p>\n<p class=\"isSelectedEnd\">Un percorso che comprender\u00e0 anche diversi <strong>allenamenti congiunti<\/strong> e la partecipazione alla <strong>Coppa Piemonte<\/strong>. La competizione prevede tre concentramenti, ciascuno composto da tre partite disputate sulla distanza di tre set fissi.\u00a0<\/p>\n<p>Ronco prende il posto di Gallia<\/p>\n<p class=\"isSelectedEnd\">Come noto, principale novit\u00e0 riguarda la guida tecnica. <strong>Riccardo Gallia<\/strong>, infatti, per sopraggiunti e improrogabili motivi familiari ha dovuto rinunciare all&#8217;incarico di allenatore della prima squadra.\u00a0A raccogliere il testimone sar\u00e0 <strong>Federico Ronco<\/strong>, che oltre a guidare la formazione di Serie C continuer\u00e0 a ricoprire anche il ruolo di <strong>responsabile del settore giovanile<\/strong> del VBC Mondov\u00ec.<\/p>\n<p>Filippo Camperi non parte<\/p>\n<p class=\"isSelectedEnd\">Nel frattempo \u00e8 ufficiale il <strong>rientro di Filippo Camperi<\/strong>, schiacciatore classe 2003, che vestir\u00e0 ancora la maglia del VBC Mondov\u00ec. La <strong>sua vicenda \u00e8 un intrigo di mercat<\/strong>o:<a href=\"https:\/\/www.pallavolo.it\/albisola-filippo-camperi-nuovo-schiacciatore\/\" target=\"_blank\" rel=\"noopener nofollow\"> annunciato il 17 agosto scorso dall&#8217;Albisola volley in Serie B<\/a>, \u00e8 poi tornato in prestito gi\u00e0 una decina di giorni dopo a Mondov\u00ec.<\/p>\n<p class=\"isSelectedEnd\">Si tratta di un giocatore sul quale la societ\u00e0 punta molto e che pu\u00f2 rappresentare un elemento importante negli equilibri della squadra:\u00a0\u00abDar\u00e0 il suo contributo al nostro nuovo progetto sportivo. Bentornato a Filippo\u00bb, il commento del club.\u00a0<\/p>\n<p>Il roster<\/p>\n<p class=\"isSelectedEnd\">Con la conferma di Camperi, sono attualmente <strong>12 i giocatori<\/strong> a disposizione di coach Ronco.<\/p>\n<p class=\"isSelectedEnd\"><strong>Palleggiatori:<\/strong> Marco Sangregorio, Samuele Marabotto.<br \/><strong>Opposto:<\/strong> Andrea Mastantuoni.<br \/><strong>Centrali:<\/strong> Stefano Catena, Matteo Caldano, Gioele Borsarelli, Lorenzo Leandro.<br \/><strong>Schiacciatori:<\/strong> Filippo Camperi, Samuele Bernardi, Mirko Fichera.<br \/><strong>Liberi:<\/strong> Leonardo Drocco, Filippo Gasco.<\/p>\n<p class=\"isSelectedEnd\">La rosa non \u00e8 per\u00f2 ancora completa. <strong>Restano da ufficializzare altri due giocatori<\/strong>, che andranno a completare l&#8217;organico in vista dell&#8217;inizio della nuova stagione. Tanti della &#8220;vecchia guardia&#8221; sono intanto passati ai cugini del Villanova Volley, prossimi avversari anche in campionato.\u00a0<\/p>\n<p>Il conto alla rovescia verso il campionato \u00e8 dunque iniziato: da questa sera il VBC Mondov\u00ec comincia a mettere benzina nelle gambe e a costruire la squadra che affronter\u00e0 la Serie C 2026\/2027.<\/p>\n","protected":false},"excerpt":{"rendered":"\u00c8 tempo di tornare in palestra per il VBC Mondov\u00ec, che da questa sera, venerd\u00ec 28 agosto, inizier\u00e0&hellip;\n","protected":false},"author":3,"featured_media":654921,"comment_status":"","ping_status":"","sticky":false,"template":"","format":"standard","meta":{"footnotes":"","_share_on_mastodon":"0"},"categories":[1474],"tags":[83058,359814,361347,1537,90,89,329914,3010,2059,286672,10198,245,244,23574,98532,1869],"class_list":["post-654920","post","type-post","status-publish","format-standard","has-post-thumbnail","category-volley","tag-coppa-piemonte","tag-federico-ronco","tag-filippo-camperi","tag-it","tag-italia","tag-italy","tag-marco-sangregorio","tag-mondovi","tag-piemonte","tag-riccardo-gallia","tag-serie-c","tag-sport","tag-sports","tag-vbc-mondovi","tag-villanova-volley","tag-volley"],"share_on_mastodon":{"url":"https:\/\/pubeurope.com\/@it\/117178863831107483","error":""},"_links":{"self":[{"href":"https:\/\/www.europesays.com\/it\/wp-json\/wp\/v2\/posts\/654920","targetHints":{"allow":["GET"]}}],"collection":[{"href":"https:\/\/www.europesays.com\/it\/wp-json\/wp\/v2\/posts"}],"about":[{"href":"https:\/\/www.europesays.com\/it\/wp-json\/wp\/v2\/types\/post"}],"author":[{"embeddable":true,"href":"https:\/\/www.europesays.com\/it\/wp-json\/wp\/v2\/users\/3"}],"replies":[{"embeddable":true,"href":"https:\/\/www.europesays.com\/it\/wp-json\/wp\/v2\/comments?post=654920"}],"version-history":[{"count":0,"href":"https:\/\/www.europesays.com\/it\/wp-json\/wp\/v2\/posts\/654920\/revisions"}],"wp:featuredmedia":[{"embeddable":true,"href":"https:\/\/www.europesays.com\/it\/wp-json\/wp\/v2\/media\/654921"}],"wp:attachment":[{"href":"https:\/\/www.europesays.com\/it\/wp-json\/wp\/v2\/media?parent=654920"}],"wp:term":[{"taxonomy":"category","embeddable":true,"href":"https:\/\/www.europesays.com\/it\/wp-json\/wp\/v2\/categories?post=654920"},{"taxonomy":"post_tag","embeddable":true,"href":"https:\/\/www.europesays.com\/it\/wp-json\/wp\/v2\/tags?post=654920"}],"curies":[{"name":"wp","href":"https:\/\/api.w.org\/{rel}","templated":true}]}}