{"id":654954,"date":"2026-08-29T13:05:20","date_gmt":"2026-08-29T13:05:20","guid":{"rendered":"https:\/\/www.europesays.com\/it\/654954\/"},"modified":"2026-08-29T13:05:20","modified_gmt":"2026-08-29T13:05:20","slug":"cremona-in-ginocchio-dopo-la-tromba-daria-e-la-grandine-danni-a-10mila-auto-in-10-minuti","status":"publish","type":"post","link":"https:\/\/www.europesays.com\/it\/654954\/","title":{"rendered":"Cremona in ginocchio dopo la tromba d&#8217;aria e la grandine. Danni a 10mila auto in 10 minuti"},"content":{"rendered":"<p><strong>Una tromba d&#8217;aria con grandine si \u00e8 abbattuta ieri pomeriggio su Cremona, provocando danni pesanti e ancora non quantificabili. Tetti scoperchiati, almeno dieci chiese ferite compreso il Duomo, migliaia di alberi caduti e circa diecimila auto danneggiate. Otto famiglie sono state evacuate, i feriti sono una quarantina, nessuno grave. Il sindaco Andrea Virgilio: &#8220;Siamo al lavoro, ci vorr\u00e0 tempo&#8221;<\/strong><\/p>\n<p>Una tromba d&#8217;aria accompagnata da grandine si \u00e8 abbattuta ieri pomeriggio su Cremona, lasciando dietro di s\u00e9 una citt\u00e0 ferita. In appena dieci minuti la furia del maltempo ha scoperchiato tetti, danneggiato almeno dieci chiese (a partire dal Duomo) abbattuto migliaia di alberi e <strong>colpito circa diecimila automobili<\/strong>. Otto famiglie sono state evacuate dalle loro abitazioni, mentre una quarantina di persone ha avuto bisogno di cure mediche. Nessuna \u00e8 in gravi condizioni.<\/p>\n<p>\t        <img decoding=\"async\" src=\"https:\/\/www.europesays.com\/it\/wp-content\/uploads\/2026\/08\/MixCollage-29-Aug-2026-12-03-PM-5523.jpg\" class=\"c-inline-image__img j-lazyload\" itemprop=\"contentUrl\" loading=\"lazy\" data-cmp-hook-image=\"image\" alt=\"\"\/><\/p>\n<p>\t\t\t<strong>Danneggiata la Torre Civica<\/strong><\/p>\n<p>Oggi su Cremona splende il sole, ma il bilancio resta pesante e ancora impossibile da quantificare con precisione. I numeri parziali parlano di centinaia di tetti danneggiati, lesioni alla torre civica del Comune (uno dei simboli cittadini) e migliaia di veicoli distrutti dalla grandine. Le operazioni di pulizia delle strade e di messa in sicurezza degli edifici sono ancora in corso. Difficile, al momento, stimare anche i danni all&#8217;agricoltura e al lavoro perso nei campi. Un quadro pi\u00f9 definito potrebbe emergere dalla riunione del Centro operativo comunale della Protezione Civile, convocata per fare il punto e individuare gli interventi pi\u00f9 urgenti.<\/p>\n<p>\t\t\t<strong>Edifici e parchi chiusi<\/strong><\/p>\n<p>Il Comune ha disposto una serie di chiusure precauzionali. Restano off-limits fino a nuovo avviso Palazzo Comunale e Palazzo Ala Ponzone, mentre sono in arrivo ordinanze per la chiusura di parchi, giardini scolastici e cimitero. Chiusi anche i musei cittadini. Resta invece agibile il Comando della Polizia Locale. Alla Torre Civica \u00e8 in corso un sopralluogo dei vigili del fuoco: la struttura, uno dei simboli di Cremona, \u00e8 tra le situazioni che pi\u00f9 preoccupano e va messa in sicurezza al pi\u00f9 presto.<\/p>\n<p>\t\t \t<strong>Il sindaco: &#8220;Vedere la citt\u00e0 cos\u00ec lascia sgomenti&#8221;<\/strong><\/p>\n<p>A commentare l&#8217;accaduto \u00e8 stato il sindaco Andrea Virgilio, che si \u00e8 affidato ai social. &#8220;I danni sono pesanti e al momento non ancora quantificabili e ci sono diverse famiglie che hanno dovuto lasciare la loro abitazione&#8221;, ha scritto il primo cittadino. &#8220;Vedere la citt\u00e0 in queste condizioni lascia sgomenti. Noi siamo al lavoro, ci vorr\u00e0 tempo, servir\u00e0 pazienza, ma non ci fermiamo&#8221;. Il sindaco ha rivolto un ringraziamento al personale sanitario, ai tecnici del Comune e di Aem, alla Polizia locale, ai vigili del fuoco, alle forze dell&#8217;ordine, ai volontari della Protezione civile e ai cittadini scesi in strada per dare una mano.<\/p>\n<p>\t\t\t<a class=\"c-inline-card j-inline-card c-inline-card--with-image\" href=\"https:\/\/tg24.sky.it\/cronaca\/2026\/08\/29\/meteo-caldo-italia-maltempo\" rel=\"follow nofollow noopener\" data-intcmp=\"skytg24_articolo_approfondimenti_inline\" target=\"_blank\"><\/p>\n<p>\t\t\t         <img decoding=\"async\" crossorigin=\"anonymous\" alt=\"\"  loading=\"lazy\"  src=\"https:\/\/www.europesays.com\/it\/wp-content\/uploads\/2026\/08\/1788008720_175_turismo_turisti_estate_caldo_ansa.jpg\"\/><\/p>\n<p>\n\t\t\t         Leggi anche<br \/>\n\t\t\t         Meteo, tregua dal caldo africano al Nord: ancora 38 gradi al Sud\n\t\t\t      <\/p>\n<p>\t\t\t<\/a><\/p>\n<p>\t\t\t<strong>Le chiese e il Duomo<\/strong><\/p>\n<p>Tra gli edifici pi\u00f9 colpiti ci sono i luoghi di culto: almeno dieci le chiese lesionate dalla tromba d&#8217;aria, a partire dalla cattedrale, simbolo della citt\u00e0. Danni si registrano anche alla torre civica del Comune, uno dei monumenti pi\u00f9 identitari di Cremona. La verifica completa della stabilit\u00e0 degli edifici storici richieder\u00e0 ancora tempo.<\/p>\n<p>\t\t\t<strong>Alberi abbattuti e strade da liberare<\/strong><\/p>\n<p>Il vento ha lasciato a terra migliaia di alberi in citt\u00e0 e sul territorio. La caduta di rami e tronchi ha reso necessario un intervento capillare per liberare le strade e mettere in sicurezza le aree colpite: operazioni ancora in corso, con vigili del fuoco, tecnici comunali e volontari della Protezione civile impegnati a ripristinare la viabilit\u00e0. Difficile, al momento, quantificare anche i danni al verde pubblico e alle alberature storiche.<\/p>\n<p>\t\t\t<strong>Decine i feriti per le cadute<\/strong><\/p>\n<p>Al Pronto Soccorso dell&#8217;ospedale di Cremona la situazione \u00e8 ora tornata alla normalit\u00e0. Nelle ore dell&#8217;emergenza sono state assistite 43 persone, con turni di medici e infermieri potenziati per gestire l&#8217;ondata di arrivi quasi simultanei. &#8220;La maggior parte \u00e8 stata dimessa, una rimane in osservazione, mentre quattro pazienti traumatizzati necessitano di ricovero&#8221;, ha spiegato Francesca Co&#8217;, direttrice del Pronto Soccorso. Non si sono registrati codici rossi. A prevalere, come ha precisato Enrico Storti, direttore del Dipartimento Emergenza Urgenza dell&#8217;Asst, sono stati i traumi provocati da cadute o dai tentativi di ripararsi dalla grandine, soprattutto a testa e mani, con quattro fratture di femore.\u00a0Sul fronte degli sfollati, il quadro si precisa: una palazzina vicino alla stazione \u00e8 stata pesantemente danneggiata dal nubifragio. Due famiglie sono state sistemate in albergo dal Comune, mentre le altre hanno trovato sistemazioni alternative.<\/p>\n<p>\t\t\t<strong>Il lavoro dei soccorsi<\/strong><\/p>\n<p>La macchina dell&#8217;emergenza ha risposto con rapidit\u00e0. &#8220;Ci siamo trovati a gestire quasi contemporaneamente l&#8217;arrivo di oltre quaranta persone e il sistema dell&#8217;emergenza-urgenza ha risposto con tempestivit\u00e0&#8221;, ha sottolineato Ezio Belleri, direttore generale dell&#8217;Asst di Cremona, ringraziando gli operatori intervenuti. Sul territorio i vigili del fuoco sono stati impegnati in un centinaio di interventi, affiancati dai volontari della Protezione civile. La stabilit\u00e0 di diversi edifici colpiti dovr\u00e0 ancora essere verificata nei prossimi giorni.<\/p>\n<p>\t\t\t<strong>Il punto del Comune: &#8220;Servono giorni&#8221;<\/strong><\/p>\n<p>La macchina degli interventi \u00e8 pienamente attiva, ma i tempi si annunciano lunghi. &#8220;La situazione in citt\u00e0 \u00e8 ancora critica&#8221;, ha spiegato l&#8217;assessora alla Protezione Civile Simona Pasquali, sottolineando che serviranno diversi giorni per completare gli interventi. Luned\u00ec 31 agosto sar\u00e0 attivata una task force di tecnici. Il Centro operativo comunale, riunitosi in mattinata dalle 9 alle 11, torner\u00e0 a coordinarsi luned\u00ec pomeriggio. Aprica ha avviato le pulizie con squadre aggiuntive nel fine settimana, mentre Aem ha sospeso l&#8217;attivit\u00e0 ordinaria per concentrarsi sull&#8217;emergenza. Alcune strade restano bloccate: per questo l&#8217;ente chiede prudenza e pazienza ai cittadini.<\/p>\n<p>\t            TAG:<\/p>\n","protected":false},"excerpt":{"rendered":"Una tromba d&#8217;aria con grandine si \u00e8 abbattuta ieri pomeriggio su Cremona, provocando danni pesanti e ancora non&hellip;\n","protected":false},"author":3,"featured_media":654955,"comment_status":"","ping_status":"","sticky":false,"template":"","format":"standard","meta":{"footnotes":"","_share_on_mastodon":"0"},"categories":[6],"tags":[5665,14,6491,8,1537,90,89,437,7,15,82,9,83,10,13,11,80,84,12,81,85],"class_list":["post-654954","post","type-post","status-publish","format-standard","has-post-thumbnail","category-ultime-notizie","tag-cremona","tag-cronaca","tag-grandine","tag-headlines","tag-it","tag-italia","tag-italy","tag-maltempo","tag-news","tag-notizie","tag-notizie-di-cronaca","tag-notizie-principali","tag-notiziedicronaca","tag-notizieprincipali","tag-titoli","tag-ultime-notizie","tag-ultime-notizie-di-cronaca","tag-ultime-notizie-e-news-di-oggi","tag-ultimenotizie","tag-ultimenotiziedicronaca","tag-ultimenotizieenewsdioggi"],"share_on_mastodon":{"url":"https:\/\/pubeurope.com\/@it\/117178947337915216","error":""},"_links":{"self":[{"href":"https:\/\/www.europesays.com\/it\/wp-json\/wp\/v2\/posts\/654954","targetHints":{"allow":["GET"]}}],"collection":[{"href":"https:\/\/www.europesays.com\/it\/wp-json\/wp\/v2\/posts"}],"about":[{"href":"https:\/\/www.europesays.com\/it\/wp-json\/wp\/v2\/types\/post"}],"author":[{"embeddable":true,"href":"https:\/\/www.europesays.com\/it\/wp-json\/wp\/v2\/users\/3"}],"replies":[{"embeddable":true,"href":"https:\/\/www.europesays.com\/it\/wp-json\/wp\/v2\/comments?post=654954"}],"version-history":[{"count":0,"href":"https:\/\/www.europesays.com\/it\/wp-json\/wp\/v2\/posts\/654954\/revisions"}],"wp:featuredmedia":[{"embeddable":true,"href":"https:\/\/www.europesays.com\/it\/wp-json\/wp\/v2\/media\/654955"}],"wp:attachment":[{"href":"https:\/\/www.europesays.com\/it\/wp-json\/wp\/v2\/media?parent=654954"}],"wp:term":[{"taxonomy":"category","embeddable":true,"href":"https:\/\/www.europesays.com\/it\/wp-json\/wp\/v2\/categories?post=654954"},{"taxonomy":"post_tag","embeddable":true,"href":"https:\/\/www.europesays.com\/it\/wp-json\/wp\/v2\/tags?post=654954"}],"curies":[{"name":"wp","href":"https:\/\/api.w.org\/{rel}","templated":true}]}}