{"id":654980,"date":"2026-08-29T13:27:19","date_gmt":"2026-08-29T13:27:19","guid":{"rendered":"https:\/\/www.europesays.com\/it\/654980\/"},"modified":"2026-08-29T13:27:19","modified_gmt":"2026-08-29T13:27:19","slug":"garlasco-la-polemica-dellavvocata-di-stefania-cappa-querela-dalla-procura-alla-tv-il-tempo","status":"publish","type":"post","link":"https:\/\/www.europesays.com\/it\/654980\/","title":{"rendered":"Garlasco, la polemica dell&#8217;avvocata di Stefania Cappa: \u201cQuerela dalla Procura alla tv\u201d \u2013 Il Tempo"},"content":{"rendered":"<p>            <img decoding=\"async\" src=\"https:\/\/www.europesays.com\/it\/wp-content\/uploads\/2026\/08\/104544310-e499c723-be0d-4dec-a497-8dd62b6e6cc9.jpg\" class=\"lazy\" alt=\"\"\/><\/p>\n<p>        Foto: Mediaset<\/p>\n<p>&#13;<\/p>\n<p>\t\t\t\t\t\t\t<a href=\"\" class=\"author\">Luca De Lellis<\/a><\/p>\n<p>\t\t\t\t\t\t\t29 agosto 2026<\/p>\n<p>Una denuncia depositata in Procura a Milano, mai stampata, custodita solo in formato elettronico e coperta dal segreto istruttorio. Eppure il suo contenuto \u00e8 arrivato in televisione. \u00c8 questo il punto centrale sollevato dall&#8217;avvocata Valeria Francesca Mettica, legale di Stefania Cappa, intervenuta nella puntata di Quarto Grado condotta da Gianluigi Nuzzi e andata in onda ieri sera. Stefania Cappa \u00e8 cugina di Chiara Poggi, la giovane uccisa a Garlasco (Pavia) nel 2007 in un delitto per cui Alberto Stasi \u00e8 stato condannato in via definitiva. N\u00e9 Stefania Cappa n\u00e9 sua sorella Paola n\u00e9 la madre sono mai state iscritte nel registro degli indagati.<\/p>\n<p>\u00a0<\/p>\n<p>\t\t\t\t\t\t\t\t<a href=\"https:\/\/www.iltempo.it\/attualita\/2026\/08\/25\/news\/garlasco-milo-infante-verita-nascoste-zona-bianca-esposto-stefania-cappa-avvocato-de-rensis-48945129\/\" rel=\"nofollow noopener\" target=\"_blank\"><\/p>\n<p>\t\t\t\t\t\t\t\t\t\t<img decoding=\"async\" src=\"https:\/\/img.iltempo.it\/images\/2026\/08\/25\/072044291-6a6ecf14-288f-421e-be7b-932b2a9b047a.jpg\" class=\"lazy\" alt=\"Ecco le accuse nell'esposto di Stefania Cappa. La replica di De Rensis\" bad-src=\"https:\/\/www.europesays.com\/it\/wp-content\/uploads\/2025\/07\/placeholder_iltempo.png\"\/><\/p>\n<p>\t\t\t\t\t\t\t\t<\/a><\/p>\n<p>\u00a0<\/p>\n<p>Lo scorso aprile Stefania Cappa ha presentato una querela &#8211; assistita dal collegio di avvocati costituito da Mettica, Antonio Marino e Gabriele Casartelli &#8211; nei confronti, tra gli altri, dell&#8217;avvocato Antonio De Rensis (legale di Stasi) e dell&#8217;inviato de Le Iene Alessandro Di Giuseppe, accusandoli di aver alimentato una campagna diffamatoria a suo danno. In collegamento, Mettica ha spiegato che l&#8217;atto \u00e8 stato depositato il 22 aprile ed \u00e8 sotto indagine da soli quattro mesi, di cui due coincidenti con la pausa estiva: tempo, ha sottolineato, insufficiente perch\u00e9 il pubblico ministero titolare del fascicolo potesse anche solo firmare la delega d&#8217;indagine. &#8220;Non ha fatto in tempo nemmeno a stamparla&#8221;, ha detto l&#8217;avvocata: la querela, ha precisato, &#8220;\u00e8 solo elettronica, \u00e8 solo nel sistema&#8221; della Procura. Un dettaglio che, secondo la legale, rende ancora pi\u00f9 delicata la circostanza che il suo contenuto sia stato reso pubblico in tv, con il rischio &#8211; a suo avviso &#8211; di compromettere l&#8217;acquisizione di prove ancora da svolgere. Mettica ha precisato che l&#8217;atto non \u00e8 un semplice &#8220;esposto&#8221;, come talvolta definito in trasmissione, ma una querela vera e propria, contenente richieste istruttorie specifiche: sequestri, misure cautelari, ricerca di mail e chat con parole chiave individuate dagli investigatori privati incaricati dalla famiglia Cappa.<\/p>\n<p>\u00a0<\/p>\n<p>\t\t\t\t\t\t\t\t<a href=\"https:\/\/www.iltempo.it\/attualita\/2026\/08\/28\/news\/garlasco-ore-11-milo-infante-indagini-sempio-nuzzi-revisione-alberto-stasi-48980264\/\" rel=\"nofollow noopener\" target=\"_blank\"><\/p>\n<p>\t\t\t\t\t\t\t\t\t\t<img decoding=\"async\" src=\"https:\/\/img.iltempo.it\/images\/2026\/08\/28\/163848752-b7a02306-3f12-4e4f-8999-0bd6c066b26e.jpg\" class=\"lazy\" alt=\"Garlasco, le indagini su Sempio e i dubbi sulla revisione di Stasi\" bad-src=\"https:\/\/www.europesays.com\/it\/wp-content\/uploads\/2025\/07\/placeholder_iltempo.png\"\/><\/p>\n<p>\t\t\t\t\t\t\t\t<\/a><\/p>\n<p>\u00a0<\/p>\n<p>\u00c8 stato lo stesso Nuzzi, in apertura di puntata, a introdurre il caso ricordando come la vicenda si muova su due piani paralleli: quello &#8220;fuori&#8221;, fatto di denunce e schieramenti tra sostenitori e detrattori dei protagonisti giudiziari, e quello &#8220;dentro&#8221;, quello della villetta di via Pascoli a Garlasco dove la famiglia Poggi continua a vivere. Alla domanda su dove finisca il diritto di cronaca giornalistica e dove inizi quello di tutela di Stefania Cappa, la giornalista Selvaggia Pugliese ha osservato che l&#8217;esposto riguarda una querela ancora sub judice, coperta dal segreto istruttorio, e che la sua diffusione pubblica potrebbe di per s\u00e9 costituire un pregiudizio sull&#8217;acquisizione delle prove. Mettica ha inoltre ribadito che i testimoni citati nella vicenda erano gi\u00e0 stati giudicati inattendibili sia dagli inquirenti nel 2007 sia dai carabinieri della Moscova in tempi pi\u00f9 recenti. Un punto, quello della querela &#8220;solo elettronica&#8221;, destinato a restare al centro del dibattito: se confermato, solleva infatti l&#8217;interrogativo su come il suo contenuto sia potuto uscire da un fascicolo ancora coperto da segreto istruttorio.<\/p>\n","protected":false},"excerpt":{"rendered":"Foto: Mediaset &#13; Luca De Lellis 29 agosto 2026 Una denuncia depositata in Procura a Milano, mai stampata,&hellip;\n","protected":false},"author":3,"featured_media":654981,"comment_status":"","ping_status":"","sticky":false,"template":"","format":"standard","meta":{"footnotes":"","_share_on_mastodon":"0"},"categories":[174],"tags":[203,6057,204,1537,90,89,11369,178376],"class_list":["post-654980","post","type-post","status-publish","format-standard","has-post-thumbnail","category-intrattenimento","tag-entertainment","tag-garlasco","tag-intrattenimento","tag-it","tag-italia","tag-italy","tag-quarto-grado","tag-stefania-cappa"],"share_on_mastodon":{"url":"https:\/\/pubeurope.com\/@it\/117179033988838950","error":""},"_links":{"self":[{"href":"https:\/\/www.europesays.com\/it\/wp-json\/wp\/v2\/posts\/654980","targetHints":{"allow":["GET"]}}],"collection":[{"href":"https:\/\/www.europesays.com\/it\/wp-json\/wp\/v2\/posts"}],"about":[{"href":"https:\/\/www.europesays.com\/it\/wp-json\/wp\/v2\/types\/post"}],"author":[{"embeddable":true,"href":"https:\/\/www.europesays.com\/it\/wp-json\/wp\/v2\/users\/3"}],"replies":[{"embeddable":true,"href":"https:\/\/www.europesays.com\/it\/wp-json\/wp\/v2\/comments?post=654980"}],"version-history":[{"count":0,"href":"https:\/\/www.europesays.com\/it\/wp-json\/wp\/v2\/posts\/654980\/revisions"}],"wp:featuredmedia":[{"embeddable":true,"href":"https:\/\/www.europesays.com\/it\/wp-json\/wp\/v2\/media\/654981"}],"wp:attachment":[{"href":"https:\/\/www.europesays.com\/it\/wp-json\/wp\/v2\/media?parent=654980"}],"wp:term":[{"taxonomy":"category","embeddable":true,"href":"https:\/\/www.europesays.com\/it\/wp-json\/wp\/v2\/categories?post=654980"},{"taxonomy":"post_tag","embeddable":true,"href":"https:\/\/www.europesays.com\/it\/wp-json\/wp\/v2\/tags?post=654980"}],"curies":[{"name":"wp","href":"https:\/\/api.w.org\/{rel}","templated":true}]}}