{"id":655036,"date":"2026-08-29T14:17:17","date_gmt":"2026-08-29T14:17:17","guid":{"rendered":"https:\/\/www.europesays.com\/it\/655036\/"},"modified":"2026-08-29T14:17:17","modified_gmt":"2026-08-29T14:17:17","slug":"far-away-anticipazioni-31-agosto-4-settembre-sadakat-caccia-alya-lei-da-fuoco-al-portone-della-villa","status":"publish","type":"post","link":"https:\/\/www.europesays.com\/it\/655036\/","title":{"rendered":"Far Away, anticipazioni 31 agosto-4 settembre: Sadakat caccia Alya, lei d\u00e0 fuoco al portone della villa"},"content":{"rendered":"<p><strong>Alya viene cacciata dalla villa e rischia di essere separata da Deniz<\/strong>. Nelle puntate di <strong><a href=\"https:\/\/www.ilmessaggero.it\/t\/far-away\" rel=\"nofollow noopener\" target=\"_blank\">Far Away<\/a><\/strong> in onda nella settimana da <strong>luned\u00ec 31 agosto a venerd\u00ec 4 settembre<\/strong>, il misterioso passato di Fikriye porter\u00e0 la famiglia Albora a un nuovo punto di rottura. Sadakat scoprir\u00e0 infatti che la donna conosceva Halis e accuser\u00e0 Alya di essere addirittura complice nella morte di Boran.<\/p>\n<p>La reazione sar\u00e0 durissima: <strong>Sadakat caccer\u00e0 Alya dalla villa<\/strong>. Disperata all&#8217;idea di non poter raggiungere suo figlio, la donna prender\u00e0 una tanica di benzina e <strong>dar\u00e0 fuoco al portone pur di riuscire a rientrare e riabbracciare Deniz<\/strong>. Intanto anche Cihan sar\u00e0 disposto a tutto pur di scoprire che cosa sia realmente accaduto a Boran. Dopo aver ricostruito il legame tra Fikriye e Halis, escogiter\u00e0 infatti un piano estremo: <strong>farsi arrestare volontariamente per entrare in carcere e affrontare Halis ed Ecmel<\/strong>. Arriveranno inoltre due importanti svolte sentimentali: Zerrin scoprir\u00e0 di essere incinta, mentre Nare verr\u00e0 a sapere che a salvarle la vita con il trapianto \u00e8 stato proprio Ozkan.<\/p>\n<p><strong>Far Away<\/strong> va in onda dal luned\u00ec al venerd\u00ec alle <strong>14.45 su Canale 5<\/strong> ed \u00e8 disponibile anche in streaming e on demand su Mediaset Infinity.<\/p>\n","protected":false},"excerpt":{"rendered":"Alya viene cacciata dalla villa e rischia di essere separata da Deniz. Nelle puntate di Far Away in&hellip;\n","protected":false},"author":3,"featured_media":655037,"comment_status":"","ping_status":"","sticky":false,"template":"","format":"standard","meta":{"footnotes":"","_share_on_mastodon":"0"},"categories":[1444],"tags":[1518,294787,287865,179238,89886,685,203,287866,291821,352552,204,1537,90,89,9060,253],"class_list":["post-655036","post","type-post","status-publish","format-standard","has-post-thumbnail","category-tv","tag-anticipazioni","tag-anticipazioni-domani","tag-anticipazioni-far-away","tag-anticipazioni-oggi","tag-anticipazioni-tv","tag-canale-5","tag-entertainment","tag-far-away","tag-far-away-anticipazioni","tag-faraway","tag-intrattenimento","tag-it","tag-italia","tag-italy","tag-mediaset","tag-tv"],"share_on_mastodon":{"url":"https:\/\/pubeurope.com\/@it\/117179229868971150","error":""},"_links":{"self":[{"href":"https:\/\/www.europesays.com\/it\/wp-json\/wp\/v2\/posts\/655036","targetHints":{"allow":["GET"]}}],"collection":[{"href":"https:\/\/www.europesays.com\/it\/wp-json\/wp\/v2\/posts"}],"about":[{"href":"https:\/\/www.europesays.com\/it\/wp-json\/wp\/v2\/types\/post"}],"author":[{"embeddable":true,"href":"https:\/\/www.europesays.com\/it\/wp-json\/wp\/v2\/users\/3"}],"replies":[{"embeddable":true,"href":"https:\/\/www.europesays.com\/it\/wp-json\/wp\/v2\/comments?post=655036"}],"version-history":[{"count":0,"href":"https:\/\/www.europesays.com\/it\/wp-json\/wp\/v2\/posts\/655036\/revisions"}],"wp:featuredmedia":[{"embeddable":true,"href":"https:\/\/www.europesays.com\/it\/wp-json\/wp\/v2\/media\/655037"}],"wp:attachment":[{"href":"https:\/\/www.europesays.com\/it\/wp-json\/wp\/v2\/media?parent=655036"}],"wp:term":[{"taxonomy":"category","embeddable":true,"href":"https:\/\/www.europesays.com\/it\/wp-json\/wp\/v2\/categories?post=655036"},{"taxonomy":"post_tag","embeddable":true,"href":"https:\/\/www.europesays.com\/it\/wp-json\/wp\/v2\/tags?post=655036"}],"curies":[{"name":"wp","href":"https:\/\/api.w.org\/{rel}","templated":true}]}}