{"id":655112,"date":"2026-08-29T15:30:16","date_gmt":"2026-08-29T15:30:16","guid":{"rendered":"https:\/\/www.europesays.com\/it\/655112\/"},"modified":"2026-08-29T15:30:16","modified_gmt":"2026-08-29T15:30:16","slug":"otztaler-radmarathon-sei-ciclisti-pescaresi-alla-partenza-della-gara-piu-dura-delle-alpi","status":"publish","type":"post","link":"https:\/\/www.europesays.com\/it\/655112\/","title":{"rendered":"\u00d6tztaler Radmarathon: sei ciclisti pescaresi alla partenza della gara pi\u00f9 dura delle Alpi"},"content":{"rendered":"<p>Domenica 30 agosto 2026, a S\u00f6lden nel Tirolo austriaco, prende il via la 45a edizione della \u00d6tztaler Radmarathon, la granfondo considerata la prova ciclistica pi\u00f9 dura delle Alpi. Tra i circa 4.000 partecipanti provenienti da 40 nazioni e cinque continenti figurano anche 6 ciclisti pescaresi.<\/p>\n<p>Un percorso estremo tra quattro passi alpini<\/p>\n<p>Il tracciato misura 227 chilometri con 5.500 metri di dislivello complessivo e attraversa quattro passi alpini: il K\u00fchtai (2.020 m), il Brennero (1.377 m), il Passo Giovo (2.090 m) e il Passo Rombo (2.474 m). La partenza \u00e8 fissata a S\u00f6lden alle 6:30. Il percorso scende verso Oetz, risale al K\u00fchtai, prosegue fino a Innsbruck e poi al Brennero, scende a Vipiteno, affronta il Passo Giovo, discende a San Leonardo in Val Passiria e si conclude con la salita finale al Passo Rombo, prima del traguardo di ritorno a S\u00f6lden.<\/p>\n<p>Quest&#8217;anno sono pervenute circa 22.000 richieste di iscrizione da tutto il mondo. La nazione pi\u00f9 rappresentata \u00e8 la Germania con 2.719 concorrenti, seguita dall&#8217;Austria (1.173), dall&#8217;Italia (536), dai Paesi Bassi (95) e dalla Svizzera (91). La lista completa dei partecipanti \u00e8 consultabile su datasport.com.<\/p>\n<p>45 anni di storia<\/p>\n<p>La manifestazione fu ideata da Heli Meier, che la defin\u00ec inizialmente una &#8220;giornata di cicloturismo&#8221;, pur consapevole della durezza del percorso. All&#8217;inizio non era previsto alcun cronometraggio. Nel corso dei 45 anni di storia sono cambiati organizzatori, localit\u00e0 e persino il senso di marcia, ma l&#8217;evento \u00e8 diventato la classica ciclistica amatoriale di riferimento nel panorama alpino.<\/p>\n<p>&#8220;Tagliare il traguardo \u00e8 un grande momento per tutti e gli applausi della folla sono davvero meritati. Dietro un&#8217;impresa del genere c&#8217;\u00e8 la passione, che \u00e8 impressionante e anche contagiosa. L&#8217;evidente e onnipresente entusiasmo per il ciclismo \u00e8 sempre la migliore ricompensa per i nostri mesi di preparazione con l&#8217;aiuto di centinaia di volontari&#8221;, sottolinea Dominic Kuen, direttore del comitato organizzatore della \u00d6tztaler Radmarathon.<\/p>\n<p>Crescita della partecipazione femminile<\/p>\n<p>Un dato in evidenza riguarda le donne: quest&#8217;anno la quota di partecipanti femminili ha raggiunto il 10,44%, segnando un aumento dell&#8217;87% rispetto al 2016. Il team organizzativo ha dichiarato di voler dare ulteriore impulso a questa tendenza, considerando l&#8217;incremento della partecipazione femminile una priorit\u00e0.<\/p>\n<p>Dove seguire la gara<\/p>\n<p>L&#8217;evento sar\u00e0 trasmesso in diretta per 15 ore consecutive, dalle 6:15 alle 21:30, sul sito ufficiale <a href=\"www.oetztaler-radmarathon.com\/livestream\" target=\"_blank\" rel=\"noopener noreferrer\">www.oetztaler-radmarathon.com\/livestream<\/a>.<\/p>\n","protected":false},"excerpt":{"rendered":"Domenica 30 agosto 2026, a S\u00f6lden nel Tirolo austriaco, prende il via la 45a edizione della \u00d6tztaler Radmarathon,&hellip;\n","protected":false},"author":3,"featured_media":655113,"comment_status":"","ping_status":"","sticky":false,"template":"","format":"standard","meta":{"footnotes":"","_share_on_mastodon":"0"},"categories":[1456],"tags":[1824,4645,1825,1537,90,89,34594,245,244],"class_list":["post-655112","post","type-post","status-publish","format-standard","has-post-thumbnail","category-ciclismo","tag-ciclismo","tag-ciclisti","tag-cycling","tag-it","tag-italia","tag-italy","tag-montagne","tag-sport","tag-sports"],"share_on_mastodon":{"url":"https:\/\/pubeurope.com\/@it\/117179516342534009","error":""},"_links":{"self":[{"href":"https:\/\/www.europesays.com\/it\/wp-json\/wp\/v2\/posts\/655112","targetHints":{"allow":["GET"]}}],"collection":[{"href":"https:\/\/www.europesays.com\/it\/wp-json\/wp\/v2\/posts"}],"about":[{"href":"https:\/\/www.europesays.com\/it\/wp-json\/wp\/v2\/types\/post"}],"author":[{"embeddable":true,"href":"https:\/\/www.europesays.com\/it\/wp-json\/wp\/v2\/users\/3"}],"replies":[{"embeddable":true,"href":"https:\/\/www.europesays.com\/it\/wp-json\/wp\/v2\/comments?post=655112"}],"version-history":[{"count":0,"href":"https:\/\/www.europesays.com\/it\/wp-json\/wp\/v2\/posts\/655112\/revisions"}],"wp:featuredmedia":[{"embeddable":true,"href":"https:\/\/www.europesays.com\/it\/wp-json\/wp\/v2\/media\/655113"}],"wp:attachment":[{"href":"https:\/\/www.europesays.com\/it\/wp-json\/wp\/v2\/media?parent=655112"}],"wp:term":[{"taxonomy":"category","embeddable":true,"href":"https:\/\/www.europesays.com\/it\/wp-json\/wp\/v2\/categories?post=655112"},{"taxonomy":"post_tag","embeddable":true,"href":"https:\/\/www.europesays.com\/it\/wp-json\/wp\/v2\/tags?post=655112"}],"curies":[{"name":"wp","href":"https:\/\/api.w.org\/{rel}","templated":true}]}}