{"id":655122,"date":"2026-08-29T15:39:31","date_gmt":"2026-08-29T15:39:31","guid":{"rendered":"https:\/\/www.europesays.com\/it\/655122\/"},"modified":"2026-08-29T15:39:31","modified_gmt":"2026-08-29T15:39:31","slug":"e-la-notte-di-cocciante-mezzo-secolo-di-musica-mi-emoziono-ancora","status":"publish","type":"post","link":"https:\/\/www.europesays.com\/it\/655122\/","title":{"rendered":"\u00c8 la notte di Cocciante: &#8220;Mezzo secolo di musica? Mi emoziono ancora&#8221;"},"content":{"rendered":"<p>I riflettori di <strong>Riccione Music City<\/strong> si riaccendono stasera alle 21 per l\u2019attesissimo <strong>concerto di Riccardo Cocciante<\/strong>. Sar\u00e0 un\u2019occasione per ascoltare dal vivo alcuni brani tratti dall\u2019ultimo album Ho vent\u2019anni con te e ripercorrere una carriera lunga oltre mezzo secolo. Il concerto, dedicato alla celebrazione degli 80 anni del grande cantautore e compositore e ai 50 anni dell\u2019iconico brano <strong>Margherita<\/strong>, rientra nel tour Io\u2026 Riccardo Cocciante nel 2026 che, dopo la tappa milanese del 19 settembre, si concluder\u00e0 il 27 dello stesso mese a Verona.<\/p>\n<p>\u00c8 grande l\u2019attesa per lo spettacolo di Riccione, che ha visto l\u2019iconico artista esibirsi gi\u00e0 mezzo secolo fa, nel 1977 al dancing Florida e poi negli anni Novanta sul grande palco in piazzale Roma dove nel 1999 \u00e8 stato co-conduttore di Un disco per l\u2019estate assieme a Paolo Bonolis.<\/p>\n<p>&#8220;La dimensione live \u00e8 un modo di raccontarmi \u2013 premette Cocciante \u2013. Ci sono brani che hanno 50 anni e metterli vicino a canzoni nuove potrebbe risultare stridente, ma il non aver mai scritto per moda fa s\u00ec che ci sia un discorso aperto che non crea nessun paragone tra passato e presente, un linguaggio riconoscibile, al di fuori dei trend del momento. Non bisogna rinnegare il momento che si sta vivendo. Ogni volta che canto, soprattutto brani usciti molto tempo fa, provo a interpretarli, plasmandoli, dandogli una nuovo abito secondo l\u2019ispirazione del qui e ora. Quando faccio un concerto cerco sempre di vivere il momento, per me il palcoscenico \u00e8 un grande impegno, fisico ed emotivo. Credo che il pubblico percepisca il mio trasporto e apprezzi questo mio totale coinvolgimento. La musica \u00e8 la mia vita, lei ha scelto me e mi ha aiutato a uscire dal mio guscio&#8221;.<\/p>\n<p>Il maestro svela: &#8220;La mia identit\u00e0 emerge in ogni aspetto del mio lavoro, dagli album al palcoscenico. Ci tengo a preservarla, perch\u00e9 rappresenta ci\u00f2 che sono, in ogni momento e in ogni fase della mia vita. La musica non si pu\u00f2 spiegare, va ascoltata e vissuta. Un disco \u00e8 come uno spartito, non pu\u00f2 esprimere completamente la scrittura di un autore, ne restituisce solo una parte. \u00c8 una prima fotografia dell\u2019identit\u00e0 artistica, poi bisogna aggiungere profondit\u00e0 attraverso i live, provando a trasmettere tutto ci\u00f2 che si ha dentro&#8221;. Cocciante conclude: &#8220;Le location dei i live sono luoghi speciali. Custodiscono un\u2019energia particolare, un\u2019aura che si percepisce e che bisogna imparare ad accogliere&#8221;.<\/p>\n<p>Nives Concolino<\/p>\n","protected":false},"excerpt":{"rendered":"I riflettori di Riccione Music City si riaccendono stasera alle 21 per l\u2019attesissimo concerto di Riccardo Cocciante. Sar\u00e0&hellip;\n","protected":false},"author":3,"featured_media":655123,"comment_status":"","ping_status":"","sticky":false,"template":"","format":"standard","meta":{"footnotes":"","_share_on_mastodon":"0"},"categories":[1443],"tags":[83295,279101,203,204,1537,90,89,1538,1539,4476,1323],"class_list":["post-655122","post","type-post","status-publish","format-standard","has-post-thumbnail","category-musica","tag-cocciante","tag-emoziono","tag-entertainment","tag-intrattenimento","tag-it","tag-italia","tag-italy","tag-music","tag-musica","tag-notte","tag-secolo"],"share_on_mastodon":{"url":"https:\/\/pubeurope.com\/@it\/117179551939250201","error":""},"_links":{"self":[{"href":"https:\/\/www.europesays.com\/it\/wp-json\/wp\/v2\/posts\/655122","targetHints":{"allow":["GET"]}}],"collection":[{"href":"https:\/\/www.europesays.com\/it\/wp-json\/wp\/v2\/posts"}],"about":[{"href":"https:\/\/www.europesays.com\/it\/wp-json\/wp\/v2\/types\/post"}],"author":[{"embeddable":true,"href":"https:\/\/www.europesays.com\/it\/wp-json\/wp\/v2\/users\/3"}],"replies":[{"embeddable":true,"href":"https:\/\/www.europesays.com\/it\/wp-json\/wp\/v2\/comments?post=655122"}],"version-history":[{"count":0,"href":"https:\/\/www.europesays.com\/it\/wp-json\/wp\/v2\/posts\/655122\/revisions"}],"wp:featuredmedia":[{"embeddable":true,"href":"https:\/\/www.europesays.com\/it\/wp-json\/wp\/v2\/media\/655123"}],"wp:attachment":[{"href":"https:\/\/www.europesays.com\/it\/wp-json\/wp\/v2\/media?parent=655122"}],"wp:term":[{"taxonomy":"category","embeddable":true,"href":"https:\/\/www.europesays.com\/it\/wp-json\/wp\/v2\/categories?post=655122"},{"taxonomy":"post_tag","embeddable":true,"href":"https:\/\/www.europesays.com\/it\/wp-json\/wp\/v2\/tags?post=655122"}],"curies":[{"name":"wp","href":"https:\/\/api.w.org\/{rel}","templated":true}]}}