{"id":655162,"date":"2026-08-29T16:10:14","date_gmt":"2026-08-29T16:10:14","guid":{"rendered":"https:\/\/www.europesays.com\/it\/655162\/"},"modified":"2026-08-29T16:10:14","modified_gmt":"2026-08-29T16:10:14","slug":"simone-annicchiarico-e-moreno-morello-chi-sono-i-concorrenti-mai-svelati-del-gfvip-un-figlio-darte-e-un-figlio-di-striscia-la-notizia","status":"publish","type":"post","link":"https:\/\/www.europesays.com\/it\/655162\/","title":{"rendered":"Simone Annicchiarico e Moreno Morello, chi sono i\u00a0concorrenti mai svelati del\u00a0GfVip: un figlio d&#8217;arte e un figlio di Striscia la notizia"},"content":{"rendered":"<p>La data \u00e8 il 17 settembre. <a rel=\"follow nofollow noopener\" href=\"https:\/\/www.quotidiano.net\/magazine\/ilary-blasi-si-sposa-ufficiale-matrimonio-il-13-settembre-dirhab0n\" target=\"_blank\"><strong>Ilary si sposa il 13 settembre<\/strong><\/a>. E in questi giorni i casting finali con i concorrenti mai annunciati sono separati, agli studi Lumina di Roma. Idem per lo shooting. Insomma: i concorrenti non si incontrano, molti non sanno chi siano gli altri partecipanti. E noi qui sveliamo, in esclusiva, due nomi che dovevano restare top secret.<\/p>\n<p>Andiamo con ordine. <strong>Nella Casa ci saranno due gruppi<\/strong>, due mondi. Da una parte i veterani, quelli che la porta rossa l&#8217;hanno gi\u00e0 attraversata e sanno dove sono le telecamere. Dall&#8217;altra i debuttanti, quelli nati perlopi\u00f9 dallo smartphone.<\/p>\n<p>Tra i veterani: <strong>Marina La Rosa<\/strong>, la \u201cgatta morta\u201d della primissima edizione, quella del 2000, vicinissima alla firma. <strong>Valeria Marini.<\/strong> <strong>Alex Belli<\/strong>, diventato pap\u00e0 da poco. <strong>Giulia Provvedi<\/strong>, una delle Donatella. <strong>Guendalina Tavassi,<\/strong> che arriva con un anno di ritardo rispetto alle prime trattative e che far\u00e0 anche The 50! <strong>Carmen Di Pietro<\/strong>, che stavolta entra da sola: senza il figlio. E <strong>Jonathan Kashanian<\/strong>, che al provino si \u00e8 lasciato scappare di essere \u201cpazzo di Bastian\u201d. S\u00ec, proprio <a rel=\"follow nofollow noopener\" href=\"https:\/\/www.quotidiano.net\/magazine\/chi-e-bastian-muller-prossimo-marito-di-ilary-blasi-q4c1rmal\" target=\"_blank\"><strong>il Bastian di Ilary.<\/strong><\/a><\/p>\n<p>Poi ci sono i due che il reality non l&#8217;hanno mai fatto, ma la televisione s\u00ec: <strong>Andreas Muller<\/strong>, ballerino, vincitore di Amici, compagno di Veronica Peparini \u2014 si era parlato di un ingresso in coppia, ipotesi tramontata \u2014 e <strong>Michelle Masullo<\/strong>, modella, vista a Pechino Express in squadra con Jo Squillo, di cui si dichiara figlia elettiva.<\/p>\n<p>E infine i debuttanti veri. <strong>Piera Meloni<\/strong>, sconosciuta al grande pubblico, cresciuta su TikTok. <strong>Federica Morello<\/strong>, modella, ex volto di Ciao Darwin, oggi legata all&#8217;imprenditore Giulio Fratini che al provino ha dichiarato di festeggiare il compleanno del suo seno. <strong>Giacomo Gallani<\/strong>, creator romano trapiantato a Dubai, 175mila follower. E il modello<strong> Giacomo Danto<\/strong>, volto gi\u00e0 noto ai reality. Idem <strong>Alessandro Varsi<\/strong>.<\/p>\n<p>Ma a questo elenco mancano due big. Perch\u00e9 erano i due pi\u00f9 difficili da chiudere, e i due meno prevedibili. Che qui anticipiamo.<\/p>\n<p>Il primo: Simone Annicchiarico <\/p>\n<p>Simone Annicchiarico \u00e8 il <strong>figlio di Walter Chiari<\/strong>.<\/p>\n<p>Chi ha meno di trent&#8217;anni magari deve fare un passaggio in pi\u00f9: Walter Chiari, all&#8217;anagrafe Walter Annicchiarico, \u00e8 stato uno dei pi\u00f9 grandi comici italiani del Novecento. Il talento assoluto e il prezzo pagato per averlo. Sua madre \u00e8 <strong>Alida Chelli,<\/strong> attrice e cantante. Suo nonno materno era Carlo Rustichelli, il compositore. Difficile trovare un albero genealogico pi\u00f9 pesante di cos\u00ec.<\/p>\n<p> <img alt=\"Simone Annicchiarico con pap\u00e0 Walter Chiari (foto Fb)\" loading=\"lazy\" width=\"1600\" height=\"1600\" decoding=\"async\" data-nimg=\"1\" style=\"color:transparent;max-width:100%;height:auto\"   src=\"https:\/\/www.europesays.com\/it\/wp-content\/uploads\/2026\/08\/simone-annicchiarico-con-papa-walter-chiari-foto-fb.webp\"\/><\/p>\n<p>Simone Annicchiarico con pap\u00e0 Walter Chiari (foto Fb)<\/p>\n<p>Simone nasce a Roma l&#8217;8 agosto 1970. Debutta in tv nel 1995 accanto a Heather Parisi in Arriba!!! Arriba!!!. Poi le rubriche di cinema sul satellite, e dal 2007 al 2013 La valigia dei sogni su La7. Ma il volto lo diventa con Italia&#8217;s Got Talent: prima con Geppi Cucciari, poi accanto a Bel\u00e9n Rodr\u00edguez. Anni in cui il gossip gli attribuisce flirt che lui non ha mai confermato e mai smentito.<\/p>\n<p>Poi sparisce. Ed \u00e8 qui che la storia diventa interessante.<\/p>\n<p> <img alt=\"Simone Annicchiarico bambino con mamma Alida Chelli\" loading=\"lazy\" width=\"1600\" height=\"1600\" decoding=\"async\" data-nimg=\"1\" style=\"color:transparent;max-width:100%;height:auto\"   src=\"https:\/\/www.europesays.com\/it\/wp-content\/uploads\/2026\/08\/simone-annicchiarico-bambino-con-mamma-alida-chelli.webp\"\/><\/p>\n<p>Simone Annicchiarico bambino con mamma Alida Chelli<\/p>\n<p>Lascia Roma, lascia il rumore, si divide tra Trentino e Sardegna. Non ha profili social. Si mette a scrivere: Walter e io nel 2012, Piccolo atlante dei nomi inventati nel 2018 e, per il centenario del padre, 100% Walter Chiari. Biografia di un genio irregolare, con la nota introduttiva di Mina. Nel 2024 torna in video come concorrente di Tale e Quale Show da Carlo Conti. Poi qualche ospitata da Caterina Balivo e di nuovo il silenzio.<\/p>\n<p>Il secondo: Moreno Morello <\/p>\n<p>Il secondo nome \u00e8 quello di Moreno Morello. <strong>L&#8217;inviato di Striscia la notizia<\/strong>.<\/p>\n<p>Padovano, classe 1973, 7 luglio. Arriva al tg satirico di Antonio Ricci nella stagione 2003\/2004 e da l\u00ec non si \u00e8 pi\u00f9 mosso: vent&#8217;anni e passa di servizi sulle truffe, sui falsi guaritori, sui falsari, sui raggiri ai danni dei pi\u00f9 deboli.<\/p>\n<p> <img alt=\"Moreno Morello a Striscia\" loading=\"lazy\" width=\"1600\" height=\"900\" decoding=\"async\" data-nimg=\"1\" style=\"color:transparent;max-width:100%;height:auto\"   src=\"https:\/\/www.europesays.com\/it\/wp-content\/uploads\/2026\/08\/moreno-morello-a-striscia.webp\"\/><\/p>\n<p>Moreno Morello a Striscia<\/p>\n<p>Lo riconoscete anche a occhi chiusi. L&#8217;abito bianco. Il \u201cAmici di Striscia, salve!\u201d all&#8217;inizio di ogni pezzo. L&#8217;italiano forbito, quasi ottocentesco, usato per raccontare gente che scappa. E poi le corse: perch\u00e9 quando il truffatore fugge, Morello lo insegue. Non per mestiere, per allenamento \u2014 \u00e8 stato arbitro di calcio per un decennio e atleta dei 400 metri.<\/p>\n<p>Si racconta che Ricci, al provino, gli disse: \u201cMorello, la vestir\u00f2 di bianco e far\u00f2 di lei un ossimoro\u201d. Ci ha preso.<\/p>\n<p>Sulla vita privata, buio totale. Si \u00e8 sposato in gran segreto, senza un flash. Sui social c&#8217;\u00e8 il lavoro, mai la casa. Un carattere abbastanza spigoloso\u2026<\/p>\n<p>E adesso la casa la sceglie lui. E se credete che i colpi di scena siano finiti qui, no. Non smettete di seguirci.<\/p>\n","protected":false},"excerpt":{"rendered":"La data \u00e8 il 17 settembre. Ilary si sposa il 13 settembre. E in questi giorni i casting&hellip;\n","protected":false},"author":3,"featured_media":655163,"comment_status":"","ping_status":"","sticky":false,"template":"","format":"standard","meta":{"footnotes":"","_share_on_mastodon":"0"},"categories":[174],"tags":[361496,15298,203,2716,226844,204,1537,90,89,193959,27069,4509,8206,758,52371],"class_list":["post-655162","post","type-post","status-publish","format-standard","has-post-thumbnail","category-intrattenimento","tag-annicchiarico","tag-concorrenti","tag-entertainment","tag-figlio","tag-gfvip","tag-intrattenimento","tag-it","tag-italia","tag-italy","tag-morello","tag-moreno","tag-notizia","tag-simone","tag-striscia","tag-svelati"],"share_on_mastodon":{"url":"https:\/\/pubeurope.com\/@it\/117179675059909246","error":""},"_links":{"self":[{"href":"https:\/\/www.europesays.com\/it\/wp-json\/wp\/v2\/posts\/655162","targetHints":{"allow":["GET"]}}],"collection":[{"href":"https:\/\/www.europesays.com\/it\/wp-json\/wp\/v2\/posts"}],"about":[{"href":"https:\/\/www.europesays.com\/it\/wp-json\/wp\/v2\/types\/post"}],"author":[{"embeddable":true,"href":"https:\/\/www.europesays.com\/it\/wp-json\/wp\/v2\/users\/3"}],"replies":[{"embeddable":true,"href":"https:\/\/www.europesays.com\/it\/wp-json\/wp\/v2\/comments?post=655162"}],"version-history":[{"count":0,"href":"https:\/\/www.europesays.com\/it\/wp-json\/wp\/v2\/posts\/655162\/revisions"}],"wp:featuredmedia":[{"embeddable":true,"href":"https:\/\/www.europesays.com\/it\/wp-json\/wp\/v2\/media\/655163"}],"wp:attachment":[{"href":"https:\/\/www.europesays.com\/it\/wp-json\/wp\/v2\/media?parent=655162"}],"wp:term":[{"taxonomy":"category","embeddable":true,"href":"https:\/\/www.europesays.com\/it\/wp-json\/wp\/v2\/categories?post=655162"},{"taxonomy":"post_tag","embeddable":true,"href":"https:\/\/www.europesays.com\/it\/wp-json\/wp\/v2\/tags?post=655162"}],"curies":[{"name":"wp","href":"https:\/\/api.w.org\/{rel}","templated":true}]}}