{"id":655180,"date":"2026-08-29T16:29:12","date_gmt":"2026-08-29T16:29:12","guid":{"rendered":"https:\/\/www.europesays.com\/it\/655180\/"},"modified":"2026-08-29T16:29:12","modified_gmt":"2026-08-29T16:29:12","slug":"brendan-blumer-e-salvatore-spano-il-matrimonio-da-sogno-lungo-tre-giorni-in-costa-smeralda-gli-ospiti-vip-e-quasi-2-milioni-solo-in-solidarieta","status":"publish","type":"post","link":"https:\/\/www.europesays.com\/it\/655180\/","title":{"rendered":"Brendan Blumer e Salvatore Spano, il matrimonio da sogno (lungo tre giorni) in Costa Smeralda: gli ospiti vip e quasi 2 milioni solo in solidariet\u00e0"},"content":{"rendered":"<p> Il <a href=\"https:\/\/www.leggo.it\/t\/matrimonio\" rel=\"nofollow noopener\" target=\"_blank\">matrimonio<\/a> tra il miliardario americano <strong><a href=\"https:\/\/www.leggo.it\/t\/brendan-blumer-\" rel=\"nofollow noopener\" target=\"_blank\">Brendan Blumer<\/a><\/strong> e l\u2019olbiese <a href=\"https:\/\/www.leggo.it\/t\/salvatore-spano\" rel=\"nofollow noopener\" target=\"_blank\">Salvatore Spano<\/a> nel primo weekend di settembre sar\u00e0 uno degli eventi pi\u00f9 attesi dell\u2019estate in <a href=\"https:\/\/www.leggo.it\/t\/gallura\" rel=\"nofollow noopener\" target=\"_blank\">Gallura<\/a>. Tra location esclusive, ospiti internazionali, grandi artisti e una festa distribuita su pi\u00f9 giorni, la coppia ha scelto di legare le nozze anche a un importante progetto di solidariet\u00e0.<\/p>\n<p>  Nozze da sogno e solidariet\u00e0 <\/p>\n<p>Un milione e 600mila euro destinati alla solidariet\u00e0 ancora prima del grande giorno. \u00c8 questa una delle notizie pi\u00f9 significative legate al matrimonio tra <strong>Brendan Blumer, imprenditore e miliardario americano tra i protagonisti del settore delle criptovalute e della tecnologia blockchain<\/strong>, e Salvatore Spano, originario di Olbia. La coppia ha scelto tre realt\u00e0 alle quali destinare personalmente una parte importante delle proprie risorse.<\/p>\n","protected":false},"excerpt":{"rendered":"Il matrimonio tra il miliardario americano Brendan Blumer e l\u2019olbiese Salvatore Spano nel primo weekend di settembre sar\u00e0&hellip;\n","protected":false},"author":3,"featured_media":655181,"comment_status":"","ping_status":"","sticky":false,"template":"","format":"standard","meta":{"footnotes":"","_share_on_mastodon":"0"},"categories":[1451],"tags":[361505,1621,1620,22794,203,204,1537,90,89,529,15384,8685,361506,3954],"class_list":["post-655180","post","type-post","status-publish","format-standard","has-post-thumbnail","category-celebrita","tag-brendan-blumer","tag-celebrita","tag-celebrities","tag-costa-smeralda","tag-entertainment","tag-intrattenimento","tag-it","tag-italia","tag-italy","tag-lusso","tag-nozze","tag-olbia","tag-salvatore-spano","tag-sardegna"],"share_on_mastodon":{"url":"https:\/\/pubeurope.com\/@it\/117179748435927197","error":""},"_links":{"self":[{"href":"https:\/\/www.europesays.com\/it\/wp-json\/wp\/v2\/posts\/655180","targetHints":{"allow":["GET"]}}],"collection":[{"href":"https:\/\/www.europesays.com\/it\/wp-json\/wp\/v2\/posts"}],"about":[{"href":"https:\/\/www.europesays.com\/it\/wp-json\/wp\/v2\/types\/post"}],"author":[{"embeddable":true,"href":"https:\/\/www.europesays.com\/it\/wp-json\/wp\/v2\/users\/3"}],"replies":[{"embeddable":true,"href":"https:\/\/www.europesays.com\/it\/wp-json\/wp\/v2\/comments?post=655180"}],"version-history":[{"count":0,"href":"https:\/\/www.europesays.com\/it\/wp-json\/wp\/v2\/posts\/655180\/revisions"}],"wp:featuredmedia":[{"embeddable":true,"href":"https:\/\/www.europesays.com\/it\/wp-json\/wp\/v2\/media\/655181"}],"wp:attachment":[{"href":"https:\/\/www.europesays.com\/it\/wp-json\/wp\/v2\/media?parent=655180"}],"wp:term":[{"taxonomy":"category","embeddable":true,"href":"https:\/\/www.europesays.com\/it\/wp-json\/wp\/v2\/categories?post=655180"},{"taxonomy":"post_tag","embeddable":true,"href":"https:\/\/www.europesays.com\/it\/wp-json\/wp\/v2\/tags?post=655180"}],"curies":[{"name":"wp","href":"https:\/\/api.w.org\/{rel}","templated":true}]}}