{"id":655191,"date":"2026-08-29T16:35:14","date_gmt":"2026-08-29T16:35:14","guid":{"rendered":"https:\/\/www.europesays.com\/it\/655191\/"},"modified":"2026-08-29T16:35:14","modified_gmt":"2026-08-29T16:35:14","slug":"pogacar-cade-e-si-ritira-dalla-vuelta-infortunio-alla-spalla-via-in-ambulanza-come-sta","status":"publish","type":"post","link":"https:\/\/www.europesays.com\/it\/655191\/","title":{"rendered":"Pogacar cade e si ritira dalla Vuelta: infortunio alla spalla, via in ambulanza. Come sta"},"content":{"rendered":"<p>    di<br \/>\n    Redazione Sport<\/p>\n<p class=\"summary-art is-line-h-12\">Lo sloveno era nettamente in maglia rossa, padrone della corsa, l&#8217;unico grande giro che gli manca. Poi per\u00f2 perde il controllo della bici in rettilineo e innesca la caduta di gruppo<\/p>\n<p class=\"chapter-paragraph\"><b>Tadej Pogacar<\/b> si ritira dalla <b>Vuelta 2026<\/b>. Il fuoriclasse sloveno dell&#8217;Uae Team Emirates-XRG <b>\u00e8 caduto durante l&#8217;ottava tappa <\/b>della Vuelta, la Pucol-Xeraco di 171 km, subito dopo lo sprint intermedio di Simat de la Valdigna, nella Comunit\u00e0 Valenciana. <b>Problemi alla spalla sinistra per la maglia rossa, che ha riportato un brutto taglio anche al sopracciglio e che \u00e8 poi salito in ambulanza,<\/b> abbandonando cos\u00ec la corsa che ora vede al comando della classifica generale lo spagnolo Enric Mas (Movistar Team).\u00a0<\/p>\n<p class=\"chapter-paragraph\">Pogacar \u00e8 caduto mentre era in gruppo, in un rettilineo durante il quale sembra aver perso il controllo della bici, e ha sbattuto violentemente a terra il braccio e la spalla sinistra. <b>Impressionanti le immagini tv di un Tadej sofferente per i dolori al braccio e alla spalla sinistra e ha anche con del sangue sul viso<\/b>. Il campione del Mondo in carica ha provato a risalire in bicicletta, ma il tentativo \u00e8 stato vano perch\u00e9 troppo forte il dolore. A quel punto lo sloveno \u00e8 salito sull&#8217;ambulanza ed \u00e8 stato portato via per i primi accertamenti del caso.\u00a0    &#13;<br \/>\n&#13;<br \/>\n&#13;<br \/>\n&#13;<br \/>\n&#13;<br \/>\n&#13;<br \/>\n&#13;<br \/>\n&#13;<br \/>\n&#13;<br \/>\n&#13;<br \/>\n&#13;<br \/>\n&#13;<br \/>\n&#13;<br \/>\n&#13;<br \/>\n&#13;<br \/>\n&#13;<br \/>\n&#13;<br \/>\n&#13;<br \/>\n&#13;<br \/>\n&#13;<br \/>\n&#13;<br \/>\n&#13;<br \/>\n&#13;<br \/>\n&#13;<br \/>\n&#13;<br \/>\n&#13;<br \/>\n&#13;<br \/>\n&#13;<br \/>\n&#13;<br \/>\n&#13;<br \/>\n&#13;<br \/>\n&#13;<br \/>\n&#13;<br \/>\n&#13;<br \/>\n&#13;<br \/>\n&#13;<br \/>\n&#13;<br \/>\n&#13;<br \/>\n&#13;<br \/>\n&#13;<br \/>\n&#13;<br \/>\n&#13;<br \/>\n&#13;<br \/>\n&#13;<br \/>\n&#13;<br \/>\n&#13;<br \/>\n&#13;<br \/>\n&#13;<br \/>\n&#13;<br \/>\n&#13;<br \/>\n&#13;<br \/>\n&#13;<br \/>\n&#13;\n<\/p>\n<p class=\"chapter-paragraph\">La Vuelta \u00e8 l&#8217;unica grande corsa che gli manca dopo i trionfi al Tour e al Giro d&#8217;Italia. Tadej era nettamente in maglia rossa dopo la prima settimana, con ben 3&#8217;50&#8221; di vantaggio su Enric e gi\u00e0 tre tappe vinte.\u00a0<\/p>\n<p class=\"is-last-update\" datetime=\"2026-08-29T17:34:56+02:00\">29 agosto 2026 ( modifica il 29 agosto 2026 | 17:34)<\/p>\n<p class=\"is-copyright\">\n            \u00a9 RIPRODUZIONE RISERVATA\n        <\/p>\n","protected":false},"excerpt":{"rendered":"di Redazione Sport Lo sloveno era nettamente in maglia rossa, padrone della corsa, l&#8217;unico grande giro che gli&hellip;\n","protected":false},"author":3,"featured_media":655192,"comment_status":"","ping_status":"","sticky":false,"template":"","format":"standard","meta":{"footnotes":"","_share_on_mastodon":"0"},"categories":[176],"tags":[2802,3508,588,361507,1276,1537,90,89,2219,52421,1931,7759,315,9126,27616,42201,245,244,11340,14374],"class_list":["post-655191","post","type-post","status-publish","format-standard","has-post-thumbnail","category-sport","tag-ambulanza","tag-bici","tag-braccio","tag-braccio-spalla","tag-corsa","tag-it","tag-italia","tag-italy","tag-maglia","tag-maglia-rossa","tag-pogacar","tag-rossa","tag-sinistra","tag-sloveno","tag-spalla","tag-spalla-sinistra","tag-sport","tag-sports","tag-tadej","tag-vuelta"],"share_on_mastodon":{"url":"https:\/\/pubeurope.com\/@it\/117179771976587643","error":""},"_links":{"self":[{"href":"https:\/\/www.europesays.com\/it\/wp-json\/wp\/v2\/posts\/655191","targetHints":{"allow":["GET"]}}],"collection":[{"href":"https:\/\/www.europesays.com\/it\/wp-json\/wp\/v2\/posts"}],"about":[{"href":"https:\/\/www.europesays.com\/it\/wp-json\/wp\/v2\/types\/post"}],"author":[{"embeddable":true,"href":"https:\/\/www.europesays.com\/it\/wp-json\/wp\/v2\/users\/3"}],"replies":[{"embeddable":true,"href":"https:\/\/www.europesays.com\/it\/wp-json\/wp\/v2\/comments?post=655191"}],"version-history":[{"count":0,"href":"https:\/\/www.europesays.com\/it\/wp-json\/wp\/v2\/posts\/655191\/revisions"}],"wp:featuredmedia":[{"embeddable":true,"href":"https:\/\/www.europesays.com\/it\/wp-json\/wp\/v2\/media\/655192"}],"wp:attachment":[{"href":"https:\/\/www.europesays.com\/it\/wp-json\/wp\/v2\/media?parent=655191"}],"wp:term":[{"taxonomy":"category","embeddable":true,"href":"https:\/\/www.europesays.com\/it\/wp-json\/wp\/v2\/categories?post=655191"},{"taxonomy":"post_tag","embeddable":true,"href":"https:\/\/www.europesays.com\/it\/wp-json\/wp\/v2\/tags?post=655191"}],"curies":[{"name":"wp","href":"https:\/\/api.w.org\/{rel}","templated":true}]}}