{"id":655195,"date":"2026-08-29T16:37:11","date_gmt":"2026-08-29T16:37:11","guid":{"rendered":"https:\/\/www.europesays.com\/it\/655195\/"},"modified":"2026-08-29T16:37:11","modified_gmt":"2026-08-29T16:37:11","slug":"stefano-accorsi-papa-per-la-quinta-volta-e-nato-davide-la-prima-foto-e-dolcissima","status":"publish","type":"post","link":"https:\/\/www.europesays.com\/it\/655195\/","title":{"rendered":"Stefano Accorsi pap\u00e0 per la quinta volta: \u00e8 nato Davide. La prima foto \u00e8 dolcissima"},"content":{"rendered":"<p>In casa <b>Stefano Accorsi<\/b>, da sabato 29 agosto, si arriva a <b>cinque<\/b>. Il nome del nuovo arrivato \u00e8 <b>Davide<\/b>, terzo figlio dell\u2019attore con la moglie <b>Bianca Vitali<\/b> e quinto in totale.<\/p>\n<p>L\u2019annuncio \u00e8 arrivato su Instagram, con la foto di una manina stretta attorno a un dito e un cuore blu al posto della didascalia. Sul parto e sull\u2019ospedale, silenzio: Stefano Accorsi i momenti privati li racconta con calma, e mai per intero.<\/p>\n<blockquote class=\"instagram-media\" data-instgrm-captioned=\"\" data-instgrm-permalink=\"https:\/\/www.instagram.com\/p\/Dcn91Pioz9D\/?utm_source=ig_embed&amp;utm_campaign=loading\" data-instgrm-version=\"14\" style=\" background:#FFF; border:0; border-radius:3px; box-shadow:0 0 1px 0 rgba(0,0,0,0.5),0 1px 10px 0 rgba(0,0,0,0.15); margin: 1px; max-width:100%; min-width:326px; padding:0; width:99.375%; width:-webkit-calc(100% - 2px); width:calc(100% - 2px);\"\/>\n<p>Gli auguri sono arrivati subito. <b>Orietta Berti<\/b> ha commentato con un \u201cCongratulazioni e benvenuto al piccolo Davide\u201d pieno di cuori, poi sono comparsi anche <b>Mathia Cinelli<\/b> e <b>Paolo Conticini<\/b>.\n<\/p>\n<p><b>Stefano Accorsi e Bianca Vitali, \u00e8 nato Davide<\/b><\/p>\n<p>La gravidanza era stata resa pubblica il <b>3 luglio<\/b>, con una foto di coppia e sei parole: <b>\u201cAnche se sembriamo in due, siamo in tre\u201d<\/b>.<\/p>\n<p>Prima di Davide, in casa <a href=\"https:\/\/dilei.it\/star-e-vip\/stefano-accorsi\/\" rel=\"nofollow noopener\" target=\"_blank\">Accorsi<\/a>, sono arrivati <b>Lorenzo<\/b>, il 21 aprile 2017, e <b>Alberto<\/b>, il 28 agosto 2020. Con Alberto l\u2019annuncio era stato praticamente identico: una foto delle mani dei genitori intorno a quelle del figlio appena nato e un \u201cBenvenuto Alberto\u201d. Sei anni e un fratello dopo, Stefano Accorsi non ha cambiato metodo.<\/p>\n<p>Il 2026, intanto, gli ha portato anche altro lavoro. A inizio anno \u00e8 uscito nelle sale con Le cose non dette di Gabriele Muccino, film per cui aveva perso una decina di chili in due mesi.<\/p>\n<p><b>I compleanni di fine agosto in casa Accorsi<\/b><\/p>\n<p>Alberto ha spento <b>sei candeline il 28 agosto<\/b>, ventiquattr\u2019ore prima che il fratellino venisse presentato ai followers. Il giorno dopo tocca ad <b>Athena<\/b>, la figlia nata nel 2009 dalla relazione con <a href=\"https:\/\/dilei.it\/star-e-vip\/laetitia-casta\/\" rel=\"nofollow noopener\" target=\"_blank\"><b>Laetitia Casta<\/b><\/a>, che compie <b>17 anni<\/b> proprio oggi. Cinque figli, e la fine di agosto ridotta a un calendario di torte.<\/p>\n<p><b>Stefano Accorsi, cinque figli e una famiglia allargata<\/b><\/p>\n<p>Con Laetitia Casta, attrice e modella francese, Stefano Accorsi \u00e8 stato insieme dal 2003 al 2013. Da quella relazione sono nati <b>Orlando<\/b>, il 21 settembre 2006, che tra poche settimane compir\u00e0 vent\u2019anni, e Athena, che ha seguito la madre nella moda. Tra il figlio maggiore e Davide ci sono quasi due decenni di differenza.<\/p>\n<p>Bianca Vitali, figlia del giornalista <b>Aldo Vitali<\/b>, lo ha conosciuto nel 2013 sul set di 1992, la serie Sky in cui Stefano Accorsi interpretava Leonardo Notte. Due anni dopo si sono sposati, con un matrimonio celebrato il <b>24 novembre 2015<\/b> a Borgonovo Val Tidone, in provincia di Piacenza.<\/p>\n<p><a href=\"https:\/\/dilei.it\/vip\/video\/bianca-vitali-moglie-stefano-accorsi\/722286\/\" rel=\"nofollow noopener\" target=\"_blank\">Bianca Vitali<\/a>, tra l\u2019altro, in 1992 recitava. Interpretava Angelica, e dopo quella serie ha lavorato pi\u00f9 dietro le quinte che davanti alla macchina da presa: nel 2018 risulta tra i production manager della miniserie Balalaika \u2013 Dalla Russia col pallone. Di lavoro e famiglia, comunque, i due parlano poco. Le uscite pubbliche insieme si contano, le foto di gruppo pure.<\/p>\n<p>Qui entra anche il caso, il gioco del destino, chiamiamolo come vogliamo. Perch\u00e9 su quel set, per\u00f2, non avrebbe nemmeno dovuto esserci. Era a New York per un evento di moda quando la sua agenzia le firm\u00f2 il contratto a sua insaputa, costringendola a rientrare in Italia in anticipo. Stefano Accorsi l\u2019ha poi definito <b>\u201cun errore fatale, che pagher\u00e0 per tutta la vita\u201d<\/b>.<\/p>\n<p>\t<script async src=\"\/\/www.instagram.com\/embed.js\"><\/script><\/p>\n","protected":false},"excerpt":{"rendered":"In casa Stefano Accorsi, da sabato 29 agosto, si arriva a cinque. Il nome del nuovo arrivato \u00e8&hellip;\n","protected":false},"author":3,"featured_media":655196,"comment_status":"","ping_status":"","sticky":false,"template":"","format":"standard","meta":{"footnotes":"","_share_on_mastodon":"0"},"categories":[174],"tags":[203,1909,204,1537,90,89,2280,86],"class_list":["post-655195","post","type-post","status-publish","format-standard","has-post-thumbnail","category-intrattenimento","tag-entertainment","tag-famiglia","tag-intrattenimento","tag-it","tag-italia","tag-italy","tag-stefano-accorsi","tag-vip"],"share_on_mastodon":{"url":"https:\/\/pubeurope.com\/@it\/117179779974480257","error":""},"_links":{"self":[{"href":"https:\/\/www.europesays.com\/it\/wp-json\/wp\/v2\/posts\/655195","targetHints":{"allow":["GET"]}}],"collection":[{"href":"https:\/\/www.europesays.com\/it\/wp-json\/wp\/v2\/posts"}],"about":[{"href":"https:\/\/www.europesays.com\/it\/wp-json\/wp\/v2\/types\/post"}],"author":[{"embeddable":true,"href":"https:\/\/www.europesays.com\/it\/wp-json\/wp\/v2\/users\/3"}],"replies":[{"embeddable":true,"href":"https:\/\/www.europesays.com\/it\/wp-json\/wp\/v2\/comments?post=655195"}],"version-history":[{"count":0,"href":"https:\/\/www.europesays.com\/it\/wp-json\/wp\/v2\/posts\/655195\/revisions"}],"wp:featuredmedia":[{"embeddable":true,"href":"https:\/\/www.europesays.com\/it\/wp-json\/wp\/v2\/media\/655196"}],"wp:attachment":[{"href":"https:\/\/www.europesays.com\/it\/wp-json\/wp\/v2\/media?parent=655195"}],"wp:term":[{"taxonomy":"category","embeddable":true,"href":"https:\/\/www.europesays.com\/it\/wp-json\/wp\/v2\/categories?post=655195"},{"taxonomy":"post_tag","embeddable":true,"href":"https:\/\/www.europesays.com\/it\/wp-json\/wp\/v2\/tags?post=655195"}],"curies":[{"name":"wp","href":"https:\/\/api.w.org\/{rel}","templated":true}]}}