{"id":655206,"date":"2026-08-29T16:48:10","date_gmt":"2026-08-29T16:48:10","guid":{"rendered":"https:\/\/www.europesays.com\/it\/655206\/"},"modified":"2026-08-29T16:48:10","modified_gmt":"2026-08-29T16:48:10","slug":"vbc-cremonese-si-chiude-il-ritiro-a-monza-il-test-con-la-vero-volley-milano","status":"publish","type":"post","link":"https:\/\/www.europesays.com\/it\/655206\/","title":{"rendered":"VBC Cremonese, si chiude il ritiro: a Monza il test con la Vero Volley Milano"},"content":{"rendered":"<p>Si avvia verso la chiusura l\u2019esperienza del <strong>ritiro<\/strong> precampionato della <strong>VBC Cremonese<\/strong> presso la Casa al Mare di Forte dei Marmi. Sabato mattina la squadra lascer\u00e0 la struttura marina per far ritorno a <strong>Casalmaggiore<\/strong> dove da luned\u00ec 31 agosto le atlete inizieranno gli allenamenti nella palestra <strong>Baslenga<\/strong>.<\/p>\n<p>Molto intensa e proficua l\u2019attivit\u00e0 messa a punto in Versilia dove, sotto la guida di coach <strong>Davide Baraldi<\/strong>, le giocatrici hanno alternato sedute presso la palestra gentilmente messa a disposizione dal Comune di Montignoso, sedute pesi e una sessione in piscina, presso il Bagno Le Gazzelle a Marina di Pietrasanta. Tutte e 13 le atlete sono a disposizione dello staff tecnico senza particolari infortuni, ma dalla prossima settimana la rosa si completa con l\u2019arrivo dell\u2019opposta canadese <strong>Natasha Calkins<\/strong>.<\/p>\n<p>Nel frattempo la Societ\u00e0 ha provveduto a inserire un\u2019ulteriore <strong>amichevole<\/strong> nel planning gi\u00e0 comunicato: si tratta di un allenamento congiunto di prestigio e qualit\u00e0 visto che <strong>gioved\u00ec 3 settembre<\/strong> dalle ore 16,00 la VBC sar\u00e0 all\u2019Arena di Monza per incontrare la<strong> Vero Volley Milano<\/strong>. I coach <strong>Blengini<\/strong> e <strong>Baraldi<\/strong> hanno concordato una seduta congiunta che tenga conto del livello ancora non completo di preparazione atletica delle giocatrici.<\/p>\n<p>\n                \u00a9 Riproduzione riservata\n              <\/p>\n","protected":false},"excerpt":{"rendered":"Si avvia verso la chiusura l\u2019esperienza del ritiro precampionato della VBC Cremonese presso la Casa al Mare di&hellip;\n","protected":false},"author":3,"featured_media":655207,"comment_status":"","ping_status":"","sticky":false,"template":"","format":"standard","meta":{"footnotes":"","_share_on_mastodon":"0"},"categories":[1474],"tags":[4712,361511,20992,1537,90,89,25149,245,244,312408,216163,1869],"class_list":["post-655206","post","type-post","status-publish","format-standard","has-post-thumbnail","category-volley","tag-amichevole","tag-baslenga","tag-casalmaggiore","tag-it","tag-italia","tag-italy","tag-precampionato","tag-sport","tag-sports","tag-vbc-cremonese","tag-vero-volley-milano","tag-volley"],"share_on_mastodon":{"url":"https:\/\/pubeurope.com\/@it\/117179823083984918","error":""},"_links":{"self":[{"href":"https:\/\/www.europesays.com\/it\/wp-json\/wp\/v2\/posts\/655206","targetHints":{"allow":["GET"]}}],"collection":[{"href":"https:\/\/www.europesays.com\/it\/wp-json\/wp\/v2\/posts"}],"about":[{"href":"https:\/\/www.europesays.com\/it\/wp-json\/wp\/v2\/types\/post"}],"author":[{"embeddable":true,"href":"https:\/\/www.europesays.com\/it\/wp-json\/wp\/v2\/users\/3"}],"replies":[{"embeddable":true,"href":"https:\/\/www.europesays.com\/it\/wp-json\/wp\/v2\/comments?post=655206"}],"version-history":[{"count":0,"href":"https:\/\/www.europesays.com\/it\/wp-json\/wp\/v2\/posts\/655206\/revisions"}],"wp:featuredmedia":[{"embeddable":true,"href":"https:\/\/www.europesays.com\/it\/wp-json\/wp\/v2\/media\/655207"}],"wp:attachment":[{"href":"https:\/\/www.europesays.com\/it\/wp-json\/wp\/v2\/media?parent=655206"}],"wp:term":[{"taxonomy":"category","embeddable":true,"href":"https:\/\/www.europesays.com\/it\/wp-json\/wp\/v2\/categories?post=655206"},{"taxonomy":"post_tag","embeddable":true,"href":"https:\/\/www.europesays.com\/it\/wp-json\/wp\/v2\/tags?post=655206"}],"curies":[{"name":"wp","href":"https:\/\/api.w.org\/{rel}","templated":true}]}}