{"id":655218,"date":"2026-08-29T17:00:34","date_gmt":"2026-08-29T17:00:34","guid":{"rendered":"https:\/\/www.europesays.com\/it\/655218\/"},"modified":"2026-08-29T17:00:34","modified_gmt":"2026-08-29T17:00:34","slug":"50-anni-di-radio-libere-nel-festival-conte-sto","status":"publish","type":"post","link":"https:\/\/www.europesays.com\/it\/655218\/","title":{"rendered":"&#8220;50 anni di radio libere&#8221; nel festival Cont\u00e8.sto"},"content":{"rendered":"<p>Sono aperte le iscrizioni per il corso valido per raccogliere crediti formativi per giornalisti iscritti all&#8217;Albo in programma <strong>venerd\u00ec 18 settembre<\/strong> alle 10 in Sala del Consiglio comunale nel municipio di Empoli (via Del Papa, 41)<\/p>\n<p>L&#8217;evento si intitola Le radio libere. 50 anni di giornalismo radiofonico dai primordi ai giorni nostri.<\/p>\n<p>50 anni fa prendevano vita le prime emittenti radiofoniche indipendenti, dopo la liberalizzazione del monopolio radiotelevisivo in Italia. Il corso intende ricostruire l\u2019evoluzione della presenza giornalistica nelle redazioni locali in Toscana, partendo dai primi anni, quando giornalisti, oppure coloro che lo sarebbero diventati successivamente, avviarono l\u2019attivit\u00e0 giornalistica dai microfoni di quelle nuove realt\u00e0 editoriali.<\/p>\n<p>Il corso intende focalizzare le caratteristiche proprie del giornalismo radiofonico e le peculiarit\u00e0 dell\u2019informazione via etere, la sua immediatezza, il rapporto con il pubblico, il localismo. Particolare attenzione all\u2019evoluzione delle strutture editoriali nel corso dei decenni e ai cambiamenti introdotti con l\u2019obbligo informativo dalla nuova disciplina normativa.<\/p>\n<p>I relatori sono:<\/p>\n<p><strong>Marcello Mancini<\/strong>, gi\u00e0 direttore del quotidiano La Nazione, presidente Comitato Tecnico Scientifico della Fondazione dell\u2019Ordine dei giornalisti della Toscana<\/p>\n<p><strong>Federico Monechi<\/strong>, inviato speciale della redazione RAI TGR Toscana, gi\u00e0 consigliere Odg Toscana<\/p>\n<p><strong>Pierluigi Picerno<\/strong>, editore radiofonico, amministratore dell\u2019emittente radiofonica RDF<\/p>\n<p>Modera: <strong>Maria Adele De Francisci<\/strong>, segretaria Odg Toscana<\/p>\n<p>L&#8217;evento \u00e8 organizzato in collaborazione con la Fondazione dell\u2019Ordine dei giornalisti della Toscana e il Comune di Empoli nell\u2019ambito degli eventi collaterali della seconda edizione di \/cont\u00e8.sto\/, festival di storia contemporanea di Empoli, in programma dal 18 al 20 settembre 2026 per la direzione scientifica di Carlo Greppi.<\/p>\n<p>Le iscrizioni per i giornalisti, per conseguire crediti formativi, sono aperte al <a href=\"http:\/\/www.formazionegiornalisti.it\/login\" rel=\"nofollow noopener\" target=\"_blank\">sito<\/a> fino al 17 settembre 2026. L&#8217;evento \u00e8 aperto anche ai non iscritti all&#8217;Ordine.<\/p>\n<p><a href=\"https:\/\/www.europesays.com\/it\/wp-content\/uploads\/2026\/08\/fuoricontesto-radio-libere.jpeg\" class=\"fancybox\"><img loading=\"lazy\" decoding=\"async\" class=\"aligncenter wp-image-1375314 size-full\" src=\"https:\/\/www.europesays.com\/it\/wp-content\/uploads\/2026\/08\/fuoricontesto-radio-libere.jpeg\" alt=\"\" width=\"1080\" height=\"1350\"  \/><\/a><\/p>\n<p class=\"fonte\"><strong>Fonte: Ufficio stampa Comune di Empoli<\/strong><\/p>\n<p>Notizie correlate<\/p>\n<p>\nEmpoli<\/p>\n<p>\nCultura<\/p>\n<p>\n27 Agosto 2026<\/p>\n<p><a href=\"https:\/\/www.gonews.it\/2026\/08\/27\/empoli-europa-musica-e-danza-concerto-di-chiusura\/\" class=\"img-link img-wrap w_hover\" rel=\"nofollow noopener\" target=\"_blank\"><br \/>\n<img loading=\"lazy\" width=\"150\" height=\"150\" src=\"https:\/\/www.europesays.com\/it\/wp-content\/uploads\/2026\/08\/Screenshot-2026-08-27-alle-11.58.56-150x150.png\" class=\"attachment-thumbnail size-thumbnail wp-post-image\" alt=\"\" decoding=\"async\"\/>\t\t<\/p>\n<p><\/a><\/p>\n<p>La IIIa edizione di &#8220;Empoli Europa musica e danza&#8221; si conclude con un concerto straordinario di chiusura. Abbiamo avuto 5 appuntamenti con simpaticissimi e bravissimi ragazzi di orchestre e cori [&#8230;]<\/p>\n<p>\nEmpoli<\/p>\n<p>\nCultura<\/p>\n<p>\n26 Agosto 2026<\/p>\n<p><a href=\"https:\/\/www.gonews.it\/2026\/08\/26\/teatro-empoli-connessioni-autore\/\" class=\"img-link img-wrap w_hover\" rel=\"nofollow noopener\" target=\"_blank\"><br \/>\n<img width=\"150\" height=\"150\" src=\"https:\/\/www.europesays.com\/it\/wp-content\/uploads\/2026\/08\/empoli_teatro_momento-150x150.jpg\" class=\"attachment-thumbnail size-thumbnail wp-post-image\" alt=\"\" decoding=\"async\" loading=\"lazy\"\/>\t\t<\/p>\n<p><\/a><\/p>\n<p>Dopo un\u2019estate nel segno della grande musica sinfonica, dell\u2019opera lirica e dei concerti nei chiostri storici della citt\u00e0,\u00a0Il Contrappunto torna a settembre con una nuova rassegna dedicata alla musica contemporanea [&#8230;]<\/p>\n<p>\nToscana<\/p>\n<p>\nCronaca<\/p>\n<p>\n20 Agosto 2026<\/p>\n<p><a href=\"https:\/\/www.gonews.it\/2026\/08\/20\/e-morto-gianfranco-pedulla-protagonista-del-teatro-e-della-cultura-toscana\/\" class=\"img-link img-wrap w_hover\" rel=\"nofollow noopener\" target=\"_blank\"><br \/>\n<img width=\"150\" height=\"150\" src=\"https:\/\/www.europesays.com\/it\/wp-content\/uploads\/2026\/08\/pedulla-150x150.jpg\" class=\"attachment-thumbnail size-thumbnail wp-post-image\" alt=\"\" decoding=\"async\" loading=\"lazy\"\/>\t\t<\/p>\n<p><\/a><\/p>\n<p>\u00c8 morto nella notte, nella RSA Chiarugi di Empoli, Gianfranco Pedull\u00e0, regista, drammaturgo, studioso e animatore culturale tra le figure pi\u00f9 significative del teatro toscano degli ultimi decenni. Aveva 69 [&#8230;]<\/p>\n<p><a href=\"https:\/\/www.gonews.it\/tag\/empoli\" rel=\"nofollow noopener\" target=\"_blank\">Tutte le notizie di Empoli <\/a> <\/p>\n<p><a class=\"gobackbottom\" href=\"#\" onclick=\"window.history.go(-1); return false;\" style=\"width:100%;\"><strong> &lt;&lt; Indietro <\/strong><\/a><\/p>\n","protected":false},"excerpt":{"rendered":"Sono aperte le iscrizioni per il corso valido per raccogliere crediti formativi per giornalisti iscritti all&#8217;Albo in programma&hellip;\n","protected":false},"author":3,"featured_media":655219,"comment_status":"","ping_status":"","sticky":false,"template":"","format":"standard","meta":{"footnotes":"","_share_on_mastodon":"0"},"categories":[1443],"tags":[5531,203,204,1537,90,89,1538,1539],"class_list":["post-655218","post","type-post","status-publish","format-standard","has-post-thumbnail","category-musica","tag-empoli","tag-entertainment","tag-intrattenimento","tag-it","tag-italia","tag-italy","tag-music","tag-musica"],"share_on_mastodon":{"url":"https:\/\/pubeurope.com\/@it\/117179871828336949","error":""},"_links":{"self":[{"href":"https:\/\/www.europesays.com\/it\/wp-json\/wp\/v2\/posts\/655218","targetHints":{"allow":["GET"]}}],"collection":[{"href":"https:\/\/www.europesays.com\/it\/wp-json\/wp\/v2\/posts"}],"about":[{"href":"https:\/\/www.europesays.com\/it\/wp-json\/wp\/v2\/types\/post"}],"author":[{"embeddable":true,"href":"https:\/\/www.europesays.com\/it\/wp-json\/wp\/v2\/users\/3"}],"replies":[{"embeddable":true,"href":"https:\/\/www.europesays.com\/it\/wp-json\/wp\/v2\/comments?post=655218"}],"version-history":[{"count":0,"href":"https:\/\/www.europesays.com\/it\/wp-json\/wp\/v2\/posts\/655218\/revisions"}],"wp:featuredmedia":[{"embeddable":true,"href":"https:\/\/www.europesays.com\/it\/wp-json\/wp\/v2\/media\/655219"}],"wp:attachment":[{"href":"https:\/\/www.europesays.com\/it\/wp-json\/wp\/v2\/media?parent=655218"}],"wp:term":[{"taxonomy":"category","embeddable":true,"href":"https:\/\/www.europesays.com\/it\/wp-json\/wp\/v2\/categories?post=655218"},{"taxonomy":"post_tag","embeddable":true,"href":"https:\/\/www.europesays.com\/it\/wp-json\/wp\/v2\/tags?post=655218"}],"curies":[{"name":"wp","href":"https:\/\/api.w.org\/{rel}","templated":true}]}}