{"id":655222,"date":"2026-08-29T17:02:15","date_gmt":"2026-08-29T17:02:15","guid":{"rendered":"https:\/\/www.europesays.com\/it\/655222\/"},"modified":"2026-08-29T17:02:15","modified_gmt":"2026-08-29T17:02:15","slug":"atalanta-preso-kessie-si-spinge-per-rowe","status":"publish","type":"post","link":"https:\/\/www.europesays.com\/it\/655222\/","title":{"rendered":"Atalanta, preso Kessie. Si spinge per Rowe"},"content":{"rendered":"\n<p>Rowe, Kessie, Romagnoli, de Roon. Sono <strong class=\"nero\">ore di calciomercato caldissime in casa Atalanta<\/strong>. La priorit\u00e0, ormai \u00e8 chiaro, \u00e8 regalare a Sarri un nuovo esterno d\u2019attacco: Giuntoli continua a spingere per <strong class=\"nero\">Jonathan Rowe<\/strong> del Bologna, per il quale \u00e8 stata presentata un\u2019offerta da 40 milioni di euro bonus compresi. In caso di fumata bianca sarebbe l\u2019acquisto pi\u00f9 oneroso della storia nerazzurra.<\/p>\n<p>  Preso Kessie, \u00e8 ufficiale <\/p>\n<p>Ma non \u00e8 finita qui. A centrocampo arriva <strong class=\"nero\">Frank Kessie<\/strong>, passato dal settore giovanile dell\u2019Atalanta e protagonista della cavalcata che ha portato i nerazzurri alla conquista del quarto posto nella stagione 2016-2017. Il centrocampista ivoriano, reduce da tre stagioni in Arabia Saudita, arriva a parametro zero: \u00e8 stato a lungo in trattativa con la Roma, negli ultimi giorni sembrava vicinissimo alla Juventus, poi <strong class=\"nero\">il blitz di Giuntoli e la firma lampo<\/strong> a Zingonia.<\/p>\n<p>  Pu\u00f2 partire de Roon <\/p>\n<p>Entrambe le operazioni &#8211; Rowe e Kessie &#8211; sarebbero slegate da <strong class=\"nero\">un\u2019eventuale partenza di Marten de Roon<\/strong>, fulmine a ciel sereno di questo sabato 29 agosto. A sorpresa, il capitano olandese potrebbe trasferirsi proprio <strong class=\"nero\">al Bologna<\/strong>: le motivazioni sarebbero legate al mancato utilizzo nelle prime tre partite della stagione e alla volont\u00e0 di continuare ad essere protagonista in Serie A.<\/p>\n<p>Contemporaneamente, l\u2019Atalanta continua a spingere per <strong class=\"nero\">Alessio Romagnoli<\/strong>, difensore centrale della Lazio, per completare il reparto arretrato. In uscita, manca solo l\u2019ufficialit\u00e0 per il passaggio di <strong class=\"nero\">Ahanor al Chelsea.<\/strong> <\/p>\n","protected":false},"excerpt":{"rendered":"Rowe, Kessie, Romagnoli, de Roon. Sono ore di calciomercato caldissime in casa Atalanta. La priorit\u00e0, ormai \u00e8 chiaro,&hellip;\n","protected":false},"author":3,"featured_media":655223,"comment_status":"","ping_status":"","sticky":false,"template":"","format":"standard","meta":{"footnotes":"","_share_on_mastodon":"0"},"categories":[176],"tags":[361513,569,586,721,57069,361512,1537,90,89,45438,558,5188,116268,987,251,245,244],"class_list":["post-655222","post","type-post","status-publish","format-standard","has-post-thumbnail","category-sport","tag-alessio-romagnoli","tag-atalanta","tag-bologna","tag-calcio","tag-de-roon","tag-frank-kessie","tag-it","tag-italia","tag-italy","tag-jonathan-rowe","tag-juventus","tag-lazio","tag-marten-de-roon","tag-roma","tag-serie-a","tag-sport","tag-sports"],"share_on_mastodon":{"url":"https:\/\/pubeurope.com\/@it\/117179878419331198","error":""},"_links":{"self":[{"href":"https:\/\/www.europesays.com\/it\/wp-json\/wp\/v2\/posts\/655222","targetHints":{"allow":["GET"]}}],"collection":[{"href":"https:\/\/www.europesays.com\/it\/wp-json\/wp\/v2\/posts"}],"about":[{"href":"https:\/\/www.europesays.com\/it\/wp-json\/wp\/v2\/types\/post"}],"author":[{"embeddable":true,"href":"https:\/\/www.europesays.com\/it\/wp-json\/wp\/v2\/users\/3"}],"replies":[{"embeddable":true,"href":"https:\/\/www.europesays.com\/it\/wp-json\/wp\/v2\/comments?post=655222"}],"version-history":[{"count":0,"href":"https:\/\/www.europesays.com\/it\/wp-json\/wp\/v2\/posts\/655222\/revisions"}],"wp:featuredmedia":[{"embeddable":true,"href":"https:\/\/www.europesays.com\/it\/wp-json\/wp\/v2\/media\/655223"}],"wp:attachment":[{"href":"https:\/\/www.europesays.com\/it\/wp-json\/wp\/v2\/media?parent=655222"}],"wp:term":[{"taxonomy":"category","embeddable":true,"href":"https:\/\/www.europesays.com\/it\/wp-json\/wp\/v2\/categories?post=655222"},{"taxonomy":"post_tag","embeddable":true,"href":"https:\/\/www.europesays.com\/it\/wp-json\/wp\/v2\/tags?post=655222"}],"curies":[{"name":"wp","href":"https:\/\/api.w.org\/{rel}","templated":true}]}}