{"id":655307,"date":"2026-08-29T18:11:20","date_gmt":"2026-08-29T18:11:20","guid":{"rendered":"https:\/\/www.europesays.com\/it\/655307\/"},"modified":"2026-08-29T18:11:20","modified_gmt":"2026-08-29T18:11:20","slug":"jannik-sinner-le-news-di-oggi-sullinfortunio-al-ginocchio","status":"publish","type":"post","link":"https:\/\/www.europesays.com\/it\/655307\/","title":{"rendered":"Jannik Sinner, le news di oggi sull&#8217;infortunio al ginocchio"},"content":{"rendered":"<p>Il problema al ginocchio destro non \u00e8 grave, la decisione di non partecipare agli US Open ha consentito di programmare un progetto di riabilitazione per il ritorno in campo con tempi meno serrati e senza rischi. Soffre di una un\u2019infiammazione tendinea extra-articolare (la meno pericolosa). Terapie al J Medical: obiettivo Pechino e Shangai, ma sempre senza forzare.<\/p>\n<p><strong>Una decisione sofferta, ma molto saggia<\/strong>. La scelta da parte di Jannik Sinner di non partecipare agli US Open ha consentito di programmare un progetto di riabilitazione e ritorno in campo con tempi meno serrati, che non devono essere correlati a una situazione pi\u00f9 impegnativa, come sarebbe stata la partecipazione a uno Slam. <strong>Il numero uno del mondo sta terminando la settimana di terapie al J Medical<\/strong> di Torino, iniziata luned\u00ec scorso. In queste ore<strong> valuter\u00e0 se proseguirle anche la prossima settimana<\/strong> e dunque quando ricominciare ad allenarsi sul campo.\u00a0<\/p>\n<p>\t\t\t<a class=\"c-inline-card j-inline-card c-inline-card--with-image\" href=\"https:\/\/sport.sky.it\/tennis\/2026\/08\/27\/sinner-oggi-juventus-visita-continassa-video\" rel=\"follow nofollow noopener\" data-intcmp=\"skysport_articolo_approfondimenti_inline\" target=\"_blank\"><\/p>\n<p>\t\t\t         <img decoding=\"async\" crossorigin=\"anonymous\" alt=\"\"  loading=\"lazy\"  src=\"https:\/\/www.europesays.com\/it\/wp-content\/uploads\/2026\/08\/sinner_1.jpg\"\/><\/p>\n<p>\n\t\t\t         Potrebbe interessarti<br \/>\n\t\t\t         Sinner ospite della Juve: incontro alla Continassa\n\t\t\t      <\/p>\n<p>\t\t\t<\/a><\/p>\n<p>\t\t \tChe cosa ha Sinner?\u00a0<\/p>\n<p>Jannik soffre di un problema al ginocchio destro. Si tratta di un\u2019<strong>infiammazione tendinea extra-articolare, dunque la tipologia meno grave<\/strong>. Ad esempio, se questo tipo di problema fosse sorto durante un impegno importante (come uno Slam) con tutta probabilit\u00e0 avrebbe comunque portato a termine il torneo stesso. Ma non \u00e8 il caso di oggi. <strong>Questo tipo di patologia va curata soprattutto con terapie e riposo<\/strong> (o comunque con un allenamento mirato e adeguato, in relazione al decorso dell\u2019infiammazione) per evitare che diventi col passare del tempo pi\u00f9 fastidioso e pericoloso.\u00a0<\/p>\n<p>\t\t\t<a class=\"c-inline-card j-inline-card c-inline-card--with-image\" href=\"https:\/\/sport.sky.it\/tennis\/video\/2026\/08\/29\/alcaraz-sinner-us-open-conferenza-video-1120524\" rel=\"follow nofollow noopener\" data-intcmp=\"skysport_articolo_approfondimenti_inline\" target=\"_blank\"><\/p>\n<p>\t\t\t         <img decoding=\"async\" crossorigin=\"anonymous\" alt=\"\"  loading=\"lazy\"  src=\"https:\/\/www.europesays.com\/it\/wp-content\/uploads\/2026\/08\/1120524_1787957343433_thumb_494.0000001_1787957644230.jpg\"\/><\/p>\n<p>\n\t\t\t         Vedi anche<br \/>\n\t\t\t         Alcaraz: &#8220;Strano non vedere Sinner da sette mesi&#8230;&#8221;\n\t\t\t      <\/p>\n<p>\t\t\t<\/a><\/p>\n<p>\t\t \tPerch\u00e9 ha deciso di non partecipare agli US Open?<\/p>\n<p>La decisione di non partire per gli Stati Uniti per l\u2019ultimo Slam del 2026 \u00e8 legata alla necessit\u00e0 di riprogrammare i tempi di recupero senza forza e <strong>ridurre al minimo il margine di rischio<\/strong>. Provare a <strong>giocare non sarebbe stato impossibile, ma sicuramente poco raccomandabile<\/strong> pensando al resto della stagione e (soprattutto) in ottica futura. In questo senso Sinner \u00e8 sempre stato molto determinato e maturo nel suo <strong>atteggiamento conservativo, rivolto al lungo e non al breve termine<\/strong>. Inoltre non va dimenticato che Sinner arrivava da un periodo di riposo post vittoria bis a Wimbledon: dunque giocare a New York con poco allenamento nelle gambe e questo fastidio al ginocchio avrebbe influito non solo sul decorso della tendinopatia, ma inevitabilmente anche sulla sua competitivit\u00e0 agli US Open.<\/p>\n<p>\t\t\t<a class=\"c-inline-card j-inline-card c-inline-card--with-image\" href=\"https:\/\/sport.sky.it\/tennis\/2026\/08\/28\/us-open-qualificazioni-risultati\" rel=\"follow nofollow noopener\" data-intcmp=\"skysport_articolo_approfondimenti_inline\" target=\"_blank\"><\/p>\n<p>\t\t\t         <img decoding=\"async\" crossorigin=\"anonymous\" alt=\"\"  loading=\"lazy\"  src=\"https:\/\/www.europesays.com\/it\/wp-content\/uploads\/2026\/08\/ipa_francesco_passaro_us_open.jpg\"\/><\/p>\n<p>\n\t\t\t         Approfondimento<br \/>\n\t\t\t         US Open, 10 italiani in tabellone: si parte questa domenica\n\t\t\t      <\/p>\n<p>\t\t\t<\/a><\/p>\n<p>\t\t\tI tempi di recupero<\/p>\n<p><strong>La data del rientro nel circuito non \u00e8 ancora nota<\/strong>. In questi giorni si sta valutando, come detto, come proseguire il lavoro al J Medical e quando riprendere gli allenamenti, che via via saranno sempre pi\u00f9 intensi di pari passo con il miglioramento delle sue condizioni. Se le terapie di questi giorni &#8211; e soprattutto il riposo &#8211; daranno i risultati sperati, come risulta stia accadendo anche in virt\u00f9 della decisione di fermarsi, <strong>\u00e8 ipotizzabile un rientro per le trasferte di Pechino e Shanghai<\/strong>, a partire da fine settembre. A oggi \u00e8 questa l\u2019ipotesi primaria sul tavolo. Altrimenti si andr\u00e0 oltre, considerando che i<strong>l vero obiettivo della stagione sono le Finals di Torino<\/strong>. Sempre senza forzare.\u00a0<\/p>\n<p>\u00a0<\/p>\n<p>In sintesi, <strong>nulla di grave, ma \u00e8 stato giusto fermarsi<\/strong>. E pensare a recuperare al meglio perch\u00e9, come dice Jannik, nonostante il rammarico per non aver potuto giocare gli US Open, <strong>\u00e8 necessario pensare prima alla salute perch\u00e9 il traguardo \u00e8 molto pi\u00f9 lontano di New York<\/strong>.<\/p>\n<p>    Segui tutti gli aggiornamenti di Sky Sport<\/p>\n<p><a href=\"https:\/\/profile.google.com\/cp\/CgovbS8wNGZfbTN4\" rel=\"nofollow noopener\" target=\"_blank\">&#8211; Segui Sky Sport su Google Discover-<\/a>\u00a0Non perderti live, news e video<\/p>\n<p><a href=\"https:\/\/www.whatsapp.com\/channel\/0029Va3UU8oFi8xatgf6sJ3V\" rel=\"nofollow noopener\" target=\"_blank\">&#8211; WhatsApp &#8211;<\/a>\u00a0Le notizie che devi sapere? Le trovi sul canale di Sky Sport<\/p>\n<p><a href=\"https:\/\/sport.sky.it\/video\/highlights?intcmp=skysport_social-connection_inline_skylights\" rel=\"nofollow noopener\" target=\"_blank\">&#8211; Guarda tutti gli Highlights &#8211;<\/a>\u00a0Entra in SkyLightsRoom<\/p>\n<p><a href=\"https:\/\/www.sky.it\/offerte?intcmp=skysport_social-connection_inline_offerte\" rel=\"nofollow noopener\" target=\"_blank\">&#8211; Offerte Sky &#8211;<\/a>\u00a0Scopri le promozioni disponibili e attivale subito<\/p>\n<p>\u00a0<\/p>\n<p>\t            TAG:<\/p>\n","protected":false},"excerpt":{"rendered":"Il problema al ginocchio destro non \u00e8 grave, la decisione di non partecipare agli US Open ha consentito&hellip;\n","protected":false},"author":3,"featured_media":655308,"comment_status":"","ping_status":"","sticky":false,"template":"","format":"standard","meta":{"footnotes":"","_share_on_mastodon":"0"},"categories":[1457],"tags":[1537,90,89,1717,245,244,1273,6665],"class_list":["post-655307","post","type-post","status-publish","format-standard","has-post-thumbnail","category-tennis","tag-it","tag-italia","tag-italy","tag-jannik-sinner","tag-sport","tag-sports","tag-tennis","tag-us-open"],"share_on_mastodon":{"url":"https:\/\/pubeurope.com\/@it\/117180150773578627","error":""},"_links":{"self":[{"href":"https:\/\/www.europesays.com\/it\/wp-json\/wp\/v2\/posts\/655307","targetHints":{"allow":["GET"]}}],"collection":[{"href":"https:\/\/www.europesays.com\/it\/wp-json\/wp\/v2\/posts"}],"about":[{"href":"https:\/\/www.europesays.com\/it\/wp-json\/wp\/v2\/types\/post"}],"author":[{"embeddable":true,"href":"https:\/\/www.europesays.com\/it\/wp-json\/wp\/v2\/users\/3"}],"replies":[{"embeddable":true,"href":"https:\/\/www.europesays.com\/it\/wp-json\/wp\/v2\/comments?post=655307"}],"version-history":[{"count":0,"href":"https:\/\/www.europesays.com\/it\/wp-json\/wp\/v2\/posts\/655307\/revisions"}],"wp:featuredmedia":[{"embeddable":true,"href":"https:\/\/www.europesays.com\/it\/wp-json\/wp\/v2\/media\/655308"}],"wp:attachment":[{"href":"https:\/\/www.europesays.com\/it\/wp-json\/wp\/v2\/media?parent=655307"}],"wp:term":[{"taxonomy":"category","embeddable":true,"href":"https:\/\/www.europesays.com\/it\/wp-json\/wp\/v2\/categories?post=655307"},{"taxonomy":"post_tag","embeddable":true,"href":"https:\/\/www.europesays.com\/it\/wp-json\/wp\/v2\/tags?post=655307"}],"curies":[{"name":"wp","href":"https:\/\/api.w.org\/{rel}","templated":true}]}}