{"id":655317,"date":"2026-08-29T18:18:22","date_gmt":"2026-08-29T18:18:22","guid":{"rendered":"https:\/\/www.europesays.com\/it\/655317\/"},"modified":"2026-08-29T18:18:22","modified_gmt":"2026-08-29T18:18:22","slug":"uno-sguardo-personale-il-contest-fotografico-dettagli-di-cisternino","status":"publish","type":"post","link":"https:\/\/www.europesays.com\/it\/655317\/","title":{"rendered":"Uno sguardo personale: il contest fotografico &#8220;Dettagli di Cisternino&#8221;"},"content":{"rendered":"<p>CISTERNINO &#8211; In occasione della Giornata Mondiale della Fotografia, ha preso il via \u201cDettagli di Cisternino\u201d, il contest fotografico dedicato a chi desidera raccontare il territorio attraverso uno sguardo personale, creativo e originale. L&#8217;iniziativa nasce con l&#8217;obiettivo di valorizzare Cisternino, le sue atmosfere, i suoi scorci e la sua identit\u00e0, invitando i partecipanti a soffermarsi sui piccoli particolari che spesso sfuggono a uno sguardo distratto, ma che contribuiscono a rendere unico il borgo.<\/p>\n<p>Non \u00e8 necessario cercare necessariamente il panorama pi\u00f9 famoso o il luogo pi\u00f9 riconoscibile: il contest invita a guardare Cisternino da una prospettiva diversa, attraverso un dettaglio, un angolo, una texture, un oggetto, un momento di vita quotidiana o un elemento capace di raccontare l&#8217;anima del paese. Il contest \u00e8 promosso nell&#8217;ambito delle attivit\u00e0 della rete Galattica &#8211; Rete Giovani Puglia, in collaborazione con Galattica Nodo Cisternino e il Laboratorio Urbano JAn.Net, con il patrocinio del Comune di Cisternino.<\/p>\n<p>Come partecipare<\/p>\n<p>Il contest \u00e8 aperto dal 19 agosto al 13 settembre. Per partecipare \u00e8 necessario consultare il regolamento completo e seguire le modalit\u00e0 di iscrizione indicate. Tutte le informazioni sono disponibili attraverso il QR code presente nella locandina ufficiale dell&#8217;iniziativa. Il punto di riferimento per il contest \u00e8 il Laboratorio Urbano Jan.Net, in via XXIV Maggio 6, Cisternino.<\/p>\n<p>\u201cDettagli di Cisternino\u201d vuole essere soprattutto un invito a riscoprire il territorio con occhi nuovi: la fotografia diventa cos\u00ec uno strumento per osservare, interpretare e condividere ci\u00f2 che rende Cisternino un luogo speciale. L&#8217;iniziativa si inserisce nelle attivit\u00e0 rivolte alle giovani generazioni e alla valorizzazione della partecipazione, della creativit\u00e0 e del rapporto con il territorio promosse dalla rete Galattica.<\/p>\n","protected":false},"excerpt":{"rendered":"CISTERNINO &#8211; In occasione della Giornata Mondiale della Fotografia, ha preso il via \u201cDettagli di Cisternino\u201d, il contest&hellip;\n","protected":false},"author":3,"featured_media":655318,"comment_status":"","ping_status":"","sticky":false,"template":"","format":"standard","meta":{"footnotes":"","_share_on_mastodon":"0"},"categories":[1446],"tags":[1615,1613,1614,1611,1610,5274,1612,361553,203,21873,204,1537,90,89],"class_list":["post-655317","post","type-post","status-publish","format-standard","has-post-thumbnail","category-arte-e-design","tag-arte","tag-arte-e-design","tag-arteedesign","tag-arts","tag-arts-and-design","tag-concorso","tag-design","tag-dettagli-di-cisternino","tag-entertainment","tag-fotografico","tag-intrattenimento","tag-it","tag-italia","tag-italy"],"share_on_mastodon":{"url":"https:\/\/pubeurope.com\/@it\/117180177194012047","error":""},"_links":{"self":[{"href":"https:\/\/www.europesays.com\/it\/wp-json\/wp\/v2\/posts\/655317","targetHints":{"allow":["GET"]}}],"collection":[{"href":"https:\/\/www.europesays.com\/it\/wp-json\/wp\/v2\/posts"}],"about":[{"href":"https:\/\/www.europesays.com\/it\/wp-json\/wp\/v2\/types\/post"}],"author":[{"embeddable":true,"href":"https:\/\/www.europesays.com\/it\/wp-json\/wp\/v2\/users\/3"}],"replies":[{"embeddable":true,"href":"https:\/\/www.europesays.com\/it\/wp-json\/wp\/v2\/comments?post=655317"}],"version-history":[{"count":0,"href":"https:\/\/www.europesays.com\/it\/wp-json\/wp\/v2\/posts\/655317\/revisions"}],"wp:featuredmedia":[{"embeddable":true,"href":"https:\/\/www.europesays.com\/it\/wp-json\/wp\/v2\/media\/655318"}],"wp:attachment":[{"href":"https:\/\/www.europesays.com\/it\/wp-json\/wp\/v2\/media?parent=655317"}],"wp:term":[{"taxonomy":"category","embeddable":true,"href":"https:\/\/www.europesays.com\/it\/wp-json\/wp\/v2\/categories?post=655317"},{"taxonomy":"post_tag","embeddable":true,"href":"https:\/\/www.europesays.com\/it\/wp-json\/wp\/v2\/tags?post=655317"}],"curies":[{"name":"wp","href":"https:\/\/api.w.org\/{rel}","templated":true}]}}