{"id":655437,"date":"2026-08-29T19:51:17","date_gmt":"2026-08-29T19:51:17","guid":{"rendered":"https:\/\/www.europesays.com\/it\/655437\/"},"modified":"2026-08-29T19:51:17","modified_gmt":"2026-08-29T19:51:17","slug":"juve-parma-live-risultato-e-gol-in-diretta-serie-a","status":"publish","type":"post","link":"https:\/\/www.europesays.com\/it\/655437\/","title":{"rendered":"Juve-Parma LIVE | Risultato e gol in diretta | Serie A"},"content":{"rendered":"<p>                                        Dopo la vittoria di Frosinone i bianconeri cercano il bis per proseguire la corsa a punteggio pieno. Giallobl\u00f9 a caccia di gol e punti dopo il ko al debutto contro il Cagliari<\/p>\n<p>juve-parma, la diretta\u2014 \u00a0<\/p>\n<p>Quella di stasera sar\u00e0 la 57\u00aa partita della storia tra Juventus e Parma in Serie A: i precedenti sorridono nettamente ai bianconeri, capaci di ottenere 28 vittorie e 17 pareggi a fronte di appena 11 sconfitte, segnando 103 gol e subendone solo 56. La Vecchia Signora punta a vincere le prime due partite di Serie A per la terza stagione consecutiva, riuscendoci nel caso ogni volta con un allenatore diverso (Thiago Motta, Igor Tudor e Luciano Spalletti): sarebbe la prima volta dal periodo tra il 1947 e il 1949 con due successi agli esordi con tre diversi tecnici sulla panchina. Dall&#8217;altro lato, il Parma punta a evitare la sconfitta in entrambe le prime due giornate di Serie A, evento che non si verifica dalla stagione 2020\/21. Tra i singoli, occhio a Francisco Concei\u00e7ao: nella prima giornata di campionato \u00e8 stato il giocatore che ha effettuato pi\u00f9 tocchi in area avversaria (12) e tentato pi\u00f9 dribbling (otto, di cui quattro riusciti) e contro il Parma ha gi\u00e0 fornito due assist vincenti in campionato.<\/p>\n<p class=\"is-copyright\">\u00a9 RIPRODUZIONE RISERVATA<\/p>\n","protected":false},"excerpt":{"rendered":"Dopo la vittoria di Frosinone i bianconeri cercano il bis per proseguire la corsa a punteggio pieno. Giallobl\u00f9&hellip;\n","protected":false},"author":3,"featured_media":655438,"comment_status":"","ping_status":"","sticky":false,"template":"","format":"standard","meta":{"footnotes":"","_share_on_mastodon":"0"},"categories":[6],"tags":[12367,216966,216967,4158,14,8,1537,90,89,7,15,82,9,83,10,6301,13,11,80,84,12,81,85],"class_list":["post-655437","post","type-post","status-publish","format-standard","has-post-thumbnail","category-ultime-notizie","tag-abbonamento","tag-abbonamento-diretta","tag-abbonamento-diretta-testuale","tag-app","tag-cronaca","tag-headlines","tag-it","tag-italia","tag-italy","tag-news","tag-notizie","tag-notizie-di-cronaca","tag-notizie-principali","tag-notiziedicronaca","tag-notizieprincipali","tag-parma","tag-titoli","tag-ultime-notizie","tag-ultime-notizie-di-cronaca","tag-ultime-notizie-e-news-di-oggi","tag-ultimenotizie","tag-ultimenotiziedicronaca","tag-ultimenotizieenewsdioggi"],"share_on_mastodon":{"url":"https:\/\/pubeurope.com\/@it\/117180542870705536","error":""},"_links":{"self":[{"href":"https:\/\/www.europesays.com\/it\/wp-json\/wp\/v2\/posts\/655437","targetHints":{"allow":["GET"]}}],"collection":[{"href":"https:\/\/www.europesays.com\/it\/wp-json\/wp\/v2\/posts"}],"about":[{"href":"https:\/\/www.europesays.com\/it\/wp-json\/wp\/v2\/types\/post"}],"author":[{"embeddable":true,"href":"https:\/\/www.europesays.com\/it\/wp-json\/wp\/v2\/users\/3"}],"replies":[{"embeddable":true,"href":"https:\/\/www.europesays.com\/it\/wp-json\/wp\/v2\/comments?post=655437"}],"version-history":[{"count":0,"href":"https:\/\/www.europesays.com\/it\/wp-json\/wp\/v2\/posts\/655437\/revisions"}],"wp:featuredmedia":[{"embeddable":true,"href":"https:\/\/www.europesays.com\/it\/wp-json\/wp\/v2\/media\/655438"}],"wp:attachment":[{"href":"https:\/\/www.europesays.com\/it\/wp-json\/wp\/v2\/media?parent=655437"}],"wp:term":[{"taxonomy":"category","embeddable":true,"href":"https:\/\/www.europesays.com\/it\/wp-json\/wp\/v2\/categories?post=655437"},{"taxonomy":"post_tag","embeddable":true,"href":"https:\/\/www.europesays.com\/it\/wp-json\/wp\/v2\/tags?post=655437"}],"curies":[{"name":"wp","href":"https:\/\/api.w.org\/{rel}","templated":true}]}}