{"id":655498,"date":"2026-08-29T20:44:20","date_gmt":"2026-08-29T20:44:20","guid":{"rendered":"https:\/\/www.europesays.com\/it\/655498\/"},"modified":"2026-08-29T20:44:20","modified_gmt":"2026-08-29T20:44:20","slug":"ilaria-cucchi-il-matrimonio-nella-casa-del-cuore-con-fabio-anselmo-e-il-regalo-di-mio-fratello-stefano","status":"publish","type":"post","link":"https:\/\/www.europesays.com\/it\/655498\/","title":{"rendered":"Ilaria Cucchi, il matrimonio nella \u201ccasa del cuore\u201d con Fabio Anselmo: \u201c\u00c8 il regalo di mio fratello Stefano\u201d"},"content":{"rendered":"<p>Vallefoglia, 29 agosto 2026 \u2013 Hanno detto s\u00ec nella loro terra d\u2019origine. <a rel=\"follow nofollow noopener\" href=\"https:\/\/www.ilrestodelcarlino.it\/ferrara\/cronaca\/ilaria-cucchi-fabio-anselmo-si-sposano-to1pjs5y\" target=\"_blank\"><strong>Ilaria Cucchi<\/strong> e <\/a><strong><a rel=\"follow nofollow noopener\" href=\"https:\/\/www.ilrestodelcarlino.it\/ferrara\/cronaca\/ilaria-cucchi-fabio-anselmo-si-sposano-to1pjs5y\" target=\"_blank\">Fabio Anselmo<\/a> <\/strong>si sono sposati con rito civile nella <strong>campagna di Vallefoglia<\/strong>, di fronte ai boschi che circondano l\u2019ex<strong> borgo di Codelce<\/strong>.<\/p>\n<p>Una cerimonia intima per 50\u00a0persone, nel parco di fronte alla piscina di quella che la coppia definisce, la loro<strong> <a rel=\"follow nofollow noopener\" href=\"https:\/\/www.ilrestodelcarlino.it\/pesaro\/cronaca\/matrimonio-cucchi-anselmo-uq2lx4zy\" target=\"_blank\">&#8220;casa del cuore\u201d<\/a><\/strong>. Ilaria ha origini pesaresi, Fabio invece proprio qui, in <strong>provincia di Pesaro e Urbino<\/strong>, ha vissuto da bambino. Il loro \u00e8 un amore grande che nasce da un dolore altrettanto grande, che\u00a0ha preso il volo verso la felicit\u00e0.\u00a0<\/p>\n<p> <img alt=\"Ilaria Cucchi, il matrimonio nella \u201ccasa del cuore\u201d con Fabio Anselmo: \u201c\u00c8 il regalo di mio fratello Stefano\u201d\" loading=\"lazy\" width=\"762\" height=\"429\" decoding=\"async\" data-nimg=\"1\" style=\"color:transparent\"  src=\"https:\/\/www.europesays.com\/it\/wp-content\/uploads\/2026\/08\/xb276ie.jpeg\"\/><br \/>\nUn amore nato dal dolore per la morte di Stefano Cucchi <\/p>\n<p>Dopo 17\u00a0anni da quando il fratello di Ilaria,<strong> Stefano Cucchi<\/strong>, \u00e8 morto a causa delle percosse subite dopo l\u2019arresto nella caserma di Roma Casilina, sono accadute tante cose. Da una parte le condanne della Corte di Cassazione per i depistaggi messi in atto dall\u2019Arma dei Carabinieri per la morte di Stefano \u00a0C\u00a0ucchi, dall\u2019altra la nascita di una grande storia amore. \u201cDopo poco che l\u2019ho conosciuto, ho capito che mi ero innamorata \u2013 racconta Ilaria al termine della cerimonia nuziale &#8211; della sua forza, del suo coraggio, della determinazione con cui si \u00e8 battuto per trovare la verit\u00e0 per mio fratello\u201d.<\/p>\n<p>Il sindaco celebra il rito <\/p>\n<p>A\u00a0celebrare il rito civile,\u00a0<strong>il sindaco di Vallefoglia Palmiro Ucchielli<\/strong>, di fronte ai quattro figli della coppia a fare da testimoni, Valeria e Giulio Di Paola dalla parte di Ilaria e Vincenzo e Marta Anselmo da quello di Fabio. A valle della cerimonia gli sposi si sono intrattenuti con gli invitati durante l\u2019apertivo. \u201cOggi Stefano \u00e8 qui \u2013 ha detto la sposa, mentre abbracciava raggiante il marito, dopo la cerimonia nuziale &#8211; . Fabio \u00e8 il regalo di mio fratello Stefano. L\u2019ho sempre pensato. Sento che oggi mi \u00e8 vicino ed \u00e8 felice per noi\u201d.<\/p>\n<p> <img alt=\"Una cerimonia intima per 50\u00a0persone, nel parco della loro &quot;casa del cuore\u201d\" loading=\"lazy\" width=\"1600\" height=\"900\" decoding=\"async\" data-nimg=\"1\" style=\"color:transparent;max-width:100%;height:auto\"   src=\"https:\/\/www.europesays.com\/it\/wp-content\/uploads\/2026\/08\/una-cerimonia-intima-per-50-persone-nel-parco-della-loro-casa-del-cuore.webp\"\/><\/p>\n<p>Una cerimonia intima per 50\u00a0persone, nel parco della loro &#8220;casa del cuore\u201d<\/p>\n<p>Ilaria Cucchi: \u201cFabio \u00e8 un regalo di mio fratello\u201d <\/p>\n<p>Del resto, l\u2019amore per Stefano e trovato grazie a Stefano \u00e8 un tema che in questi anni si \u00e8 fatto vivo spesso nei pensieri anche di Fabio Anselmo. Lo racconta con serenit\u00e0. \u201cPer anni ho vissuto questo sentimento come un peso \u2013 dice &#8211; . L\u2019immensa gioia che derivava dall\u2019amore per Ilaria, era legata purtroppo alla tragica morte di Stefano. Era una felicit\u00e0 che mi faceva inizialmente sentire in colpa\u201d.<\/p>\n<p>Questo pomeriggio, con il suo romantico abito rosa con la gonna lunga di tulle e il corpetto in pizzo e perle, Ilaria Cucchi era raggiante. Gli occhi azzurri come il mare brillavano di gioia nel raccontare che \u201canche nei momenti pi\u00f9 tragici e difficili, quando tutto sembrava remare contro, Fabio ed io abbiamo sempre trovato un modo per sorridere, per farci forza. Questo ci ha consentito di andare avanti, anche quando tutto pareva troppo complicato\u201d. Programmi per il post matrimonio, per ora non ce ne sono. \u201cStiamo vivendo al minuto \u2013 hanno detto insieme gli sposi \u2013 I programmi del resto non fanno parte del nostro stile\u201d.<\/p>\n<p>&#8220;Ci piacerebbe vivere stabilmente a Vallefoglia\u201d <\/p>\n<p>La certezza che resta \u00e8 invece il loro impegno per le battaglie per il rispetto dei diritti per i pi\u00f9 fragili, dai banchi del<strong> Senato<\/strong> tra le fila di <strong>Avs<\/strong> per Ilaria e dal suo <strong>studio legale a Ferrara per Fabio<\/strong>. \u201cIl matrimonio ha unito i nostri cuori e le nostre storie \u2013 dicono &#8211; . Continueremo insieme in quello che finora abbiamo fatto\u201d. Con un sogno nel cassetto. \u201cTra qualche anno se non ce la faccio pi\u00f9 \u2013 dice Fabio \u2013 non nego che mi piacerebbe vivere stabilmente qui a <strong>Vallefoglia<\/strong>\u201d. E anche Ilaria non disdegna.<\/p>\n","protected":false},"excerpt":{"rendered":"Vallefoglia, 29 agosto 2026 \u2013 Hanno detto s\u00ec nella loro terra d\u2019origine. Ilaria Cucchi e Fabio Anselmo si&hellip;\n","protected":false},"author":3,"featured_media":655499,"comment_status":"","ping_status":"","sticky":false,"template":"","format":"standard","meta":{"footnotes":"","_share_on_mastodon":"0"},"categories":[79],"tags":[95345,14,93,94,60192,6036,15504,3688,40614,1537,90,89,8866,7,15,5893,6845,11,84,91,12,85,92],"class_list":["post-655498","post","type-post","status-publish","format-standard","has-post-thumbnail","category-italia","tag-anselmo","tag-cronaca","tag-cronaca-italiana","tag-cronacaitaliana","tag-cucchi","tag-cuore","tag-fabio","tag-fratello","tag-ilaria","tag-it","tag-italia","tag-italy","tag-matrimonio","tag-news","tag-notizie","tag-regalo","tag-stefano","tag-ultime-notizie","tag-ultime-notizie-e-news-di-oggi","tag-ultime-notizie-italia","tag-ultimenotizie","tag-ultimenotizieenewsdioggi","tag-ultimenotizieitalia"],"share_on_mastodon":{"url":"https:\/\/pubeurope.com\/@it\/117180752226820806","error":""},"_links":{"self":[{"href":"https:\/\/www.europesays.com\/it\/wp-json\/wp\/v2\/posts\/655498","targetHints":{"allow":["GET"]}}],"collection":[{"href":"https:\/\/www.europesays.com\/it\/wp-json\/wp\/v2\/posts"}],"about":[{"href":"https:\/\/www.europesays.com\/it\/wp-json\/wp\/v2\/types\/post"}],"author":[{"embeddable":true,"href":"https:\/\/www.europesays.com\/it\/wp-json\/wp\/v2\/users\/3"}],"replies":[{"embeddable":true,"href":"https:\/\/www.europesays.com\/it\/wp-json\/wp\/v2\/comments?post=655498"}],"version-history":[{"count":0,"href":"https:\/\/www.europesays.com\/it\/wp-json\/wp\/v2\/posts\/655498\/revisions"}],"wp:featuredmedia":[{"embeddable":true,"href":"https:\/\/www.europesays.com\/it\/wp-json\/wp\/v2\/media\/655499"}],"wp:attachment":[{"href":"https:\/\/www.europesays.com\/it\/wp-json\/wp\/v2\/media?parent=655498"}],"wp:term":[{"taxonomy":"category","embeddable":true,"href":"https:\/\/www.europesays.com\/it\/wp-json\/wp\/v2\/categories?post=655498"},{"taxonomy":"post_tag","embeddable":true,"href":"https:\/\/www.europesays.com\/it\/wp-json\/wp\/v2\/tags?post=655498"}],"curies":[{"name":"wp","href":"https:\/\/api.w.org\/{rel}","templated":true}]}}