{"id":655516,"date":"2026-08-29T21:05:12","date_gmt":"2026-08-29T21:05:12","guid":{"rendered":"https:\/\/www.europesays.com\/it\/655516\/"},"modified":"2026-08-29T21:05:12","modified_gmt":"2026-08-29T21:05:12","slug":"juventus-e-emergenza-a-centrocampo-carnevali-e-massara-a-caccia-di-un-nuovo-innesto-per-spalletti-lultima-idea-e-pape-sarr-del-tottenham","status":"publish","type":"post","link":"https:\/\/www.europesays.com\/it\/655516\/","title":{"rendered":"Juventus, \u00e8 emergenza a centrocampo: Carnevali e Massara a caccia di un nuovo innesto per Spalletti, l&#8217;ultima idea \u00e8 Pape Sarr del Tottenham"},"content":{"rendered":"<p>Il giocatore senegalese, cresciuto calcisticamente nel suo Paese nella scuola Generation Foot, affiliata col Metz, e poi trasferitosi proprio in Francia, gioca per il Tottenham dalla stagione 2022\/2023. Ha disputato un totale di 141 partite, con 11 reti all&#8217;attivo, ma in questo avvio di stagione <b><strong>non \u00e8 mai stato convocato e preso in considerazione da De Zerbi. Il suo contratto con la societ\u00e0 londinese scade nel giugno 2030 e la Juventus, secondo <\/strong><\/b><b><strong>Sky Sport<\/strong><\/b><b><strong>, ha gi\u00e0 raccolto le prime informazioni e ha raccolto la disponibilit\u00e0 a discutere sulla base di un prestito con diritto di riscatto che, a determinate condizioni, pu\u00f2 convertirsi in obbligo. Ora la contrattazione si sposta sul lato del calciatore senegalese per convincerlo ad accettare la destinazione.<\/strong><\/b><\/p>\n","protected":false},"excerpt":{"rendered":"Il giocatore senegalese, cresciuto calcisticamente nel suo Paese nella scuola Generation Foot, affiliata col Metz, e poi trasferitosi&hellip;\n","protected":false},"author":3,"featured_media":655517,"comment_status":"","ping_status":"","sticky":false,"template":"","format":"standard","meta":{"footnotes":"","_share_on_mastodon":"0"},"categories":[176],"tags":[353,1537,90,89,558,361628,245,244,28006,355],"class_list":["post-655516","post","type-post","status-publish","format-standard","has-post-thumbnail","category-sport","tag-calciomercato","tag-it","tag-italia","tag-italy","tag-juventus","tag-p-sarr","tag-sport","tag-sports","tag-tottenham-hotspur","tag-transfers"],"share_on_mastodon":{"url":"https:\/\/pubeurope.com\/@it\/117180833911237982","error":""},"_links":{"self":[{"href":"https:\/\/www.europesays.com\/it\/wp-json\/wp\/v2\/posts\/655516","targetHints":{"allow":["GET"]}}],"collection":[{"href":"https:\/\/www.europesays.com\/it\/wp-json\/wp\/v2\/posts"}],"about":[{"href":"https:\/\/www.europesays.com\/it\/wp-json\/wp\/v2\/types\/post"}],"author":[{"embeddable":true,"href":"https:\/\/www.europesays.com\/it\/wp-json\/wp\/v2\/users\/3"}],"replies":[{"embeddable":true,"href":"https:\/\/www.europesays.com\/it\/wp-json\/wp\/v2\/comments?post=655516"}],"version-history":[{"count":0,"href":"https:\/\/www.europesays.com\/it\/wp-json\/wp\/v2\/posts\/655516\/revisions"}],"wp:featuredmedia":[{"embeddable":true,"href":"https:\/\/www.europesays.com\/it\/wp-json\/wp\/v2\/media\/655517"}],"wp:attachment":[{"href":"https:\/\/www.europesays.com\/it\/wp-json\/wp\/v2\/media?parent=655516"}],"wp:term":[{"taxonomy":"category","embeddable":true,"href":"https:\/\/www.europesays.com\/it\/wp-json\/wp\/v2\/categories?post=655516"},{"taxonomy":"post_tag","embeddable":true,"href":"https:\/\/www.europesays.com\/it\/wp-json\/wp\/v2\/tags?post=655516"}],"curies":[{"name":"wp","href":"https:\/\/api.w.org\/{rel}","templated":true}]}}