{"id":655520,"date":"2026-08-29T21:07:17","date_gmt":"2026-08-29T21:07:17","guid":{"rendered":"https:\/\/www.europesays.com\/it\/655520\/"},"modified":"2026-08-29T21:07:17","modified_gmt":"2026-08-29T21:07:17","slug":"jo-squillo-in-topless-su-instagram-il-gesto-per-sabrina-salerno-copriti-alla-tua-eta","status":"publish","type":"post","link":"https:\/\/www.europesays.com\/it\/655520\/","title":{"rendered":"Jo Squillo in topless su Instagram, il gesto per Sabrina Salerno: &#8220;Copriti alla tua et\u00e0&#8221;"},"content":{"rendered":"<p>Un video girato in giardino, pochi secondi appena: <b>Jo Squillo<\/b> compare a torso nudo, con le mani a coprire il seno. Poi dice una frase ironica: \u201cCopriti alla tua et\u00e0\u201d. E le braccia si alzano. Sul seno di Jo Squillo, a quel punto, spuntano <b>due stelline<\/b>, appiccicate l\u00ec per non violare le <b>policy antinudo di Meta<\/b>, che su queste faccende non ha mai brillato per spirito.<\/p>\n<p>Il destinatario dell\u2019ironia non \u00e8 difficile da individuare. Jo Squillo, 64 anni, ha pubblicato il contenuto su Instagram per schierarsi con <b>Sabrina Salerno<\/b>, finita nel mirino nei giorni scorsi per alcune foto in costume. Nella didascalia, la solidariet\u00e0 all\u2019amica e una replica a chi giudica il modo in cui le due si mostrano alla loro et\u00e0, con una promessa: <b>il meglio deve ancora venire<\/b>. Sabrina Salerno ha ricambiato ripostando il video, e sotto ha lasciato tre parole e tre punti esclamativi: <b>\u201cUps\u2026 brava Jo!!!\u201d<\/b>. Insomma, come hanno sempre detto, oltre alle gambe c\u2019\u00e8 di pi\u00f9!<\/p>\n<blockquote class=\"instagram-media\" data-instgrm-captioned=\"\" data-instgrm-permalink=\"https:\/\/www.instagram.com\/p\/DclimjCsbVj\/?utm_source=ig_embed&amp;utm_campaign=loading\" data-instgrm-version=\"14\" style=\" background:#FFF; border:0; border-radius:3px; box-shadow:0 0 1px 0 rgba(0,0,0,0.5),0 1px 10px 0 rgba(0,0,0,0.15); margin: 1px; max-width:100%; min-width:326px; padding:0; width:99.375%; width:-webkit-calc(100% - 2px); width:calc(100% - 2px);\"\/>\n<p>Il carosello pubblicato da <a href=\"https:\/\/dilei.it\/star-e-vip\/sabrina-salerno\/\" rel=\"nofollow noopener\" target=\"_blank\">Sabrina Salerno<\/a> raccontava settimane normalissime: mare, palestra, camerini tra un\u2019esibizione e l\u2019altra. Capelli ricci al vento, nessun filtro. Sotto, insieme ai complimenti, \u00e8 arrivato il classico appunto non richiesto: <b>\u201cMi dispiace per te, ancora fai la ragazzina, vivi la vita\u201d<\/b>.<\/p>\n<p>Sabrina Salerno, 58 anni, riceve commenti del genere da quando ne aveva 20, sempre e solo sul suo fisico, un po\u2019 di gavetta l\u2019ha fatta. E ha risposto: \u201cEssere in costume non significa fare la ragazzina, significa semplicemente stare bene nel proprio corpo\u201d. Poi ha aggiunto una postilla che ha girato parecchio: \u201cCapisco per\u00f2 che certe libert\u00e0 possano sembrare inappropriate a chi non pu\u00f2 permettersele. E non parlo soltanto del fisico, ma anche della sicurezza in s\u00e9 stesse\u201d. Il post ha superato i <b>25mila like<\/b>.<\/p>\n<blockquote class=\"instagram-media\" data-instgrm-captioned=\"\" data-instgrm-permalink=\"https:\/\/www.instagram.com\/p\/DclwFjbDBx_\/?utm_source=ig_embed&amp;utm_campaign=loading\" data-instgrm-version=\"14\" style=\" background:#FFF; border:0; border-radius:3px; box-shadow:0 0 1px 0 rgba(0,0,0,0.5),0 1px 10px 0 rgba(0,0,0,0.15); margin: 1px; max-width:100%; min-width:326px; padding:0; width:99.375%; width:-webkit-calc(100% - 2px); width:calc(100% - 2px);\"\/>\n<p>La chiusura del commento, \u201cSolo Dio sa quanto io ami la vita e di come la viva intensamente\u201d, \u00e8 stata letta come un riferimento alla malattia. Sabrina Salerno ha ricevuto la diagnosi di <b>un nodulo maligno al seno nel luglio 2024<\/b>, si \u00e8 operata pochi mesi dopo e ha concluso la radioterapia nel gennaio 2025. Non \u00e8 nemmeno la prima volta che si ritrova a controbattere a chi commenta i suoi scatti in bikini: succede ogni estate, nulla sotto il sole d\u2019agosto.<\/p>\n<p><b>Jo Squillo, la punk arrivata all\u2019Ariston e l\u2019amicizia con Sabrina Salerno<\/b><\/p>\n<p><a href=\"https:\/\/dilei.it\/star-e-vip\/jo-squillo\/\" rel=\"nofollow noopener\" target=\"_blank\">Giovanna Coletti,<\/a> all\u2019anagrafe. Milanese, classe 1962. Jo Squillo comincia dal <b>punk con la Kandeggina Gang<\/b>, gruppo tutto femminile con cui incide il primo 45 giri, poi attraversa new wave e dance senza troppi rimpianti. Negli anni Novanta passa alla televisione, e dal 1999 conduce Tv Moda, che nel 2002 diventa un canale satellitare tutto suo. Il femminismo, per Jo Squillo, non \u00e8 un accessorio arrivato con i social: \u00e8 il mestiere che porta avanti da quarant\u2019anni, tra dischi, trasmissioni e campagne.<\/p>\n<p>L\u2019amicizia con Sabrina Salerno nasce sul palco pi\u00f9 guardato d\u2019Italia. Nel 1991 le due si presentano al <b>Festival di Sanremo<\/b> con Siamo donne, brano scritto proprio da Giovanna Coletti, e vengono accolte con una certa freddezza dalla critica, che spesso non ne azzecca mezza.<\/p>\n<p><b>Siamo donne, trentacinque anni dopo<\/b><\/p>\n<p>Il pezzo si classific\u00f2 al <b>tredicesimo posto<\/b>. L\u2019Ariston non lo cap\u00ec, il pubblico s\u00ec: <b>undicesima posizione nella classifica dei singoli di Musica e Dischi<\/b> e una delle canzoni pi\u00f9 ricordate di quell\u2019anno. Da allora Jo Squillo e Sabrina Salerno sono tornate insieme diverse volte, tra reunion, foto e ospitate. Stavolta il ritrovo \u00e8 avvenuto in giardino, con due stelline al posto della censura.<\/p>\n<p>\t\t\t\tScopri i personaggi in trend, le storie del momento e molto altro.<br \/>Dove? Sul <a href=\"https:\/\/whatsapp.com\/channel\/0029Vb68mVyHVvTWezDm7d0R\" target=\"_blank\" rel=\"noopener nofollow\">canale WhatsApp di DiLei!<\/a><\/p>\n<p>\t\t\t<a class=\"buttonCall\" href=\"https:\/\/whatsapp.com\/channel\/0029Vb68mVyHVvTWezDm7d0R\" target=\"_blank\" rel=\"noopener nofollow\" title=\"Seguici su WhatsApp\"><br \/>\n\t\t\t\tSeguici su WhatsApp<br \/>\n\t\t\t<\/a><\/p>\n<p>\t<script async src=\"\/\/www.instagram.com\/embed.js\"><\/script><\/p>\n","protected":false},"excerpt":{"rendered":"Un video girato in giardino, pochi secondi appena: Jo Squillo compare a torso nudo, con le mani a&hellip;\n","protected":false},"author":3,"featured_media":655521,"comment_status":"","ping_status":"","sticky":false,"template":"","format":"standard","meta":{"footnotes":"","_share_on_mastodon":"0"},"categories":[174],"tags":[203,204,1537,90,89,56493,29307,86],"class_list":["post-655520","post","type-post","status-publish","format-standard","has-post-thumbnail","category-intrattenimento","tag-entertainment","tag-intrattenimento","tag-it","tag-italia","tag-italy","tag-jo-squillo","tag-sabrina-salerno","tag-vip"],"share_on_mastodon":{"url":"https:\/\/pubeurope.com\/@it\/117180841665144218","error":""},"_links":{"self":[{"href":"https:\/\/www.europesays.com\/it\/wp-json\/wp\/v2\/posts\/655520","targetHints":{"allow":["GET"]}}],"collection":[{"href":"https:\/\/www.europesays.com\/it\/wp-json\/wp\/v2\/posts"}],"about":[{"href":"https:\/\/www.europesays.com\/it\/wp-json\/wp\/v2\/types\/post"}],"author":[{"embeddable":true,"href":"https:\/\/www.europesays.com\/it\/wp-json\/wp\/v2\/users\/3"}],"replies":[{"embeddable":true,"href":"https:\/\/www.europesays.com\/it\/wp-json\/wp\/v2\/comments?post=655520"}],"version-history":[{"count":0,"href":"https:\/\/www.europesays.com\/it\/wp-json\/wp\/v2\/posts\/655520\/revisions"}],"wp:featuredmedia":[{"embeddable":true,"href":"https:\/\/www.europesays.com\/it\/wp-json\/wp\/v2\/media\/655521"}],"wp:attachment":[{"href":"https:\/\/www.europesays.com\/it\/wp-json\/wp\/v2\/media?parent=655520"}],"wp:term":[{"taxonomy":"category","embeddable":true,"href":"https:\/\/www.europesays.com\/it\/wp-json\/wp\/v2\/categories?post=655520"},{"taxonomy":"post_tag","embeddable":true,"href":"https:\/\/www.europesays.com\/it\/wp-json\/wp\/v2\/tags?post=655520"}],"curies":[{"name":"wp","href":"https:\/\/api.w.org\/{rel}","templated":true}]}}