{"id":655542,"date":"2026-08-29T21:26:21","date_gmt":"2026-08-29T21:26:21","guid":{"rendered":"https:\/\/www.europesays.com\/it\/655542\/"},"modified":"2026-08-29T21:26:21","modified_gmt":"2026-08-29T21:26:21","slug":"alice-campello-e-morata-addio-italia-la-nuova-vita-della-coppia","status":"publish","type":"post","link":"https:\/\/www.europesays.com\/it\/655542\/","title":{"rendered":"Alice Campello e Morata, addio Italia. La nuova vita della coppia"},"content":{"rendered":"<p>Per <strong>Alice Campello e Alvaro Morata<\/strong> \u00e8 tempo di fare, ancora una volta, le valigie. Dopo gli ultimi anni trascorsi tra Italia e Turchia, la coppia <strong>torna in Spagna<\/strong>. A determinare il nuovo cambio di vita \u00e8 stata la carriera dell\u2019attaccante, pronto a ripartire dal Legan\u00e9s dopo l\u2019esperienza al Como.<\/p>\n<p>Una scelta professionale che assume per\u00f2 un significato familiare. Madrid non \u00e8 una citt\u00e0 qualsiasi per Morata, che qui \u00e8 nato e cresciuto, ma neppure per Alice e i loro <strong>quattro figli<\/strong>.<\/p>\n<p>\u00c8 il luogo al quale la coppia ha continuato a sentirsi legata nonostante una vita scandita da trasferimenti, nuove squadre e case da ricostruire a ogni nuovo inizio.<\/p>\n<p>Il ritorno arriva inoltre in una fase particolare della loro storia: dopo la separazione annunciata nell\u2019estate del 2024 e il successivo riavvicinamento, i due sembrano aver ritrovato un nuovo equilibrio.\n<\/p>\n<p>Come stanno oggi Morata e Alice Campello<\/p>\n<p>Il futuro di <a href=\"https:\/\/dilei.it\/star-e-vip\/alvaro-morata\/\" data-doctype=\"\" rel=\"nofollow noopener\" target=\"_blank\">Alvaro Morata<\/a> riparte dunque dalla Spagna. Dopo<strong> l\u2019addio al Como<\/strong>, il giocatore ha salutato il club con un messaggio rivolto alla squadra e ai tifosi: \u201cGrazie, in bocca al lupo per questa stagione, far\u00f2 il tifo per voi! Grazie anche a tutti coloro che mi hanno sostenuto l\u2019anno scorso durante tanti momenti difficili\u201d.<\/p>\n<p>Dietro il nuovo trasferimento non c\u2019\u00e8 soltanto il calcio. Per Morata tornare nell\u2019area di Madrid significa <strong>riavvicinarsi alle proprie radici<\/strong> dopo stagioni vissute tra Paesi e campionati differenti. E per tutto il clan rappresenta la possibilit\u00e0 di trovare finalmente una maggiore stabilit\u00e0.<\/p>\n<p><a href=\"https:\/\/dilei.it\/star-e-vip\/alice-campello\/\" data-doctype=\"\" rel=\"nofollow noopener\" target=\"_blank\">Alice Campello<\/a> conosce bene<strong> la vita da trasloco<\/strong>. Da quando lei e Morata hanno costruito la loro famiglia, Londra, Torino, Madrid, Milano, Istanbul e Como sono diventate tappe di una geografia privata modellata quasi sempre dagli impegni professionali del calciatore.<\/p>\n<p>A Londra, durante l\u2019esperienza di Morata al Chelsea, sono nati i <strong>gemelli Alessandro e Leonardo<\/strong>. Poi \u00e8 arrivato il ritorno in Spagna, Torino con la Juventus e nuovamente Madrid con l\u2019Atl\u00e9tico. Nel 2024 il trasferimento al Milan aveva riportato la famiglia in Italia, proprio nei mesi pi\u00f9 complicati della loro relazione.<\/p>\n<p>Dalla separazione al ritorno insieme<\/p>\n<p>In quell\u2019estate del 2024 Alice Campello e Alvaro Morata hanno annunciato la separazione dopo anni di matrimonio, aprendo una fase nella quale entrambi hanno cercato di preservare soprattutto la serenit\u00e0 dei quattro figli.<\/p>\n<p>Anche allora, per\u00f2, la distanza geografica non \u00e8 durata a lungo. Alice, inizialmente rimasta a Madrid, si \u00e8 poi trasferita a Milano con i bambini per permettere loro di <strong>vivere pi\u00f9 vicino al padre<\/strong>. All\u2019inizio del 2025 \u00e8 arrivato un altro cambio di scenario: Istanbul, dopo il passaggio di Morata al Galatasaray.<\/p>\n<blockquote class=\"instagram-media\" data-instgrm-captioned=\"\" data-instgrm-permalink=\"https:\/\/www.instagram.com\/p\/DbxvDh2MhaB\/?utm_source=ig_embed&amp;utm_campaign=loading\" data-instgrm-version=\"14\" style=\" background:#FFF; border:0; border-radius:3px; box-shadow:0 0 1px 0 rgba(0,0,0,0.5),0 1px 10px 0 rgba(0,0,0,0.15); margin: 1px; max-width:100%; min-width:326px; padding:0; width:99.375%; width:-webkit-calc(100% - 2px); width:calc(100% - 2px);\"\/>\n<p>Alice ha raccontato con ironia di essere ormai diventata quasi un\u2019esperta nell\u2019organizzare trasferimenti, cercare abitazioni e confrontarsi con le agenzie immobiliari. Una capacit\u00e0 maturata per necessit\u00e0, dopo anni trascorsi ad adattare la quotidianit\u00e0 della famiglia alle esigenze del calcio professionistico.<\/p>\n<p>Ma nonostante questo Madrid \u00e8 sempre rimasto il punto fermo. Proprio nella capitale spagnola Alice e Alvaro hanno realizzato quella che l\u2019imprenditrice ha definito pi\u00f9 volte<strong> la casa dei suoi sogni<\/strong>, curata dopo anni di lavori e scelte personali. \u201cUn giorno avremo tutta la vita da trascorrere a Madrid\u201d, ha raccontato una volta parlando dei continui spostamenti affrontati insieme ai figli. Una frase che oggi assume un significato diverso.<\/p>\n<p>La nuova vita di Alice Campello e Morata<\/p>\n<p>Il <strong>ritorno in Spagna<\/strong> arriva infatti dopo mesi che hanno raccontato una nuova fase della relazione. Dopo la crisi e la <a href=\"https:\/\/dilei.it\/vip\/alice-campello-parla-morata-motivo-separazione\/2139783\/\" data-doctype=\"\" rel=\"nofollow noopener\" target=\"_blank\">separazione<\/a>, Alice e Morata hanno deciso di <a href=\"https:\/\/dilei.it\/vip\/alice-campello-alvaro-morata-tornati-insieme\/2397682\/\" data-doctype=\"\" rel=\"nofollow noopener\" target=\"_blank\">concedersi un\u2019altra possibilit\u00e0<\/a>, tornando progressivamente a <a href=\"https:\/\/dilei.it\/vip\/alice-campello-alvaro-morata-vacanza-campania\/2465983\/\" data-doctype=\"\" rel=\"nofollow noopener\" target=\"_blank\">mostrarsi insieme<\/a> e a condividere momenti familiari.<\/p>\n<p>L\u2019estate ha rafforzato l\u2019immagine di una coppia nuovamente unita. Tra viaggi, vacanze e giornate trascorse con i figli, Alice e Alvaro hanno mostrato sui social una quotidianit\u00e0 molto diversa da quella dei mesi pi\u00f9 difficili. <strong>La Sardegna \u00e8 stata una delle tappe delle loro vacanze<\/strong>, mentre altri viaggi li hanno visti nuovamente fianco a fianco.<\/p>\n<p>Ora arriva un cambiamento ancora pi\u00f9 concreto. <strong>Lasciare l\u2019Italia e tornare a Madrid<\/strong> significa avvicinarsi alle famiglie, alle proprie radici e soprattutto a quella casa che, nonostante tutti i trasferimenti, non ha mai smesso di rappresentare un punto di riferimento.<\/p>\n<p>Dopo tanti giri in Europa, per Alice Campello e Alvaro Morata inizia una stagione diversa. Non soltanto l\u2019ennesima destinazione dettata dal calcio, ma un ritorno nel <strong>luogo del cuore<\/strong> dal quale ripartire davvero.<\/p>\n<p>\t\t\t\tScopri i personaggi in trend, le storie del momento e molto altro.<br \/>Dove? Sul <a href=\"https:\/\/whatsapp.com\/channel\/0029Vb68mVyHVvTWezDm7d0R\" target=\"_blank\" rel=\"noopener nofollow\">canale WhatsApp di DiLei!<\/a><\/p>\n<p>\t\t\t<a class=\"buttonCall\" href=\"https:\/\/whatsapp.com\/channel\/0029Vb68mVyHVvTWezDm7d0R\" target=\"_blank\" rel=\"noopener nofollow\" title=\"Seguici su WhatsApp\"><br \/>\n\t\t\t\tSeguici su WhatsApp<br \/>\n\t\t\t<\/a><\/p>\n<p>\t<script async src=\"\/\/www.instagram.com\/embed.js\"><\/script><\/p>\n","protected":false},"excerpt":{"rendered":"Per Alice Campello e Alvaro Morata \u00e8 tempo di fare, ancora una volta, le valigie. Dopo gli ultimi&hellip;\n","protected":false},"author":3,"featured_media":655543,"comment_status":"","ping_status":"","sticky":false,"template":"","format":"standard","meta":{"footnotes":"","_share_on_mastodon":"0"},"categories":[1451],"tags":[70161,33920,1621,1620,203,1909,204,1537,90,89,86],"class_list":["post-655542","post","type-post","status-publish","format-standard","has-post-thumbnail","category-celebrita","tag-alice-campello","tag-alvaro-morata","tag-celebrita","tag-celebrities","tag-entertainment","tag-famiglia","tag-intrattenimento","tag-it","tag-italia","tag-italy","tag-vip"],"share_on_mastodon":{"url":"https:\/\/pubeurope.com\/@it\/117180916378579381","error":""},"_links":{"self":[{"href":"https:\/\/www.europesays.com\/it\/wp-json\/wp\/v2\/posts\/655542","targetHints":{"allow":["GET"]}}],"collection":[{"href":"https:\/\/www.europesays.com\/it\/wp-json\/wp\/v2\/posts"}],"about":[{"href":"https:\/\/www.europesays.com\/it\/wp-json\/wp\/v2\/types\/post"}],"author":[{"embeddable":true,"href":"https:\/\/www.europesays.com\/it\/wp-json\/wp\/v2\/users\/3"}],"replies":[{"embeddable":true,"href":"https:\/\/www.europesays.com\/it\/wp-json\/wp\/v2\/comments?post=655542"}],"version-history":[{"count":0,"href":"https:\/\/www.europesays.com\/it\/wp-json\/wp\/v2\/posts\/655542\/revisions"}],"wp:featuredmedia":[{"embeddable":true,"href":"https:\/\/www.europesays.com\/it\/wp-json\/wp\/v2\/media\/655543"}],"wp:attachment":[{"href":"https:\/\/www.europesays.com\/it\/wp-json\/wp\/v2\/media?parent=655542"}],"wp:term":[{"taxonomy":"category","embeddable":true,"href":"https:\/\/www.europesays.com\/it\/wp-json\/wp\/v2\/categories?post=655542"},{"taxonomy":"post_tag","embeddable":true,"href":"https:\/\/www.europesays.com\/it\/wp-json\/wp\/v2\/tags?post=655542"}],"curies":[{"name":"wp","href":"https:\/\/api.w.org\/{rel}","templated":true}]}}