{"id":655560,"date":"2026-08-29T21:38:19","date_gmt":"2026-08-29T21:38:19","guid":{"rendered":"https:\/\/www.europesays.com\/it\/655560\/"},"modified":"2026-08-29T21:38:19","modified_gmt":"2026-08-29T21:38:19","slug":"ranucci-fuori-da-report-maggioranza-scelta-giusta-critiche-da-pd-e-m5s-le-reazioni","status":"publish","type":"post","link":"https:\/\/www.europesays.com\/it\/655560\/","title":{"rendered":"Ranucci fuori da Report, maggioranza: \u201cScelta giusta\u201d. Critiche da Pd e M5S. Le reazioni"},"content":{"rendered":"<p>Sigfrido Ranucci, a partire dalla prossima stagione, <a data-intcmp=\"skytg24_foglia articolo_interlink_text\" href=\"https:\/\/tg24.sky.it\/cronaca\/2026\/08\/28\/ranucci-lavitola-report-rai-ultime-notizie\" rel=\"nofollow noopener\" target=\"_blank\">non sar\u00e0 il conduttore di Report.<\/a>\u00a0 La\u00a0decisione della Rai \u00e8 arrivata dopo gli sviluppi dell\u2019inchiesta sull&#8217;attentato ai danni del giornalista, con l\u2019arresto di Valter Lavitola (che nel frattempo ha ammesso di essere il mandante).\u00a0Il giornalista, attraverso i suoi legali, ha per\u00f2 contestato formalmente la decisione della Rai di un avvicendamento nella conduzione di Report di cui &#8220;si contesta integralmente la legittimit\u00e0, con espressa riserva di ogni azione, anche cautelare e d&#8217;urgenza, diretta a ottenerne la cessazione degli effetti e il ripristino della situazione antecedente, nonch\u00e9 il risarcimento di tutti i danni conseguenti&#8221;. La richiesta di chiarimenti e documentazione, scrivono gli avvocati Roberto De Vita e Stefano Rossi nella comunicazione alla Rai, &#8220;non comporta pertanto, n\u00e9 potr\u00e0 essere interpretata quale, acquiescenza, accettazione o rinuncia ad alcun diritto, azione o eccezione&#8221;.\u00a0<\/p>\n<p>Il cambio alla guida della trasmissione d\u2019inchiesta ha intanto acceso la polemica politica, con la maggioranza che parla di \u201cdecisione giusta\u201d e le opposizioni che invece criticano la scelta della Rai.<\/p>\n<p>\t\t \tLe parole di Sigfrido Ranucci<\/p>\n<p>\u201cIl mio non \u00e8 un addio, non condurr\u00f2 Report ma condurr\u00f2 la battaglia pi\u00f9 importante della mia vita per la libert\u00e0 di stampa, lo far\u00f2 per i miei figli e per i vostri, mi rifiuto di lasciare alle future generazioni questo mondo mostruoso, governato da persone mostruose e vigliacche che non tollerano il giornalismo libero e i magistrati indipendenti\u201d, ha dichiarato nei giorni scorsi Ranucci dopo aver appreso la decisione del cambio alla guida del programma.<\/p>\n<p>\t\t\t<a class=\"c-inline-card j-inline-card c-inline-card--with-image\" href=\"https:\/\/tg24.sky.it\/cronaca\/2026\/08\/28\/ranucci-lavitola-report-rai-ultime-notizie\" rel=\"follow nofollow noopener\" data-intcmp=\"skytg24_articolo_approfondimenti_inline\" target=\"_blank\"><\/p>\n<p>\t\t\t         <img decoding=\"async\" crossorigin=\"anonymous\" alt=\"\"  loading=\"lazy\"  src=\"https:\/\/www.europesays.com\/it\/wp-content\/uploads\/2026\/08\/ranucci_ansa.jpeg\"\/><\/p>\n<p>\n\t\t\t         Vedi anche<br \/>\n\t\t\t         Report, Sigfrido Ranucci non sar\u00e0 pi\u00f9 il conduttore del programma\n\t\t\t      <\/p>\n<p>\t\t\t<\/a><\/p>\n<p>\t\t \tSoddisfatta la maggioranza<\/p>\n<p>Per la maggioranza quella dei vertici Rai \u00e8 una decisione \u201cgiusta\u201d. Soddisfazione \u00e8 stata espressa da Fratelli d&#8217;Italia: \u201cCon la scelta di affidare la conduzione di Report a Giulia Presutti e Daniele Piervincenzi auspica che la trasmissione Report torni finalmente a fare il suo vero mestiere, quello per cui tutti i cittadini pagano il canone, ovvero il giornalismo d&#8217;inchiesta&#8221;. Il vicepremier Matteo Salvini, leader della Lega, a proposito della sostituzione di Ranucci ha commenta sui social: &#8220;Giusto cos\u00ec. Ora si faccia chiarezza&#8221;.<\/p>\n<p>\t\t\t<a class=\"c-inline-card j-inline-card c-inline-card--with-image\" href=\"https:\/\/tg24.sky.it\/cronaca\/2026\/08\/27\/attentato-ranucci-lavitola-ultime-notizie\" rel=\"follow nofollow noopener\" data-intcmp=\"skytg24_articolo_approfondimenti_inline\" target=\"_blank\"><\/p>\n<p>\t\t\t         <img decoding=\"async\" crossorigin=\"anonymous\" alt=\"\"  loading=\"lazy\"  src=\"https:\/\/www.europesays.com\/it\/wp-content\/uploads\/2026\/08\/ranucci-lavitola-tavares-ansa.jpg\"\/><\/p>\n<p>\n\t\t\t         Vedi anche<br \/>\n\t\t\t         Attentato Ranucci, esecutori &#8220;non conoscevano Lavitola, solo Tavares&#8221;\n\t\t\t      <\/p>\n<p>\t\t\t<\/a><\/p>\n<p>\t\t \tLe critiche dalle opposizioni<\/p>\n<p>Non si sono fatte attendere le reazioni delle opposizioni. \u201cEra gi\u00e0 scritto che Ranucci non venisse confermato. La destra ha ottenuto il suo obiettivo dopo anni di attacchi a Report e al suo conduttore. Telemeloni non ha nemmeno aspettato che i magistrati facciano luce sulla vicenda. Ci\u00f2 dimostra che l&#8217;obiettivo era far saltare Report\u201d, ha detto la segretaria del Pd Elly Schlein. Nel M5s, in prima linea nella difesa del conduttore, Barbara Floridia ha parlato di \u201cun vero e proprio golpe\u201d. E ha aggiunto: \u201cNon solo si fa fuori quello che fino a prova contraria resta una vittima, ma non c&#8217;\u00e8 stato alcun reale coinvolgimento della redazione. L&#8217;Italia ripiomba nei tempi bui dell&#8217;editto bulgaro di Berlusconi con quello che possiamo definire &#8216;Editto Meloni&#8217;\u2019\u201d. Per Angelo Bonelli e Nicola Fratoianni di Alleanza Verdi e Sinistra, poi, \u201c\u00e8 evidente che la destra ha usato la vicenda dell&#8217;attentato per far demolire Report\u201d. Nel Pd Sandro Ruotolo, responsabile Informazione e Cultura della segreteria nazionale del partito, ha commentato che \u201cera gi\u00e0 tutto scritto\u201d, perch\u00e9 a suo avviso \u201cquesta destra \u00e8 insofferente al controllo del giornalismo\u201d.<\/p>\n<p>\t\t\t<a class=\"c-inline-card j-inline-card c-inline-card--with-image\" href=\"https:\/\/tg24.sky.it\/cronaca\/2026\/08\/24\/caso-ranucci-lavitola-udienza\" rel=\"follow nofollow noopener\" data-intcmp=\"skytg24_articolo_approfondimenti_inline\" target=\"_blank\"><\/p>\n<p>\t\t\t         <img decoding=\"async\" crossorigin=\"anonymous\" alt=\"\"  loading=\"lazy\"  src=\"https:\/\/www.europesays.com\/it\/wp-content\/uploads\/2026\/08\/ranucci-lavitola-tavares-ansa.jpg\"\/><\/p>\n<p>\n\t\t\t         Vedi anche<br \/>\n\t\t\t         Caso Ranucci, 7 settembre udienza del Riesame per Lavitola\n\t\t\t      <\/p>\n<p>\t\t\t<\/a><\/p>\n","protected":false},"excerpt":{"rendered":"Sigfrido Ranucci, a partire dalla prossima stagione, non sar\u00e0 il conduttore di Report.\u00a0 La\u00a0decisione della Rai \u00e8 arrivata&hellip;\n","protected":false},"author":3,"featured_media":655561,"comment_status":"","ping_status":"","sticky":false,"template":"","format":"standard","meta":{"footnotes":"","_share_on_mastodon":"0"},"categories":[79],"tags":[351510,14,93,94,369,1537,90,89,7,15,2848,4910,22952,11,84,91,12,85,92],"class_list":["post-655560","post","type-post","status-publish","format-standard","has-post-thumbnail","category-italia","tag-caso-ranucci","tag-cronaca","tag-cronaca-italiana","tag-cronacaitaliana","tag-digitall","tag-it","tag-italia","tag-italy","tag-news","tag-notizie","tag-rai","tag-report","tag-sigfrido-ranucci","tag-ultime-notizie","tag-ultime-notizie-e-news-di-oggi","tag-ultime-notizie-italia","tag-ultimenotizie","tag-ultimenotizieenewsdioggi","tag-ultimenotizieitalia"],"share_on_mastodon":{"url":"https:\/\/pubeurope.com\/@it\/117180964734159386","error":""},"_links":{"self":[{"href":"https:\/\/www.europesays.com\/it\/wp-json\/wp\/v2\/posts\/655560","targetHints":{"allow":["GET"]}}],"collection":[{"href":"https:\/\/www.europesays.com\/it\/wp-json\/wp\/v2\/posts"}],"about":[{"href":"https:\/\/www.europesays.com\/it\/wp-json\/wp\/v2\/types\/post"}],"author":[{"embeddable":true,"href":"https:\/\/www.europesays.com\/it\/wp-json\/wp\/v2\/users\/3"}],"replies":[{"embeddable":true,"href":"https:\/\/www.europesays.com\/it\/wp-json\/wp\/v2\/comments?post=655560"}],"version-history":[{"count":0,"href":"https:\/\/www.europesays.com\/it\/wp-json\/wp\/v2\/posts\/655560\/revisions"}],"wp:featuredmedia":[{"embeddable":true,"href":"https:\/\/www.europesays.com\/it\/wp-json\/wp\/v2\/media\/655561"}],"wp:attachment":[{"href":"https:\/\/www.europesays.com\/it\/wp-json\/wp\/v2\/media?parent=655560"}],"wp:term":[{"taxonomy":"category","embeddable":true,"href":"https:\/\/www.europesays.com\/it\/wp-json\/wp\/v2\/categories?post=655560"},{"taxonomy":"post_tag","embeddable":true,"href":"https:\/\/www.europesays.com\/it\/wp-json\/wp\/v2\/tags?post=655560"}],"curies":[{"name":"wp","href":"https:\/\/api.w.org\/{rel}","templated":true}]}}