{"id":655566,"date":"2026-08-29T21:48:20","date_gmt":"2026-08-29T21:48:20","guid":{"rendered":"https:\/\/www.europesays.com\/it\/655566\/"},"modified":"2026-08-29T21:48:20","modified_gmt":"2026-08-29T21:48:20","slug":"a-san-pietro-vernotico-una-tappa-del-meeting-regionale-con-la-salis-bike-team-aggiano","status":"publish","type":"post","link":"https:\/\/www.europesays.com\/it\/655566\/","title":{"rendered":"A San Pietro Vernotico una tappa del meeting regionale con la Salis Bike Team Aggiano"},"content":{"rendered":"<p>SAN PIETRO VERNOTICO \u2013 Il ciclismo giovanile nella provincia di Brindisi ha un cuore pulsante e batte a San Pietro Vernotico. L&#8217;unica scuola di ciclismo attiva sul territorio provinciale, la Salis Bike Team Aggiano, si prepara a ospitare un appuntamento di grande rilievo per le ruote grasse: una delle prove del Meeting Regionale Giovanissimi Puglia, specialit\u00e0 Xco (Cross-country olympic).<\/p>\n<p>L&#8217;evento andr\u00e0 in scena il prossimo 6 settembre e trasformer\u00e0 il campo scuola della Salis Bike, situato adiacente al piazzale Domenico Modugno, nel palcoscenico ideale per le giovani promesse del pedale.<\/p>\n<p>Saranno ben 7 le categorie in gara, sia in ambito maschile che femminile, pronte a darsi battaglia ma, soprattutto, a divertirsi. Pi\u00f9 che una competizione, la giornata si preannuncia come una vera e propria festa dello sport dedicata ai bambini, capace di richiamare societ\u00e0 provenienti da tutta la Puglia e dalle regioni limitrofe, accompagnate da una cornice entusiasta di genitori e appassionati.<\/p>\n<p>La manifestazione vanta il forte sostegno dell&#8217;Amministrazione comunale, in prima linea nel seguire le fasi di preparazione. La sindaca Maria Lucia Argentieri e l&#8217;assessore allo sport Pietro Solazzo hanno creduto sin dall&#8217;inizio nel progetto. Proprio la prima cittadina sottolinea l&#8217;importanza dell&#8217;iniziativa:<\/p>\n<p>\u201cSiamo profondamente orgogliosi di ospitare un evento che mette al centro i nostri giovani e i valori pi\u00f9 sani dello sport. La nostra amministrazione crede fermamente nel suo valore educativo e sociale. Quando poi un\u2019associazione riesce a portare nel proprio paese un evento di carattere regionale, capace di richiamare societ\u00e0 e famiglie da tutta la Puglia, lo sport diventa anche uno straordinario strumento di promozione del territorio. Vedere San Pietro Vernotico animarsi di ragazzi, famiglie e colori \u00e8 una grande vittoria per tutta la nostra comunit\u00e0\u201d.<\/p>\n<p>L&#8217;evento si inserisce in un quadro di grande vivacit\u00e0 per le due ruote regionali, un fermento guidato dal grande lavoro del Comitato Regionale Fai Puglia. Il presidente Tommaso Depalma evidenzia il momento positivo del movimento: \u201cLa Puglia del pedale \u00e8 attiva, viva e in continua crescita. Tutto questo \u00e8 il risultato dell&#8217;instancabile lavoro svolto sul territorio dalle societ\u00e0 sportive, che sono la nostra spina dorsale. Eventi dedicati ai Giovanissimi come questo rappresentano il cuore pulsante del nostro sport: investire sui bambini significa non solo formare i cittadini di domani, ma assicurare un futuro luminoso a tutto il ciclismo pugliese. Un grazie particolare lo devo all\u2019amministrazione comunale di San Pietro per la vicinanza e la disponibilit\u00e0 verso il mondo dello sport\u201d.<\/p>\n<p><img decoding=\"async\" src=\"https:\/\/www.europesays.com\/it\/wp-content\/uploads\/2026\/08\/tommaso-depalma.jpeg\" alt=\"Tommaso Depalma\" title=\"Tommaso Depalma\"\/><\/p>\n<p>Il vero motore dell&#8217;iniziativa a livello locale rimane per\u00f2 il presidente dell&#8217;and, Giulio Carbone. Pur essendo una voce nota (e richiestissima come speaker) in moltissime gare del Centro-Sud Italia, Carbone ha mantenuto un legame viscerale con il suo territorio, tenendo sempre vivo l&#8217;interesse per il ciclismo giovanile nel suo paese: \u201cCon la complicit\u00e0 del professore Stefano Cascione, di Aldo Pesimena, Gianluca Merola, di mio figlio Luca Pio e di altri genitori, possiamo vantare una vera e propria Scuola di Ciclismo a San Pietro Vernotico. Il nostro obiettivo principale \u00e8 chiaro: non costruiamo campioni, ma li avviamo al ciclismo facendoli giocare e divertire. Questa gara \u00e8 solo una delle tante, bellissime esperienze a loro riservate\u201d.<\/p>\n<p>I piccoli atleti si misureranno su un tracciato studiato appositamente per esaltare le loro abilit\u00e0 in totale sicurezza. Lunghezza: 970 metri di circuito fuoristrada. Elementi Tecnici: Salti, paraboliche, dossi e sezioni guidate. Sicurezza: Il percorso \u00e8 stato gi\u00e0 ampiamente visionato e approvato dal responsabile regionale Danilo Zollino.<\/p>\n<p>Un tracciato che sar\u00e0 sicuramente apprezzato dai partecipanti e che regaler\u00e0 ai bambini momenti di confronto tanto tecnici quanto divertenti. San Pietro Vernotico \u00e8 pronta ad accogliere la grande carovana del ciclismo giovanile per una domenica indimenticabile all&#8217;insegna dello sport e dei sorrisi.<\/p>\n<p>Rimani aggiornato sulle notizie dalla tua provincia iscrivendoti al nostro canale whatsapp: <a href=\"https:\/\/whatsapp.com\/channel\/0029VaKWoMlHVvTdyOiOzY2a\" rel=\"nofollow noopener\" target=\"_blank\">clicca qui<\/a><\/p>\n<p>Seguici gratuitamente anche sul canale Facebook: <a href=\"https:\/\/m.me\/j\/Abampv2kioahdYYR\/?fbclid=IwZXh0bgNhZW0CMTAAAR29fhbvEPBoqO0AXcm08uabvybjbX6Vl8SoolvjtSYOebOXvXAZ-222Rrk_aem_aWYjeKkf52MbBu56JCWyxw\" target=\"_blank\" rel=\"nofollow\">https:\/\/m.me\/j\/Abampv2kioahdYYR\/<\/a><\/p>\n<p>\u00a0<\/p>\n<p>\u00a0<\/p>\n","protected":false},"excerpt":{"rendered":"SAN PIETRO VERNOTICO \u2013 Il ciclismo giovanile nella provincia di Brindisi ha un cuore pulsante e batte a&hellip;\n","protected":false},"author":3,"featured_media":655567,"comment_status":"","ping_status":"","sticky":false,"template":"","format":"standard","meta":{"footnotes":"","_share_on_mastodon":"0"},"categories":[1456],"tags":[1824,1825,1837,1537,90,89,245,244],"class_list":["post-655566","post","type-post","status-publish","format-standard","has-post-thumbnail","category-ciclismo","tag-ciclismo","tag-cycling","tag-gare","tag-it","tag-italia","tag-italy","tag-sport","tag-sports"],"share_on_mastodon":{"url":"https:\/\/pubeurope.com\/@it\/117181003712541628","error":""},"_links":{"self":[{"href":"https:\/\/www.europesays.com\/it\/wp-json\/wp\/v2\/posts\/655566","targetHints":{"allow":["GET"]}}],"collection":[{"href":"https:\/\/www.europesays.com\/it\/wp-json\/wp\/v2\/posts"}],"about":[{"href":"https:\/\/www.europesays.com\/it\/wp-json\/wp\/v2\/types\/post"}],"author":[{"embeddable":true,"href":"https:\/\/www.europesays.com\/it\/wp-json\/wp\/v2\/users\/3"}],"replies":[{"embeddable":true,"href":"https:\/\/www.europesays.com\/it\/wp-json\/wp\/v2\/comments?post=655566"}],"version-history":[{"count":0,"href":"https:\/\/www.europesays.com\/it\/wp-json\/wp\/v2\/posts\/655566\/revisions"}],"wp:featuredmedia":[{"embeddable":true,"href":"https:\/\/www.europesays.com\/it\/wp-json\/wp\/v2\/media\/655567"}],"wp:attachment":[{"href":"https:\/\/www.europesays.com\/it\/wp-json\/wp\/v2\/media?parent=655566"}],"wp:term":[{"taxonomy":"category","embeddable":true,"href":"https:\/\/www.europesays.com\/it\/wp-json\/wp\/v2\/categories?post=655566"},{"taxonomy":"post_tag","embeddable":true,"href":"https:\/\/www.europesays.com\/it\/wp-json\/wp\/v2\/tags?post=655566"}],"curies":[{"name":"wp","href":"https:\/\/api.w.org\/{rel}","templated":true}]}}