{"id":655642,"date":"2026-08-29T22:57:15","date_gmt":"2026-08-29T22:57:15","guid":{"rendered":"https:\/\/www.europesays.com\/it\/655642\/"},"modified":"2026-08-29T22:57:15","modified_gmt":"2026-08-29T22:57:15","slug":"fiducia-consumatori-e-imprese-in-crescita-i-numeri-di-agosto-2026","status":"publish","type":"post","link":"https:\/\/www.europesays.com\/it\/655642\/","title":{"rendered":"Fiducia consumatori e imprese in crescita, i numeri di agosto 2026"},"content":{"rendered":"<p>Ad agosto 2026 cresce la fiducia di consumatori e imprese. Secondo le stime diffuse dall\u2019Istat, l\u2019indice del clima di fiducia dei consumatori sale <strong>da 94,2 a 94,5<\/strong>, segnando il secondo aumento consecutivo, mentre l\u2019indicatore composito del clima di fiducia delle imprese passa da 95,7 a 96,9. Il quadro conferma un graduale recupero del sentiment economico, anche se, secondo le associazioni dei consumatori, sui dati pesa l\u2019effetto vacanze, destinato a esaurirsi presto.\n<\/p>\n<p>Consumatori pi\u00f9 fiduciosi sull\u2019economia<\/p>\n<p>L\u2019incremento dell\u2019indice generale dei <a href=\"https:\/\/quifinanza.it\/economia\/fiducia-consumatori-gennaio-2026\/955370\/\" rel=\"nofollow noopener\" target=\"_blank\">consumatori<\/a> \u00e8 sostenuto soprattutto dal miglioramento della percezione relativa alla situazione economica del Paese. Il <strong>clima<\/strong> <strong>economico<\/strong>, infatti, aumenta da 90,9 a 92,3, con una variazione pi\u00f9 ampia rispetto agli altri indicatori considerati.<\/p>\n<p>Crescono, ma in misura pi\u00f9 contenuta, anche:<\/p>\n<ul>\n<li>il clima corrente, da 97,4 a 97,8;<\/li>\n<li>il clima futuro, da 89,8 a 90,2;<\/li>\n<li>il clima complessivo, da 94,2 a 94,5.<\/li>\n<\/ul>\n<p>Resta invece invariato a 95,4 il clima personale, che sintetizza la valutazione delle famiglie sulla propria situazione economica e finanziaria. Da questi dati sembra che gli italiani guardino con maggiore ottimismo all\u2019economia generale, senza per\u00f2 rilevare cambiamenti significativi nelle condizioni personali.<\/p>\n<p>Tra gli elementi che hanno contribuito al miglioramento figurano il rafforzamento dei giudizi sulla <strong>situazione economica generale<\/strong> e familiare e la diminuzione delle attese sulla disoccupazione. Cresce inoltre la fiducia nella possibilit\u00e0 di risparmiare nei prossimi mesi. Il saldo relativo alle possibilit\u00e0 future di risparmio passa infatti da -10,6 a -2,9.<\/p>\n<p>A fronte di una maggiore propensione al risparmio, restano invece prudenti le valutazioni sull\u2019acquisto di beni durevoli, il cui saldo peggiora da -76,3 a -79,1.<\/p>\n<p>Imprese, fiducia in aumento in tutti i comparti<\/p>\n<p>Il miglioramento \u00e8 pi\u00f9 evidente sul fronte delle <a href=\"https:\/\/quifinanza.it\/lavoro\/street-food-italia-agosto-2026\/1013533\/\" rel=\"nofollow noopener\" target=\"_blank\">imprese<\/a>. L\u2019indicatore composito del clima di fiducia raggiunge quota 96,9, rispetto al 95,7 di luglio. L\u2019aumento interessa tutti i principali comparti monitorati dall\u2019Istat, ma con intensit\u00e0 molto diverse.<\/p>\n<tr>\nSettore<br \/>\nLuglio 2026<br \/>\nAgosto 2026<br \/>\nVariazione<br \/>\n<\/tr>\n<tr>\n<td>Manifattura<\/td>\n<td>89,7<\/td>\n<td>89,9<\/td>\n<td>+0,2<\/td>\n<\/tr>\n<tr>\n<td>Costruzioni<\/td>\n<td>96,8<\/td>\n<td>102,9<\/td>\n<td>+6,1<\/td>\n<\/tr>\n<tr>\n<td>Servizi di mercato<\/td>\n<td>98,2<\/td>\n<td>99,5<\/td>\n<td>+1,3<\/td>\n<\/tr>\n<tr>\n<td>Commercio al dettaglio<\/td>\n<td>106,5<\/td>\n<td>106,6<\/td>\n<td>+0,1<\/td>\n<\/tr>\n<p>Il risultato pi\u00f9 significativo riguarda le <a href=\"https:\/\/quifinanza.it\/mercato-immobiliare\/prezzi-case-marzo-2025\/897564\/\" rel=\"nofollow noopener\" target=\"_blank\">costruzioni<\/a>, dove l\u2019indice balza da 96,8 a 102,9. Migliorano sia i giudizi sugli ordini e sui piani di costruzione sia le attese sull\u2019occupazione. Le aspettative sull\u2019<strong>occupazione<\/strong> migliorano sensibilmente, con il saldo che passa da 2,8 a 10,0. Anche quello relativo agli ordini cresce, da -9,0 a -4,0.<\/p>\n<p>Ma per le associazioni si parla di \u201ceffetto vacanze\u201d<\/p>\n<p>Sull\u2019indice del clima di fiducia dei consumatori incide il <strong>clima vacanziero<\/strong> che si registra nel mese di agosto. Lo afferma il Codacons commentando i dati diffusi oggi dall\u2019Istat.<\/p>\n<blockquote>\n<p>L\u2019incremento della fiducia dei consumatori \u00e8 da attribuire ad un generale ottimismo legato alle ferie estive degli italiani. Il vero banco di prova sar\u00e0 per\u00f2 a settembre, quando cio\u00e8 gli italiani saranno alle prese con le spese legate al rientro dalle vacanze, a partire da quelle per la scuola per le famiglie che hanno figli.<\/p>\n<\/blockquote>\n<p>Settembre sar\u00e0 quindi il vero banco di prova per valutare gli effetti dei <strong>rincari di carburanti<\/strong> e prodotti energetici registrati ad agosto, oltre alle possibili conseguenze sui prezzi al dettaglio e sui bilanci delle famiglie.<\/p>\n<p>Anche secondo Federconsumatori \u201cl\u2019ottimismo \u00e8 destinato a svanire\u201d, dato che \u201cinsieme ai <strong>rincari<\/strong> di benzina e gasolio sono in arrivo aumenti per scuola, riscaldamento, energia, beni alimentari\u201d. I dati dell\u2019Osservatorio Nazionale Federconsumatori rilevano gi\u00e0 i seguenti dati:<\/p>\n<ul>\n<li>un calo del consumo di carne e pesce pari al 16,9%;<\/li>\n<li>la caccia alle offerte, o ai prodotti prossimi alla scadenza, abitudine adottata dal 52,5% dei cittadini;<\/li>\n<li>l\u2019aumento della spesa presso i discount del 12,2%.<\/li>\n<\/ul>\n<p>Per Federconsumatori, per arginare questa emergenza \u00e8 necessario che \u201cil Governo si decida ad intaccare anche gli interessi delle grandi imprese energetiche (e non solo), applicando una tassazione adeguata degli <strong>extraprofitti<\/strong> e un incremento della tassazione delle grandi rendite finanziarie\u201d.<\/p>\n","protected":false},"excerpt":{"rendered":"Ad agosto 2026 cresce la fiducia di consumatori e imprese. Secondo le stime diffuse dall\u2019Istat, l\u2019indice del clima&hellip;\n","protected":false},"author":3,"featured_media":655643,"comment_status":"","ping_status":"","sticky":false,"template":"","format":"standard","meta":{"footnotes":"","_share_on_mastodon":"0"},"categories":[172],"tags":[178,177,184,16244,1537,90,89],"class_list":["post-655642","post","type-post","status-publish","format-standard","has-post-thumbnail","category-affari","tag-affari","tag-business","tag-economia","tag-istat","tag-it","tag-italia","tag-italy"],"share_on_mastodon":{"url":"https:\/\/pubeurope.com\/@it\/117181274371734793","error":""},"_links":{"self":[{"href":"https:\/\/www.europesays.com\/it\/wp-json\/wp\/v2\/posts\/655642","targetHints":{"allow":["GET"]}}],"collection":[{"href":"https:\/\/www.europesays.com\/it\/wp-json\/wp\/v2\/posts"}],"about":[{"href":"https:\/\/www.europesays.com\/it\/wp-json\/wp\/v2\/types\/post"}],"author":[{"embeddable":true,"href":"https:\/\/www.europesays.com\/it\/wp-json\/wp\/v2\/users\/3"}],"replies":[{"embeddable":true,"href":"https:\/\/www.europesays.com\/it\/wp-json\/wp\/v2\/comments?post=655642"}],"version-history":[{"count":0,"href":"https:\/\/www.europesays.com\/it\/wp-json\/wp\/v2\/posts\/655642\/revisions"}],"wp:featuredmedia":[{"embeddable":true,"href":"https:\/\/www.europesays.com\/it\/wp-json\/wp\/v2\/media\/655643"}],"wp:attachment":[{"href":"https:\/\/www.europesays.com\/it\/wp-json\/wp\/v2\/media?parent=655642"}],"wp:term":[{"taxonomy":"category","embeddable":true,"href":"https:\/\/www.europesays.com\/it\/wp-json\/wp\/v2\/categories?post=655642"},{"taxonomy":"post_tag","embeddable":true,"href":"https:\/\/www.europesays.com\/it\/wp-json\/wp\/v2\/tags?post=655642"}],"curies":[{"name":"wp","href":"https:\/\/api.w.org\/{rel}","templated":true}]}}