{"id":655715,"date":"2026-08-30T00:07:16","date_gmt":"2026-08-30T00:07:16","guid":{"rendered":"https:\/\/www.europesays.com\/it\/655715\/"},"modified":"2026-08-30T00:07:16","modified_gmt":"2026-08-30T00:07:16","slug":"calciomercato-roma-ritorno-di-fiamma-per-rios-puo-arrivare-con-un-addio-a-centrocampo","status":"publish","type":"post","link":"https:\/\/www.europesays.com\/it\/655715\/","title":{"rendered":"Calciomercato Roma, ritorno di fiamma per Rios: pu\u00f2 arrivare con un addio a centrocampo"},"content":{"rendered":"<p>                                Con il marocchino che si avvicina alla Bundesliga, i giallorossi hanno chiuso per il veterano olandese, chiuso all&#8217;Atalanta dall&#8217;arrivo di Kessi\u00e9<\/p>\n<p class=\"paragraph\" spellcheck=\"true\">La Roma \u00e8 scatenata in questi ultimi giorni di mercato. Dopo l\u2019arrivo di Balerdi e il pressing su Luiz Henrique dello Zenit, infatti, il direttore sportivo D\u2019Amico sta lavorando anche a un clamoroso switch a centrocampo che sembra ormai a un passo. El Aynaoui, infatti, \u00e8 a un passo dal Lipsia che \u00e8 piombato in serata sul marocchino ormai in rotta con Gasp. Che a Roma sta per riabbracciare Marten de Roon, uno dei punti fermi della sua Atalanta dei sogni.\u00a0<\/p>\n<p>        addio\u2014 \u00a0<\/p>\n<p class=\"paragraph\" spellcheck=\"true\">Uno switch a sorpresa che si \u00e8 consumato in serata. Nelle ultime ore, infatti, il Lipsia \u00e8 piombato seriamente su El Aynaoui che nei giorni scorsi era stato messo nel mirino anche dal Crystal Palace. Il club tedesco ha presentato un\u2019offerta di prestito oneroso a 4 milioni con diritto di riscatto a 25. La Roma vorrebbe un obbligo condizionato alle presenze, ma le parti sono al lavoro nella notte per trovare l\u2019intesa finale considerato che tra Gasp e lo stesso El Ayanoui \u00e8 salita un po\u2019 la tensione nelle ultime settimane. Dopo un solo anno quindi l\u2019addio \u00e8 vicino.\u00a0<\/p>\n<p><a class=\"is-partner-link\" href=\"https:\/\/fantacampionato.gazzetta.it\/?intcmp=FC2627_CTArticolo2627\" rel=\"nofollow noopener\" target=\"_blank\">60 milioni di fantallenatori, un&#8217;unica classifica nazionale: sfida l&#8217;Italia intera su Fantacampionato! Oltre 340.000\u20ac di montepremi. Gioca ora!<\/a><\/p>\n<p>        DE ROON\u2014 \u00a0<\/p>\n<p class=\"paragraph\" spellcheck=\"true\">E al posto del marocchino arriver\u00e0 proprio Martin de Roon, che ha chiesto la cessione all\u2019Atalanta soprattutto dopo l\u2019arrivo di Kessi\u00e9 in nerazzurro. L\u2019olandese e Gasperini hanno un rapporto molto solido dopo gli anni d\u2019oro di Bergamo (molto meno con i tifosi della Roma). Il classe &#8217;91 ha gi\u00e0 una base d&#8217;intesa con i giallorossi e l&#8217;Atalanta avrebbe deciso di accontentare il calciatore lasciandolo andare verso Trigoria: l&#8217;operazione \u00e8 in chiusura e domenica dovrebbero definirsi tutti i dettagli. Tra i club c&#8217;\u00e8 un gentlemen agreement per cui De Roon, in scadenza 2027, si trasferir\u00e0 per 1 milione di euro, tutti di bonus. In giornata era circolato con forza anche il nome di Richard Rios per il quale per\u00f2 sarebbe servita l\u2019uscita a titolo definitivo di El Aynaoui.<\/p>\n<p class=\"is-copyright\">\u00a9 RIPRODUZIONE RISERVATA<\/p>\n","protected":false},"excerpt":{"rendered":"Con il marocchino che si avvicina alla Bundesliga, i giallorossi hanno chiuso per il veterano olandese, chiuso all&#8217;Atalanta&hellip;\n","protected":false},"author":3,"featured_media":655716,"comment_status":"","ping_status":"","sticky":false,"template":"","format":"standard","meta":{"footnotes":"","_share_on_mastodon":"0"},"categories":[1452],"tags":[2983,1262,361764,569,5296,721,2206,554,277,57069,361765,2730,5298,1740,5593,5290,5944,1537,90,89,14653,8499,24710,987,89397,1739,245,244],"class_list":["post-655715","post","type-post","status-publish","format-standard","has-post-thumbnail","category-calcio","tag-addio","tag-arrivo","tag-arrivo-kessie","tag-atalanta","tag-aynaoui","tag-calcio","tag-chiuso","tag-club","tag-de","tag-de-roon","tag-de-roon-marocchino","tag-el","tag-el-aynaoui","tag-football","tag-gasp","tag-giallorossi","tag-intesa","tag-it","tag-italia","tag-italy","tag-kessie","tag-lipsia","tag-marocchino","tag-roma","tag-roon","tag-soccer","tag-sport","tag-sports"],"share_on_mastodon":{"url":"https:\/\/pubeurope.com\/@it\/117181549728925192","error":""},"_links":{"self":[{"href":"https:\/\/www.europesays.com\/it\/wp-json\/wp\/v2\/posts\/655715","targetHints":{"allow":["GET"]}}],"collection":[{"href":"https:\/\/www.europesays.com\/it\/wp-json\/wp\/v2\/posts"}],"about":[{"href":"https:\/\/www.europesays.com\/it\/wp-json\/wp\/v2\/types\/post"}],"author":[{"embeddable":true,"href":"https:\/\/www.europesays.com\/it\/wp-json\/wp\/v2\/users\/3"}],"replies":[{"embeddable":true,"href":"https:\/\/www.europesays.com\/it\/wp-json\/wp\/v2\/comments?post=655715"}],"version-history":[{"count":0,"href":"https:\/\/www.europesays.com\/it\/wp-json\/wp\/v2\/posts\/655715\/revisions"}],"wp:featuredmedia":[{"embeddable":true,"href":"https:\/\/www.europesays.com\/it\/wp-json\/wp\/v2\/media\/655716"}],"wp:attachment":[{"href":"https:\/\/www.europesays.com\/it\/wp-json\/wp\/v2\/media?parent=655715"}],"wp:term":[{"taxonomy":"category","embeddable":true,"href":"https:\/\/www.europesays.com\/it\/wp-json\/wp\/v2\/categories?post=655715"},{"taxonomy":"post_tag","embeddable":true,"href":"https:\/\/www.europesays.com\/it\/wp-json\/wp\/v2\/tags?post=655715"}],"curies":[{"name":"wp","href":"https:\/\/api.w.org\/{rel}","templated":true}]}}