{"id":655721,"date":"2026-08-30T00:11:29","date_gmt":"2026-08-30T00:11:29","guid":{"rendered":"https:\/\/www.europesays.com\/it\/655721\/"},"modified":"2026-08-30T00:11:29","modified_gmt":"2026-08-30T00:11:29","slug":"primo-appuntamento-il-torinese-flavio-montrucchio-torna-il-1-settembre","status":"publish","type":"post","link":"https:\/\/www.europesays.com\/it\/655721\/","title":{"rendered":"Primo Appuntamento: il torinese Flavio Montrucchio torna il 1\u00b0 settembre"},"content":{"rendered":"<p>Il re di cuori sta per tornare in tv. Flavio Montrucchio da marted\u00ec 1\u00b0 settembre, alle 21:30, condurr\u00e0 la nuova edizione di &#8220;Primo appuntamento&#8221; con i nuovi episodi. Il torinese, dopo le vacanze estive in compagnia della moglie Alessia Mancini e dei figli Mya e Orlando, torna nel ruolo di &#8220;cupido della televisione&#8221;.<\/p>\n<p>Il format e il ruolo di Flavio Montrucchio<\/p>\n<p>Accoglier\u00e0 i single prima che si lancino nel loro appuntamento al buio, ripreso dalle telecamere nascoste che immortalano la loro ricerca dell&#8217;anima gemella o di una compagnia che desiderano approfondire.<\/p>\n<p>&#8220;Il bancone \u00e8 dove inizia la chimica. Qua potrebbe esserci un bel gioco di sguardi, qui invece immaginate mani che si sfiorano. Questo tavolo non sembra fatto apposta per una dichiarazione d&#8217;amore?&#8221;, dice Fabio Montrucchio nell&#8217;anteprima sui suoi canali social.<\/p>\n<p>Un ristorante rinnovato\u00a0<\/p>\n<p>Il ristorante \u00e8 stato completamente rinnovato e ha una sala dell&#8217;intimit\u00e0, la &#8220;dark room&#8221; che favorir\u00e0 la conoscenza delle coppie. &#8220;Nuovi incontri. Nuove emozioni. E infinite possibilit\u00e0 di innamorarsi.Il ristorante pi\u00f9 romantico della tv riapre le sue porte: nuovi single sono pronti a mettersi in gioco, raccontarsi e scoprire se davanti a loro c\u2019\u00e8 davvero la persona giusta&#8221;, si legge sui canali social di Real Time.<\/p>\n<blockquote class=\"instagram-media\" style=\"background-color:#FFF;border-radius:3px;border-width:0;box-shadow:0 0 1px 0 rgba(0,0,0,0.5),0 1px 10px 0 rgba(0,0,0,0.15);margin:1px;max-width:540px;min-width:326px;padding:0;width:calc(100% - 2px);\" data-instgrm-captioned=\"\" data-instgrm-permalink=\"https:\/\/www.instagram.com\/reel\/DcN7iZjgFuE\/?utm_source=ig_embed&amp;utm_campaign=loading\" data-instgrm-version=\"14\"\/>\n<p>\u00a0<\/p>\n<p>\u00a0<\/p>\n<p>\u00a0<\/p>\n<p>      <script async src=\"\/\/www.instagram.com\/embed.js\"><\/script><\/p>\n","protected":false},"excerpt":{"rendered":"Il re di cuori sta per tornare in tv. Flavio Montrucchio da marted\u00ec 1\u00b0 settembre, alle 21:30, condurr\u00e0&hellip;\n","protected":false},"author":3,"featured_media":655722,"comment_status":"","ping_status":"","sticky":false,"template":"","format":"standard","meta":{"footnotes":"","_share_on_mastodon":"0"},"categories":[1444],"tags":[361769,361770,203,81103,361768,204,1537,90,89,361771,361767,61016,253],"class_list":["post-655721","post","type-post","status-publish","format-standard","has-post-thumbnail","category-tv","tag-anticipazioni-primo-appuntamento","tag-dating-show-real-time","tag-entertainment","tag-flavio-montrucchio","tag-flavio-montrucchio-torinese","tag-intrattenimento","tag-it","tag-italia","tag-italy","tag-nuovo-barman-marco","tag-primo-appuntamento","tag-real-time","tag-tv"],"share_on_mastodon":{"url":"https:\/\/pubeurope.com\/@it\/117181565363008307","error":""},"_links":{"self":[{"href":"https:\/\/www.europesays.com\/it\/wp-json\/wp\/v2\/posts\/655721","targetHints":{"allow":["GET"]}}],"collection":[{"href":"https:\/\/www.europesays.com\/it\/wp-json\/wp\/v2\/posts"}],"about":[{"href":"https:\/\/www.europesays.com\/it\/wp-json\/wp\/v2\/types\/post"}],"author":[{"embeddable":true,"href":"https:\/\/www.europesays.com\/it\/wp-json\/wp\/v2\/users\/3"}],"replies":[{"embeddable":true,"href":"https:\/\/www.europesays.com\/it\/wp-json\/wp\/v2\/comments?post=655721"}],"version-history":[{"count":0,"href":"https:\/\/www.europesays.com\/it\/wp-json\/wp\/v2\/posts\/655721\/revisions"}],"wp:featuredmedia":[{"embeddable":true,"href":"https:\/\/www.europesays.com\/it\/wp-json\/wp\/v2\/media\/655722"}],"wp:attachment":[{"href":"https:\/\/www.europesays.com\/it\/wp-json\/wp\/v2\/media?parent=655721"}],"wp:term":[{"taxonomy":"category","embeddable":true,"href":"https:\/\/www.europesays.com\/it\/wp-json\/wp\/v2\/categories?post=655721"},{"taxonomy":"post_tag","embeddable":true,"href":"https:\/\/www.europesays.com\/it\/wp-json\/wp\/v2\/tags?post=655721"}],"curies":[{"name":"wp","href":"https:\/\/api.w.org\/{rel}","templated":true}]}}