{"id":655763,"date":"2026-08-30T00:46:17","date_gmt":"2026-08-30T00:46:17","guid":{"rendered":"https:\/\/www.europesays.com\/it\/655763\/"},"modified":"2026-08-30T00:46:17","modified_gmt":"2026-08-30T00:46:17","slug":"se-la-germania-riparte-litalia-tiene","status":"publish","type":"post","link":"https:\/\/www.europesays.com\/it\/655763\/","title":{"rendered":"Se la Germania riparte l\u2019Italia tiene"},"content":{"rendered":"<p>In questi giorni in cui il &#8220;caro carburanti&#8221; domina un po&#8217; ovunque in Europa su tutti i temi di economia, sono passate relativamente in secondo piano quattro altre notizie di rilievo. <strong>La prima \u00e8 la revisione al rialzo della crescita del PIL della Germania nel secondo trimestre 2026<\/strong>; la seconda \u00e8 invece la revisione al ribasso della crescita del PIL della Francia sia nel primo sia nel secondo trimestre 2026; <strong>la terza \u00e8 che a giugno, per il terzo mese consecutivo, l&#8217;export cumulato degli ultimi dodici mesi dell&#8217;Italia \u00e8 risultato superiore a quello del Giappone<\/strong>; la quarta, come riportato dal Messaggero, \u00e8 che il <a href=\"https:\/\/www.ilmessaggero.it\/t\/financial-times\" rel=\"nofollow noopener\" target=\"_blank\">Financial Times<\/a> ha riconosciuto i <strong>rilevanti progressi fiscali del nostro Paese degli ultimi anni contrapponendoli alla disastrosa situazione delle finanze pubbliche della Francia<\/strong>, indicata come l&#8217;economia che \u00absta rimpiazzando l&#8217;Italia come punto focale delle preoccupazioni del mercato circa la sostenibilit\u00e0 del debito europeo\u00bb.<\/p>\n<p>La notizia di una revisione al rialzo da <strong>+0,2% a +0,3% del PIL tedesco del secondo trimestre<\/strong>, soprattutto sulla spinta di una ripresa delle esportazioni, \u00e8 positiva perch\u00e9 l&#8217;Europa ha molto bisogno di una Germania che riparta, dopo la lunga stagnazione che l&#8217;ha colpita negli <strong>ultimi sei anni<\/strong>, e anche perch\u00e9 il mercato tedesco \u00e8 il <strong>primo delle esportazioni del Made in Italy<\/strong>. Destatis ha anche rivisto leggermente al rialzo le dinamiche passate del PIL di Berlino, in particolare portando da zero a +0,5% la <strong>crescita del 2024<\/strong>. In termini tendenziali, la dinamica tedesca del secondo trimestre 2026 rispetto allo stesso trimestre del 2025 \u00e8 stata incrementata dal precedente +0,9% a un pi\u00f9 rotondo <strong>+1%<\/strong>, raggiungendo cos\u00ec quella dell&#8217;Italia, che speriamo sia confermata dall&#8217;<a href=\"https:\/\/www.ilmessaggero.it\/t\/istat\" rel=\"nofollow noopener\" target=\"_blank\">Istat<\/a> con la seconda rilevazione che sar\u00e0 diffusa il prossimo primo settembre. Sempre su base annua, \u00e8 da rilevare che la spinta al PIL tedesco \u00e8 venuta soprattutto dall&#8217;export di prodotti chimici, elettronica e mezzi di trasporto diversi dagli autoveicoli. Restano invece ancora deboli i consumi delle famiglie e gli investimenti in costruzioni. A questo punto, la <strong>crescita gi\u00e0 acquisita dalla Germania per il 2026 dopo due trimestri \u00e8 pari a +0,88% contro il +0,81% provvisorio dell&#8217;Italia<\/strong>, dunque \u00e8 leggermente superiore alla nostra.<\/p>\n<p>Anche se bisogna sempre ricordare che <strong>dall&#8217;ultimo trimestre pre-Covid (il quarto del 2019) ad oggi il PIL italiano \u00e8 cresciuto del 7,7%<\/strong>, mentre quello tedesco, anche dopo le revisioni, <strong>registra soltanto un modesto +1,9%<\/strong>. Dunque, la Germania sta guarendo? \u00c8 ancora presto per dirlo, ma i segnali del primo e del secondo trimestre di quest&#8217;anno per ora sono incoraggianti, cos\u00ec come l&#8217;ultimo indice di fiducia IFO.<\/p>\n<p><strong>Profondo rosso, invece, per la Francia<\/strong>, e non solo per i conti pubblici (di cui parleremo dopo). Infatti, l&#8217;Insee ha <strong>rivisto ieri al ribasso da +0,2% a zero la crescita congiunturale del secondo trimestre 2026 e da -0,1% a -0,2% quella del primo trimestre<\/strong>. Una doccia gelata per il governo di Parigi. La <strong>crescita acquisita dalla Francia per il 2026 dopo due trimestri si fissa cos\u00ec in un modesto +0,31%, cio\u00e8 meno della met\u00e0 delle crescite acquisite di Germania e Italia<\/strong>.<\/p>\n<p>Cos\u00ec come meno della met\u00e0 rispetto a Germania e Italia \u00e8 anche la crescita francese del secondo trimestre 2026 sullo stesso trimestre dello scorso anno: <strong>+0,5%<\/strong>. Negli ultimi tre trimestri appare chiara la <strong>diversa dinamica tendenziale delle economie italiana e tedesca (entrambe in crescita) e di quella della Francia (in netta decelerazione)<\/strong>, aggravata, quest&#8217;ultima, anche da una <strong>forte perdita del potere d&#8217;acquisto delle famiglie<\/strong> negli ultimi due trimestri: -0,1% nel primo trimestre 2026 e -0,5% nel secondo.<\/p>\n<p><img decoding=\"async\" alt=\"\" src=\"https:\/\/www.europesays.com\/it\/wp-content\/uploads\/2026\/08\/graphic_98_28223557.jpg\"\/><\/p>\n<p>Le accuse <\/p>\n<p>I commentatori francesi hanno dato la colpa del rallentamento della loro economia anche alla canicola estiva che avrebbe avuto un pesante impatto sulla produzione agricola ma il calo era gi\u00e0 stato forte nel primo trimestre. In definitiva, <strong>c&#8217;\u00e8 molta confusione oltralpe anche nel capire esattamente che cosa stia accadendo<\/strong>. L&#8217;unica cosa certa \u00e8 che, a questo punto, con un <strong>PIL pi\u00f9 &#8220;sgonfio&#8221; sar\u00e0 oltremodo difficile per il governo transalpino centrare gli obiettivi di deficit prefissati<\/strong>, gi\u00e0 molto laschi.<\/p>\n<p>La terza notizia riguarda l&#8217;Italia, il cui <strong>l&#8217;export cumulato su dodici mesi a fine giugno \u00e8 risultato per il terzo mese consecutivo superiore a quello del Giappone: 767 miliardi di dollari contro 761,6, secondo i dati grezzi mensili dell&#8217;Organizzazione Mondiale del Commercio (WTO)<\/strong>. Nel 2026 l&#8217;export italiano in dollari \u00e8 stato pi\u00f9 alto di quello nipponico in tutti i singoli mesi escluso gennaio. <strong>Cifre confermate ieri anche dall&#8217;OCSE<\/strong> nel suo report trimestrale sull&#8217;export dei Paesi del G20. Per il Made in Italy un <strong>successo senza precedenti storici<\/strong>.<\/p>\n<p>Infine, la quarta notizia concerne il <strong>lungo articolo che il Financial Times ha dedicato il 27 agosto alla crisi delle finanze pubbliche francesi e, nello stesso tempo, alla efficace azione di risanamento di quelle italiane<\/strong>. Una evoluzione che sta portando sempre di pi\u00f9 <strong>gli investitori internazionali (tra cui quelli giapponesi) a disinvestire dai titoli di Stato transalpini e ad investire nei nostri<\/strong>.<\/p>\n<p>I passaggi <\/p>\n<p>All&#8217;articolo di cui stiamo parlando hanno lavorato ben <strong>sei giornalisti del quotidiano finanziario britannico<\/strong> (tre dalla sede di Londra, un corrispondente da Washington e uno da Parigi, pi\u00f9 un analista per i grafici); si tratta di una approfondita analisi che, tra l&#8217;altro, <strong>sbugiarda clamorosamente una rancorosa lettura negativa del nostro Paese apparsa pochi giorni prima sulle colonne dello stesso giornale<\/strong>, un &#8220;incidente&#8221; di percorso, opera di un pressoch\u00e9 ignoto visiting professor italiano presso la London School of Economics (il solito nostro &#8220;esperto&#8221; che parla male dell&#8217;Italia all&#8217;estero, di cui ne abbiamo in abbondanza).<\/p>\n<p>Il Financial Times sottolinea diversi punti importanti che abbiamo messo in evidenza su queste colonne negli ultimi mesi. Il <strong>primo aspetto \u00e8 l&#8217;avvitamento inarrestabile delle finanze pubbliche francesi che, alle soglie di nuove elezioni presidenziali, nessuno sembra in grado di contrastare con riforme coraggiose<\/strong> (a cominciare da quella &#8220;congelata&#8221; delle pensioni). Ogni pur minimo taglio di spesa pubblica possibile viene osteggiato dalle varie forze politiche che non vogliono alterare lo status quo dell&#8217;oneroso stato sociale francese, per non perdere voti. Secondo gli analisti intervistati, <strong>la Francia \u00e8 quindi una tipica &#8220;tempesta perfetta&#8221; dal punto di vista degli investitori, con una combinazione di rischio di crescita, rischio politico, rischio fiscale<\/strong>.<\/p>\n<p><img decoding=\"async\" alt=\"\" src=\"https:\/\/www.europesays.com\/it\/wp-content\/uploads\/2026\/08\/graphic_99_28223623.jpg\"\/><\/p>\n<p>Il secondo aspetto sottolineato dall&#8217;articolo, per contro, \u00e8 <strong>lo sforzo fatto dall&#8217;Italia per stabilizzare i propri conti pubblici<\/strong>. Osserva il Financial Times che \u00ab<strong>il rapporto debito\/PIL dell&#8217;Italia \u00e8 precipitato dal 154% del 2020 al 139% quest&#8217;anno, mentre quello della Francia \u00e8 salito dal 114% al 117%, secondo i dati della BCE<\/strong>\u00bb. Inoltre, osserva il quotidiano britannico, \u00ab<strong>l&#8217;Italia \u00e8 gi\u00e0 in avanzo statale primario, mentre il budget francese si \u00e8 ampliato oltre il 5% del PIL<\/strong>\u00bb. <strong>L&#8217;impegno profuso dall&#8217;Italia viene oggi sempre pi\u00f9 riconosciuto dagli osservatori e dai mercati<\/strong>, come prova il fatto che \u00ab<strong>i rendimenti sui bond governativi decennali italiani, che per anni sono stati trattati sopra quelli francesi, si sono mossi per la maggior parte dell&#8217;estate al di sotto di questi ultimi<\/strong>\u00bb. Un altro analista ha osservato che, \u00ab<strong>se si chiede a chiunque sui mercati quale \u00e8 oggi l&#8217;anello debole dell&#8217;Europa, la maggior parte indica la Francia. L&#8217;Italia ha lavorato per passarle il testimone<\/strong>\u00bb. Ma, poich\u00e9 <strong>gli investitori hanno buona memoria e ancora si ricordano molto bene la nostra crisi finanziaria del 2011, \u00e8 fondamentale che il nostro Paese non abbandoni la disciplinata ed apprezzata linea intrapresa<\/strong>. Serve quella &#8220;seriet\u00e0&#8221;, da parte di tutte le forze politiche di maggioranza e opposizione, che il direttore di questo giornale ha sottolineato nel suo editoriale di domenica scorsa.<\/p>\n<p>&#13;<br \/>\n                                \u00a9 RIPRODUZIONE RISERVATA&#13;<\/p>\n<p>&#13;<\/p>\n<p>\n                            Risparmio e investimenti, ogni venerd\u00ec<br \/>\n                            <b>Iscriviti<\/b> e ricevi le notizie via email\n                        <\/p>\n","protected":false},"excerpt":{"rendered":"In questi giorni in cui il &#8220;caro carburanti&#8221; domina un po&#8217; ovunque in Europa su tutti i temi&hellip;\n","protected":false},"author":3,"featured_media":655764,"comment_status":"","ping_status":"","sticky":false,"template":"","format":"standard","meta":{"footnotes":"","_share_on_mastodon":"0"},"categories":[172],"tags":[178,177,6517,16244,1537,90,89],"class_list":["post-655763","post","type-post","status-publish","format-standard","has-post-thumbnail","category-affari","tag-affari","tag-business","tag-financial-times","tag-istat","tag-it","tag-italia","tag-italy"],"share_on_mastodon":{"url":"https:\/\/pubeurope.com\/@it\/117181703854638463","error":""},"_links":{"self":[{"href":"https:\/\/www.europesays.com\/it\/wp-json\/wp\/v2\/posts\/655763","targetHints":{"allow":["GET"]}}],"collection":[{"href":"https:\/\/www.europesays.com\/it\/wp-json\/wp\/v2\/posts"}],"about":[{"href":"https:\/\/www.europesays.com\/it\/wp-json\/wp\/v2\/types\/post"}],"author":[{"embeddable":true,"href":"https:\/\/www.europesays.com\/it\/wp-json\/wp\/v2\/users\/3"}],"replies":[{"embeddable":true,"href":"https:\/\/www.europesays.com\/it\/wp-json\/wp\/v2\/comments?post=655763"}],"version-history":[{"count":0,"href":"https:\/\/www.europesays.com\/it\/wp-json\/wp\/v2\/posts\/655763\/revisions"}],"wp:featuredmedia":[{"embeddable":true,"href":"https:\/\/www.europesays.com\/it\/wp-json\/wp\/v2\/media\/655764"}],"wp:attachment":[{"href":"https:\/\/www.europesays.com\/it\/wp-json\/wp\/v2\/media?parent=655763"}],"wp:term":[{"taxonomy":"category","embeddable":true,"href":"https:\/\/www.europesays.com\/it\/wp-json\/wp\/v2\/categories?post=655763"},{"taxonomy":"post_tag","embeddable":true,"href":"https:\/\/www.europesays.com\/it\/wp-json\/wp\/v2\/tags?post=655763"}],"curies":[{"name":"wp","href":"https:\/\/api.w.org\/{rel}","templated":true}]}}