{"id":655836,"date":"2026-08-30T02:00:19","date_gmt":"2026-08-30T02:00:19","guid":{"rendered":"https:\/\/www.europesays.com\/it\/655836\/"},"modified":"2026-08-30T02:00:19","modified_gmt":"2026-08-30T02:00:19","slug":"un-posto-al-sole-anticipazioni-puntate-dal-31-agosto-al-4-settembre-anna-sconvolge-alberto-2","status":"publish","type":"post","link":"https:\/\/www.europesays.com\/it\/655836\/","title":{"rendered":"Un Posto al Sole, anticipazioni puntate dal 31 agosto al 4 settembre: Anna sconvolge Alberto"},"content":{"rendered":"<p>                <strong>Anna precipita nella depressione, Alberto deve fare i conti con la realt\u00e0<\/strong> <\/p>\n<p>Il rapporto tra <strong>Anna<\/strong> (Margot Adam) e <strong>Alberto<\/strong> (Maurizio Aiello) sar\u00e0 al centro delle puntate della settimana. In occasione del compleanno della ragazza, lui vorrebbe sorprenderla regalandole un anello, ma alcuni messaggi ricevuti dal padre faranno precipitare Anna in un profondo stato di fragilit\u00e0. A complicare ulteriormente la situazione sar\u00e0 il difficile rapporto tra Alberto e <strong>Gianluca<\/strong> (Flavio Gismondi). L&#8217;avvocato, amareggiato per il mancato chiarimento con il figlio, cercher\u00e0 conforto in <strong>Niko<\/strong> (Luca Turco), che gli consiglier\u00e0 di concedergli il tempo necessario. Gianluca, per\u00f2, prover\u00e0 a coinvolgere Anna nel tentativo di contenere Alberto. Gli eventi prenderanno una piega drammatica e il pladre arriver\u00e0 sul luogo di un incidente pochi minuti dopo l&#8217;accaduto. Quando Anna confesser\u00e0 la verit\u00e0, l&#8217;avvocato finir\u00e0 per prendere le distanze dalla ragazza, provocandole un nuovo momento di profondo sconforto.<\/p>\n","protected":false},"excerpt":{"rendered":"Anna precipita nella depressione, Alberto deve fare i conti con la realt\u00e0 Il rapporto tra Anna (Margot Adam)&hellip;\n","protected":false},"author":3,"featured_media":655419,"comment_status":"","ping_status":"","sticky":false,"template":"","format":"standard","meta":{"footnotes":"","_share_on_mastodon":"0"},"categories":[1444],"tags":[1518,203,204,1537,90,89,253,2657,4664],"class_list":["post-655836","post","type-post","status-publish","format-standard","has-post-thumbnail","category-tv","tag-anticipazioni","tag-entertainment","tag-intrattenimento","tag-it","tag-italia","tag-italy","tag-tv","tag-un-posto-al-sole","tag-upas"],"share_on_mastodon":{"url":"https:\/\/pubeurope.com\/@it\/117181993794343220","error":""},"_links":{"self":[{"href":"https:\/\/www.europesays.com\/it\/wp-json\/wp\/v2\/posts\/655836","targetHints":{"allow":["GET"]}}],"collection":[{"href":"https:\/\/www.europesays.com\/it\/wp-json\/wp\/v2\/posts"}],"about":[{"href":"https:\/\/www.europesays.com\/it\/wp-json\/wp\/v2\/types\/post"}],"author":[{"embeddable":true,"href":"https:\/\/www.europesays.com\/it\/wp-json\/wp\/v2\/users\/3"}],"replies":[{"embeddable":true,"href":"https:\/\/www.europesays.com\/it\/wp-json\/wp\/v2\/comments?post=655836"}],"version-history":[{"count":0,"href":"https:\/\/www.europesays.com\/it\/wp-json\/wp\/v2\/posts\/655836\/revisions"}],"wp:featuredmedia":[{"embeddable":true,"href":"https:\/\/www.europesays.com\/it\/wp-json\/wp\/v2\/media\/655419"}],"wp:attachment":[{"href":"https:\/\/www.europesays.com\/it\/wp-json\/wp\/v2\/media?parent=655836"}],"wp:term":[{"taxonomy":"category","embeddable":true,"href":"https:\/\/www.europesays.com\/it\/wp-json\/wp\/v2\/categories?post=655836"},{"taxonomy":"post_tag","embeddable":true,"href":"https:\/\/www.europesays.com\/it\/wp-json\/wp\/v2\/tags?post=655836"}],"curies":[{"name":"wp","href":"https:\/\/api.w.org\/{rel}","templated":true}]}}