{"id":655846,"date":"2026-08-30T02:08:14","date_gmt":"2026-08-30T02:08:14","guid":{"rendered":"https:\/\/www.europesays.com\/it\/655846\/"},"modified":"2026-08-30T02:08:14","modified_gmt":"2026-08-30T02:08:14","slug":"referendum-per-adesione-allue-dellislanda-affluenza-preliminare-alta","status":"publish","type":"post","link":"https:\/\/www.europesays.com\/it\/655846\/","title":{"rendered":"Referendum per adesione all&#8217;UE dell&#8217;Islanda: affluenza preliminare alta"},"content":{"rendered":"<p>\n                    Pubblicato il                 29\/08\/2026 &#8211; 17:25 CEST\u2022Ultimo aggiornamento<br \/>\n                                     17:54\n                                        <\/p>\n<p>A Reykjavik, la capitale dell&#8217;Islanda, l&#8217;affluenza al<a href=\"https:\/\/it.euronews.com\/my-europe\/2026\/08\/29\/islanda-al-voto-per-referendum-ue-ad-alta-posta-in-gioco\" rel=\"nofollow noopener\" target=\"_blank\"> referendum sull&#8217;adesione all&#8217;UE<\/a>, considerato decisivo, a mezzogiorno era pi\u00f9 alta rispetto allo stesso momento delle elezioni parlamentari del 2024, secondo i dati provvisori diffusi sabato.<\/p>\n<p>          <img decoding=\"async\" class=\"c-ad__placeholder__logo\" src=\"https:\/\/static.euronews.com\/website\/images\/logos\/logo-euronews-stacked-outlined-72x72-grey-9.svg\" width=\"72\" height=\"72\" alt=\"\" loading=\"lazy\"\/><br \/>\n          PUBBLICIT\u00c0<\/p>\n<p>          <img decoding=\"async\" class=\"c-ad__placeholder__logo\" src=\"https:\/\/static.euronews.com\/website\/images\/logos\/logo-euronews-stacked-outlined-72x72-grey-9.svg\" width=\"72\" height=\"72\" alt=\"\" loading=\"lazy\"\/><br \/>\n          PUBBLICIT\u00c0<\/p>\n<p>Nelle ore successive all&#8217;apertura dei seggi per il referendum, che decider\u00e0 se riaprire i negoziati di adesione all&#8217;UE, a mezzogiorno nel collegio di Reykjavik Nord aveva votato il 13,7% degli aventi diritto, contro poco pi\u00f9 del 10% alle elezioni del 2024.<\/p>\n<p>A Reykjavik Sud, a mezzogiorno aveva votato poco pi\u00f9 del 14%, rispetto a poco pi\u00f9 dell&#8217;11% alle parlamentari.<\/p>\n<p>Pi\u00f9 del 20% degli elettori ha espresso il proprio voto in anticipo rispetto al giorno del referendum, ha riferito l&#8217;emittente pubblica islandese R\u00daV.<\/p>\n<p>Si prevede un testa a testa: l&#8217;ultimo sondaggio, diffuso venerd\u00ec, indica che il 50,4% degli elettori intende votare s\u00ec e il 49,6% no.<\/p>\n<p>I sostenitori dell&#8217;adesione all&#8217;UE ritengono che per l&#8217;Islanda <strong>sia meglio avvicinarsi ai vicini europei per affrontare problemi che non rispettano i confini,<\/strong> come il cambiamento climatico. Sostengono inoltre che l&#8217;euro garantirebbe maggiore stabilit\u00e0 rispetto alla volatile valuta nazionale, la corona islandese.<\/p>\n<p>I contrari al s\u00ec sostengono che l&#8217;attuale assetto sia gi\u00e0 adeguato e che l&#8217;Islanda goda di tutti i benefici dell&#8217;integrazione europea senza le rinunce di sovranit\u00e0 che l&#8217;adesione piena comporta. Richiamano, ad esempio, accordi commerciali pi\u00f9 favorevoli, come quello con la Cina.<\/p>\n<p>&#8220;Penso che dovremmo far parte di un&#8217;unit\u00e0 pi\u00f9 grande. Credo valga la pena approfondire&#8221;, ha dichiarato Unnur Jokulsdottir, pensionata di 71 anni, dopo aver votato al municipio di Reykjavik.<\/p>\n<p>Invece Olafur Thorsson, commerciante di pesce di 53 anni, si \u00e8 detto scettico.<\/p>\n<p>&#8220;Una volta mi piaceva l&#8217;Unione europea, quando era una cosa positiva. Oggi per\u00f2 \u00e8 diventata una sorta di grande prigione economica&#8221;, ha affermato.<\/p>\n<p>Il Paese, che conta poco meno di 400.000 abitanti, aveva chiesto di entrare nell&#8217;UE dopo la crisi finanziaria del 2009, che ne aveva devastato l&#8217;economia.<\/p>\n<p>I negoziati di adesione sono stati poi sospesi nel 2013, con l&#8217;arrivo al potere di un governo euroscettico.<\/p>\n<p>Un voto favorevole darebbe il via a nuovi negoziati con la Commissione europea su 35 capitoli, dall&#8217;economia ai diritti umani.<\/p>\n<p>La questione della pesca, pilastro dell&#8217;economia islandese su cui Reykjavik vuole mantenere il controllo esclusivo, dovrebbe essere negoziata con Bruxelles, che questa volta sembra pi\u00f9 disposta al compromesso.<\/p>\n<p>Sul piano internazionale, il ritorno della guerra in Europa con l&#8217;invasione dell&#8217;Ucraina da parte della Russia ha <strong>scosso le dottrine di sicurezza consolidate.<\/strong><\/p>\n<p>L&#8217;imprevedibilit\u00e0 di Trump e le sue minacce di prendere il controllo della vicina Groenlandia, che ha confuso con l&#8217;Islanda in pi\u00f9 di un&#8217;occasione, hanno alimentato le preoccupazioni degli islandesi.<\/p>\n<p>La loro isola ha una posizione strategica nel sub-Artico, non dispone di forze armate e dipende dalla Nato e da un accordo bilaterale del 1951 con gli Stati Uniti per la propria difesa.<\/p>\n<p>L&#8217;esito del voto sar\u00e0 seguito con attenzione dall&#8217;Unione europea, che non accoglie un Paese ricco e contributore netto al bilancio dal 1995.<\/p>\n<p>Risorse addizionali per questo articolo<strong> \u2022 AP, AFP<\/strong><\/p>\n","protected":false},"excerpt":{"rendered":"Pubblicato il 29\/08\/2026 &#8211; 17:25 CEST\u2022Ultimo aggiornamento 17:54 A Reykjavik, la capitale dell&#8217;Islanda, l&#8217;affluenza al referendum sull&#8217;adesione all&#8217;UE,&hellip;\n","protected":false},"author":3,"featured_media":655847,"comment_status":"","ping_status":"","sticky":false,"template":"","format":"standard","meta":{"footnotes":"","_share_on_mastodon":"0"},"categories":[160],"tags":[361833,14,164,165,22190,166,7,15,361832,2517,11,167,12,168,3713,161,162,163],"class_list":["post-655846","post","type-post","status-publish","format-standard","has-post-thumbnail","category-mondo","tag-allargamento-dellue","tag-cronaca","tag-dal-mondo","tag-dalmondo","tag-islanda","tag-mondo","tag-news","tag-notizie","tag-politica-islandese","tag-referendum","tag-ultime-notizie","tag-ultime-notizie-di-mondo","tag-ultimenotizie","tag-ultimenotiziedimondo","tag-unione-europea","tag-world","tag-world-news","tag-worldnews"],"share_on_mastodon":{"url":"https:\/\/pubeurope.com\/@it\/117182025506785435","error":""},"_links":{"self":[{"href":"https:\/\/www.europesays.com\/it\/wp-json\/wp\/v2\/posts\/655846","targetHints":{"allow":["GET"]}}],"collection":[{"href":"https:\/\/www.europesays.com\/it\/wp-json\/wp\/v2\/posts"}],"about":[{"href":"https:\/\/www.europesays.com\/it\/wp-json\/wp\/v2\/types\/post"}],"author":[{"embeddable":true,"href":"https:\/\/www.europesays.com\/it\/wp-json\/wp\/v2\/users\/3"}],"replies":[{"embeddable":true,"href":"https:\/\/www.europesays.com\/it\/wp-json\/wp\/v2\/comments?post=655846"}],"version-history":[{"count":0,"href":"https:\/\/www.europesays.com\/it\/wp-json\/wp\/v2\/posts\/655846\/revisions"}],"wp:featuredmedia":[{"embeddable":true,"href":"https:\/\/www.europesays.com\/it\/wp-json\/wp\/v2\/media\/655847"}],"wp:attachment":[{"href":"https:\/\/www.europesays.com\/it\/wp-json\/wp\/v2\/media?parent=655846"}],"wp:term":[{"taxonomy":"category","embeddable":true,"href":"https:\/\/www.europesays.com\/it\/wp-json\/wp\/v2\/categories?post=655846"},{"taxonomy":"post_tag","embeddable":true,"href":"https:\/\/www.europesays.com\/it\/wp-json\/wp\/v2\/tags?post=655846"}],"curies":[{"name":"wp","href":"https:\/\/api.w.org\/{rel}","templated":true}]}}