{"id":655860,"date":"2026-08-30T02:24:24","date_gmt":"2026-08-30T02:24:24","guid":{"rendered":"https:\/\/www.europesays.com\/it\/655860\/"},"modified":"2026-08-30T02:24:24","modified_gmt":"2026-08-30T02:24:24","slug":"celine-dion-in-concerto-la-star-canadese-torna-a-parigi-dopo-sei-anni-lontana-dal-palco","status":"publish","type":"post","link":"https:\/\/www.europesays.com\/it\/655860\/","title":{"rendered":"C\u00e9line Dion in concerto: la star canadese torna a Parigi dopo sei anni lontana dal palco"},"content":{"rendered":"<p>\n                    Pubblicato il                 28\/08\/2026 &#8211; 19:21 CEST\u2022Ultimo aggiornamento<br \/>\n                                     20:09\n                                        <\/p>\n<p>A due settimane dal primo concerto di <a href=\"https:\/\/it.euronews.com\/cultura\/2026\/08\/19\/celine-dion-rivela-per-17-anni-ha-fatto-affidamento-sul-valium-per-una-malattia-ignota\" rel=\"nofollow noopener\" target=\"_blank\">C\u00e9line Dion<\/a> a <strong>Parigi<\/strong>, la &#8220;dionmania&#8221; compie un nuovo salto di livello nella capitale francese. Davanti al palazzo Royal Monceau, sull&#8217;avenue Hoche, si \u00e8 radunata una folla per accogliere la cantante, arrivata venerd\u00ec 28 agosto nella Ville Lumi\u00e8re per iniziare le prove della prima parte della sua storica <strong>serie di concerti<\/strong>. Il calendario \u00e8 fitto, con <strong>sedici spettacoli<\/strong> in programma tra il 12 settembre e il 17 ottobre.<\/p>\n<p>          <img decoding=\"async\" class=\"c-ad__placeholder__logo\" src=\"https:\/\/static.euronews.com\/website\/images\/logos\/logo-euronews-stacked-outlined-72x72-grey-9.svg\" width=\"72\" height=\"72\" alt=\"\" loading=\"lazy\"\/><br \/>\n          PUBBLICIT\u00c0<\/p>\n<p>          <img decoding=\"async\" class=\"c-ad__placeholder__logo\" src=\"https:\/\/static.euronews.com\/website\/images\/logos\/logo-euronews-stacked-outlined-72x72-grey-9.svg\" width=\"72\" height=\"72\" alt=\"\" loading=\"lazy\"\/><br \/>\n          PUBBLICIT\u00c0<\/p>\n<p>L&#8217;artista ha previsto <strong>tre concerti a settimana<\/strong>, il mercoled\u00ec, il venerd\u00ec e il sabato. Ognuno richiamer\u00e0 pi\u00f9 di 30mila spettatori, in una sala esaurita da mesi. Altri dieci concerti sono inoltre previsti a maggio del prossimo anno.<\/p>\n<p>Parigi, il palcoscenico di un ritorno molto atteso<\/p>\n<p>I fan non sono mancati all&#8217;appuntamento per accogliere la star. Va ricordato che, a parte un&#8217;esibizione per i <strong>Giochi olimpici di Parigi 2024<\/strong>, non canta in Francia da quasi dieci anni: l&#8217;ultima serie di concerti risale al 2017. Eppure la storia d&#8217;amore tra C\u00e9line Dion e la nazione europea resta tenace. In tutto, <strong>15 dei suoi 27 album in studio sono stati incisi in francese<\/strong>. Non sorprende quindi che la cantante abbia scelto la capitale transalpina per il suo grande ritorno sul palco.<\/p>\n<p>Davanti alla folla che l&#8217;ha accolta di fronte al suo hotel, ha dichiarato ai microfoni di BFM-TV: &#8220;Mi sono sentita sostenuta fin dal primo giorno ed \u00e8 una storia che continua. In effetti questa <strong>\u00e8 la mia seconda casa<\/strong>, apprezzo che siate qui, grazie mille&#8221;. <\/p>\n<p>Per sei anni Dion ha sospeso le sue esibizioni per motivi di salute. La star ha difficolt\u00e0 infatti a cantare a causa della <strong>sindrome della persona rigida<\/strong> di cui soffre.<\/p>\n","protected":false},"excerpt":{"rendered":"Pubblicato il 28\/08\/2026 &#8211; 19:21 CEST\u2022Ultimo aggiornamento 20:09 A due settimane dal primo concerto di C\u00e9line Dion a&hellip;\n","protected":false},"author":3,"featured_media":655861,"comment_status":"","ping_status":"","sticky":false,"template":"","format":"standard","meta":{"footnotes":"","_share_on_mastodon":"0"},"categories":[1451],"tags":[1621,1620,76823,1569,203,204,1537,90,89,1289],"class_list":["post-655860","post","type-post","status-publish","format-standard","has-post-thumbnail","category-celebrita","tag-celebrita","tag-celebrities","tag-celine-dion","tag-concerto","tag-entertainment","tag-intrattenimento","tag-it","tag-italia","tag-italy","tag-parigi"],"share_on_mastodon":{"url":"https:\/\/pubeurope.com\/@it\/117182088924476305","error":""},"_links":{"self":[{"href":"https:\/\/www.europesays.com\/it\/wp-json\/wp\/v2\/posts\/655860","targetHints":{"allow":["GET"]}}],"collection":[{"href":"https:\/\/www.europesays.com\/it\/wp-json\/wp\/v2\/posts"}],"about":[{"href":"https:\/\/www.europesays.com\/it\/wp-json\/wp\/v2\/types\/post"}],"author":[{"embeddable":true,"href":"https:\/\/www.europesays.com\/it\/wp-json\/wp\/v2\/users\/3"}],"replies":[{"embeddable":true,"href":"https:\/\/www.europesays.com\/it\/wp-json\/wp\/v2\/comments?post=655860"}],"version-history":[{"count":0,"href":"https:\/\/www.europesays.com\/it\/wp-json\/wp\/v2\/posts\/655860\/revisions"}],"wp:featuredmedia":[{"embeddable":true,"href":"https:\/\/www.europesays.com\/it\/wp-json\/wp\/v2\/media\/655861"}],"wp:attachment":[{"href":"https:\/\/www.europesays.com\/it\/wp-json\/wp\/v2\/media?parent=655860"}],"wp:term":[{"taxonomy":"category","embeddable":true,"href":"https:\/\/www.europesays.com\/it\/wp-json\/wp\/v2\/categories?post=655860"},{"taxonomy":"post_tag","embeddable":true,"href":"https:\/\/www.europesays.com\/it\/wp-json\/wp\/v2\/tags?post=655860"}],"curies":[{"name":"wp","href":"https:\/\/api.w.org\/{rel}","templated":true}]}}