{"id":655884,"date":"2026-08-30T02:50:26","date_gmt":"2026-08-30T02:50:26","guid":{"rendered":"https:\/\/www.europesays.com\/it\/655884\/"},"modified":"2026-08-30T02:50:26","modified_gmt":"2026-08-30T02:50:26","slug":"atalanta-preso-kessie-si-spinge-per-rowe-2","status":"publish","type":"post","link":"https:\/\/www.europesays.com\/it\/655884\/","title":{"rendered":"Atalanta, preso Kessie. Si spinge per Rowe"},"content":{"rendered":"\n<p>Rowe, Kessie, Romagnoli, de Roon. Sono <strong class=\"nero\">ore di calciomercato caldissime in casa Atalanta<\/strong>. La priorit\u00e0, ormai \u00e8 chiaro, \u00e8 regalare a Sarri un nuovo esterno d\u2019attacco: Giuntoli continua a spingere per <strong class=\"nero\">Jonathan Rowe<\/strong> del Bologna, per il quale \u00e8 stata presentata un\u2019offerta da 40 milioni di euro bonus compresi. In caso di fumata bianca sarebbe l\u2019acquisto pi\u00f9 oneroso della storia nerazzurra.<\/p>\n<p>  Preso Kessie, \u00e8 ufficiale <\/p>\n<p><a data-credits=\"Atalanta.it\" data-title=\"Kessie con Antonio e Luca Percassi e il ds Cristiano Giuntoli\" href=\"https:\/\/storage.ecodibergamo.it\/media\/photologue\/2026\/8\/29\/photos\/atalanta-preso-kessie-si-spinge-per-rowe-striscione-a-zingonia-per-de-roon_d016e5ba-a3d7-11f1-88e8-4f17ea2fa187_1920_1280.jpg\" title=\"Kessie con Antonio e Luca Percassi e il ds Cristiano Giuntoli\" rel=\"nofollow noopener\" target=\"_blank\"><br \/>\n<img decoding=\"async\" alt=\"Atalanta, preso Kessie. Si spinge per Rowe, striscione a Zingonia per de Roon\" class=\"lozad\" src=\"https:\/\/www.europesays.com\/it\/wp-content\/uploads\/2026\/08\/atalanta-preso-kessie-si-spinge-per-rowe-striscione-a-zingonia-per-de-roon_d016e5ba-a3d7-11f1-88e8-4.jpeg\" title=\"Kessie con Antonio e Luca Percassi e il ds Cristiano Giuntoli\" width=\"100%\"\/><br \/>\n<\/a><\/p>\n<p>        Kessie con Antonio e Luca Percassi e il ds Cristiano Giuntoli<\/p>\n<p>(Foto di<br \/>\n            Atalanta.it)<\/p>\n<p>Ma non \u00e8 finita qui. A centrocampo arriva <strong class=\"nero\">Frank Kessie<\/strong>, passato dal settore giovanile dell\u2019Atalanta e protagonista della cavalcata che ha portato i nerazzurri alla conquista del quarto posto nella stagione 2016-2017. Il centrocampista ivoriano, reduce da tre stagioni in Arabia Saudita, arriva a parametro zero: \u00e8 stato a lungo in trattativa con la Roma, negli ultimi giorni sembrava vicinissimo alla Juventus, poi <strong class=\"nero\">il blitz di Giuntoli e la firma lampo<\/strong> a Zingonia.<\/p>\n<p>  Pu\u00f2 partire de Roon <\/p>\n<p>Entrambe le operazioni &#8211; Rowe e Kessie &#8211; sarebbero slegate da <strong class=\"nero\">un\u2019eventuale partenza di Marten de Roon<\/strong>, fulmine a ciel sereno di questo sabato 29 agosto. A sorpresa, il capitano olandese potrebbe trasferirsi proprio <strong class=\"nero\">al Bologna<\/strong>: le motivazioni sarebbero legate al mancato utilizzo nelle prime tre partite della stagione e alla volont\u00e0 di continuare ad essere protagonista in Serie A. I tifosi della Curva Nord, in serata hanno appeso uno striscione all\u2019esterno del centro sportivo: \u00abMarten, se sono solo voci meglio cos\u00ec. Per noi il tuo futuro non pu\u00f2 essere lontano da qui\u00bb.<\/p>\n<p>Contemporaneamente, l\u2019Atalanta continua a spingere per <strong class=\"nero\">Alessio Romagnoli<\/strong>, difensore centrale della Lazio, per completare il reparto arretrato. In uscita, manca solo l\u2019ufficialit\u00e0 per il passaggio di <strong class=\"nero\">Ahanor al Chelsea.<\/strong> <\/p>\n<p>Leggi anche<\/p>\n<p><a class=\"link-image-article\" href=\"https:\/\/www.ecodibergamo.it\/stories\/premium\/sport\/latalanta-verso-il-bologna-kristensen-non-recupera-dalla-distorsione-alla-cavi-o_3939290_11\/\" rel=\"nofollow noopener\" target=\"_blank\"><br \/>\n<img decoding=\"async\" alt=\"L\u2019Atalanta verso il Bologna: Kristensen non recupera dalla distorsione alla caviglia\" class=\"lozad\" src=\"https:\/\/www.europesays.com\/it\/wp-content\/uploads\/2026\/08\/latalanta-verso-il-bologna-kristensen-non-recupera-dalla-distorsione-alla-cavi_a333e7b0-a3e5-11f1-80.jpeg\" bad-src=\"https:\/\/www.europesays.com\/it\/wp-content\/uploads\/2026\/08\/latalanta-verso-il-bologna-kristensen-non-recupera-dalla-distorsione-alla-cavi_a333e7b0-a3e5-11f1-80.jpeg\"\/><br \/>\n<\/a><\/p>\n<p>Leggi anche<\/p>\n<p><a class=\"link-image-article\" href=\"https:\/\/www.ecodibergamo.it\/stories\/premium\/sport\/conference-il-calendario-dellatalanta-la-prima-e-lultima-in-casa-o_3939117_11\/\" rel=\"nofollow noopener\" target=\"_blank\"><br \/>\n<img decoding=\"async\" alt=\"Conference, il calendario dell\u2019Atalanta: la prima e l\u2019ultima in casa\" class=\"lozad\" src=\"https:\/\/www.europesays.com\/it\/wp-content\/uploads\/2026\/08\/conference-il-calendario-dellatalanta-la-prima-e-lultima-in-casa_40f3d8b8-a3da-11f1-88e8-4f17ea2fa18.jpeg\" bad-src=\"https:\/\/www.europesays.com\/it\/wp-content\/uploads\/2026\/08\/conference-il-calendario-dellatalanta-la-prima-e-lultima-in-casa_40f3d8b8-a3da-11f1-88e8-4f17ea2fa18.jpeg\"\/><br \/>\n<\/a><\/p>\n","protected":false},"excerpt":{"rendered":"Rowe, Kessie, Romagnoli, de Roon. Sono ore di calciomercato caldissime in casa Atalanta. La priorit\u00e0, ormai \u00e8 chiaro,&hellip;\n","protected":false},"author":3,"featured_media":655885,"comment_status":"","ping_status":"","sticky":false,"template":"","format":"standard","meta":{"footnotes":"","_share_on_mastodon":"0"},"categories":[1452],"tags":[361513,569,586,721,57069,1740,361512,1537,90,89,45438,558,5188,116268,987,251,1739,245,244],"class_list":["post-655884","post","type-post","status-publish","format-standard","has-post-thumbnail","category-calcio","tag-alessio-romagnoli","tag-atalanta","tag-bologna","tag-calcio","tag-de-roon","tag-football","tag-frank-kessie","tag-it","tag-italia","tag-italy","tag-jonathan-rowe","tag-juventus","tag-lazio","tag-marten-de-roon","tag-roma","tag-serie-a","tag-soccer","tag-sport","tag-sports"],"share_on_mastodon":{"url":"https:\/\/pubeurope.com\/@it\/117182190653822436","error":""},"_links":{"self":[{"href":"https:\/\/www.europesays.com\/it\/wp-json\/wp\/v2\/posts\/655884","targetHints":{"allow":["GET"]}}],"collection":[{"href":"https:\/\/www.europesays.com\/it\/wp-json\/wp\/v2\/posts"}],"about":[{"href":"https:\/\/www.europesays.com\/it\/wp-json\/wp\/v2\/types\/post"}],"author":[{"embeddable":true,"href":"https:\/\/www.europesays.com\/it\/wp-json\/wp\/v2\/users\/3"}],"replies":[{"embeddable":true,"href":"https:\/\/www.europesays.com\/it\/wp-json\/wp\/v2\/comments?post=655884"}],"version-history":[{"count":0,"href":"https:\/\/www.europesays.com\/it\/wp-json\/wp\/v2\/posts\/655884\/revisions"}],"wp:featuredmedia":[{"embeddable":true,"href":"https:\/\/www.europesays.com\/it\/wp-json\/wp\/v2\/media\/655885"}],"wp:attachment":[{"href":"https:\/\/www.europesays.com\/it\/wp-json\/wp\/v2\/media?parent=655884"}],"wp:term":[{"taxonomy":"category","embeddable":true,"href":"https:\/\/www.europesays.com\/it\/wp-json\/wp\/v2\/categories?post=655884"},{"taxonomy":"post_tag","embeddable":true,"href":"https:\/\/www.europesays.com\/it\/wp-json\/wp\/v2\/tags?post=655884"}],"curies":[{"name":"wp","href":"https:\/\/api.w.org\/{rel}","templated":true}]}}