{"id":655899,"date":"2026-08-30T03:02:17","date_gmt":"2026-08-30T03:02:17","guid":{"rendered":"https:\/\/www.europesays.com\/it\/655899\/"},"modified":"2026-08-30T03:02:17","modified_gmt":"2026-08-30T03:02:17","slug":"flotta-della-solidarieta-verso-ceuta-con-50-barche-sostegno-nella-crisi-migratoria","status":"publish","type":"post","link":"https:\/\/www.europesays.com\/it\/655899\/","title":{"rendered":"Flotta della solidariet\u00e0 verso Ceuta con 50 barche: sostegno nella crisi migratoria"},"content":{"rendered":"<p>\n         Pubblicato il<br \/>\n            29\/08\/2026 &#8211; 13:45 CEST\n            <\/p>\n<p>Una flottiglia di circa 50 imbarcazioni provenienti dalla Costa del Sol e da altri porti spagnoli \u00e8 partita sabato alla volta di Ceuta per mostrare il proprio sostegno alla citt\u00e0 dopo <a href=\"https:\/\/it.euronews.com\/2026\/08\/28\/ceuta-il-governo-spagnolo-chiede-il-sostegno-dellunione-europea\" rel=\"nofollow noopener\" target=\"_blank\">la crisi migratoria registrata dalla fine di luglio<\/a>, secondo quanto riportano i media locali.<\/p>\n<p>          <img decoding=\"async\" class=\"c-ad__placeholder__logo\" src=\"https:\/\/static.euronews.com\/website\/images\/logos\/logo-euronews-stacked-outlined-72x72-grey-9.svg\" width=\"72\" height=\"72\" alt=\"\" loading=\"lazy\"\/><br \/>\n          PUBBLICIT\u00c0<\/p>\n<p>          <img decoding=\"async\" class=\"c-ad__placeholder__logo\" src=\"https:\/\/static.euronews.com\/website\/images\/logos\/logo-euronews-stacked-outlined-72x72-grey-9.svg\" width=\"72\" height=\"72\" alt=\"\" loading=\"lazy\"\/><br \/>\n          PUBBLICIT\u00c0<\/p>\n<p>L&#8217;iniziativa, battezzata <strong>Armada de la Solidaridad con Ceuta<\/strong>, riunisce circa 120 partecipanti sotto lo slogan &#8220;todos somos Ceuta, Espa\u00f1a responde unida&#8221;. Gli organizzatori <strong>hanno previsto fino a 60 ormeggi gratuiti<\/strong> nel porto della citt\u00e0 per le imbarcazioni partecipanti.<\/p>\n<p>Le imbarcazioni <strong>non hanno effettuato una partenza congiunta<\/strong>, ma ogni comandante sta salpando dal proprio porto di origine per attraversare in modo indipendente lo stretto di Gibilterra con destinazione Ceuta, dove i partecipanti hanno in programma diverse attivit\u00e0 durante il fine settimana.<\/p>\n<p>L&#8217;iniziativa \u00e8 nata dopo <a href=\"https:\/\/it.euronews.com\/2026\/07\/30\/crisi-migranti-a-ceuta-governo-spagnolo-inviera-militari-litalia-valuta-di-sospendere-trat\" rel=\"nofollow noopener\" target=\"_blank\">l&#8217;arrivo massiccio di migranti a Ceuta<\/a> il 30 e 31 luglio, quando <strong>decine di migliaia di persone hanno attraversato irregolarmente dal Marocco<\/strong> verso la citt\u00e0 autonoma, in uno degli episodi di maggiore pressione migratoria registrati alla frontiera negli ultimi anni.<\/p>\n<p>Una volta a Ceuta, i partecipanti prenderanno parte a una visita guidata della citt\u00e0 e a una cena al Club Nautico. Domenica \u00e8 prevista <strong>una navigazione nelle acque che circondano la citt\u00e0 autonoma<\/strong>.<\/p>\n<p>Successivamente, le imbarcazioni provenienti dalla penisola e le imbarcazioni di Ceuta si ritroveranno nella baia sud per <strong>lanciare un messaggio di unit\u00e0<\/strong> &#8220;tra spagnoli su entrambe le sponde dello Stretto&#8221;, secondo il programma dell&#8217;iniziativa.<\/p>\n<p>Un fine settimana senza manifestazioni previste<\/p>\n<p>Ceuta si prepara a un fine settimana <strong>senza nuove manifestazioni annunciate<\/strong>, dopo <a href=\"https:\/\/it.euronews.com\/2026\/08\/27\/ceuta-sale-la-tensione-i-residenti-bloccano-i-mezzi-della-croce-rossa-verso-i-migranti\" rel=\"nofollow noopener\" target=\"_blank\">diversi giorni di proteste<\/a> per la presenza di migliaia di migranti entrati nella citt\u00e0 il 30 luglio.<\/p>\n<p>L&#8217;ultima mobilitazione ha riunito venerd\u00ec centinaia di residenti sulla spiaggia del Trampol\u00edn, dove hanno chiesto <strong>il ritorno in Marocco dei migranti<\/strong> e lo sgombero del campo allestito accanto al Centro di Permanenza Temporanea per Immigrati (CETI), che resta sovraffollato. Le proteste sono state organizzate principalmente attraverso gruppi sui social network.<\/p>\n<p>Per ora non sono previste nuove convocazioni per questo fine settimana, anche se <strong>fonti locali avvertono che potrebbero essere indette in qualsiasi momento<\/strong>. Il 2 settembre \u00e8 in programma una manifestazione organizzata congiuntamente dalla Federaci\u00f3n Provincial de Asociaciones de Vecinos (FPAV) e dall&#8217;associazione Foro Ceuta Siglo XXI.<\/p>\n","protected":false},"excerpt":{"rendered":"Pubblicato il 29\/08\/2026 &#8211; 13:45 CEST Una flottiglia di circa 50 imbarcazioni provenienti dalla Costa del Sol e&hellip;\n","protected":false},"author":3,"featured_media":655900,"comment_status":"","ping_status":"","sticky":false,"template":"","format":"standard","meta":{"footnotes":"","_share_on_mastodon":"0"},"categories":[160],"tags":[336208,14,164,165,2092,166,7,15,6059,11,167,12,168,161,162,163],"class_list":["post-655899","post","type-post","status-publish","format-standard","has-post-thumbnail","category-mondo","tag-ceuta","tag-cronaca","tag-dal-mondo","tag-dalmondo","tag-migranti","tag-mondo","tag-news","tag-notizie","tag-spagna","tag-ultime-notizie","tag-ultime-notizie-di-mondo","tag-ultimenotizie","tag-ultimenotiziedimondo","tag-world","tag-world-news","tag-worldnews"],"share_on_mastodon":{"url":"","error":""},"_links":{"self":[{"href":"https:\/\/www.europesays.com\/it\/wp-json\/wp\/v2\/posts\/655899","targetHints":{"allow":["GET"]}}],"collection":[{"href":"https:\/\/www.europesays.com\/it\/wp-json\/wp\/v2\/posts"}],"about":[{"href":"https:\/\/www.europesays.com\/it\/wp-json\/wp\/v2\/types\/post"}],"author":[{"embeddable":true,"href":"https:\/\/www.europesays.com\/it\/wp-json\/wp\/v2\/users\/3"}],"replies":[{"embeddable":true,"href":"https:\/\/www.europesays.com\/it\/wp-json\/wp\/v2\/comments?post=655899"}],"version-history":[{"count":0,"href":"https:\/\/www.europesays.com\/it\/wp-json\/wp\/v2\/posts\/655899\/revisions"}],"wp:featuredmedia":[{"embeddable":true,"href":"https:\/\/www.europesays.com\/it\/wp-json\/wp\/v2\/media\/655900"}],"wp:attachment":[{"href":"https:\/\/www.europesays.com\/it\/wp-json\/wp\/v2\/media?parent=655899"}],"wp:term":[{"taxonomy":"category","embeddable":true,"href":"https:\/\/www.europesays.com\/it\/wp-json\/wp\/v2\/categories?post=655899"},{"taxonomy":"post_tag","embeddable":true,"href":"https:\/\/www.europesays.com\/it\/wp-json\/wp\/v2\/tags?post=655899"}],"curies":[{"name":"wp","href":"https:\/\/api.w.org\/{rel}","templated":true}]}}