{"id":655923,"date":"2026-08-30T03:29:23","date_gmt":"2026-08-30T03:29:23","guid":{"rendered":"https:\/\/www.europesays.com\/it\/655923\/"},"modified":"2026-08-30T03:29:23","modified_gmt":"2026-08-30T03:29:23","slug":"squalo-della-groenlandia-catturato-per-caso-ha-392-anni-e-il-vertebrato-piu-longevo-sulla-terra","status":"publish","type":"post","link":"https:\/\/www.europesays.com\/it\/655923\/","title":{"rendered":"Squalo della Groenlandia catturato per caso: ha 392 anni, \u00e8 il vertebrato pi\u00f9 longevo sulla Terra"},"content":{"rendered":"<p>\n                            Ogni giorno le notizie pi\u00f9 lette della giornata<br \/>\n                            <b>Iscriviti<\/b> e ricevi le notizie via email\n                        <\/p>\n<p>Uno squalo della <a href=\"https:\/\/www.ilmessaggero.it\/t\/groenlandia\" rel=\"nofollow noopener\" target=\"_blank\">Groenlandia<\/a> lungo 5,02 metri <a href=\"https:\/\/scienceblog.com\/t-greenland-shark-392-years-272-512-uncertainty\/\" target=\"_blank\" rel=\"nofollow noopener\">potrebbe essere vissuto per quasi quattro secoli<\/a>, diventando il vertebrato pi\u00f9 longevo mai identificato. L&#8217;esemplare, una femmina catturata accidentalmente nelle acque della Groenlandia, \u00e8 stato al centro di uno studio che ne ha stimato l&#8217;et\u00e0 in circa 392 anni.<\/p>\n<p>&#13;<br \/>\n    APPROFONDIMENTI&#13;<br \/>\n    &#13;<\/p>\n<p>Quel numero, diventato rapidamente celebre, non rappresenta per\u00f2 un&#8217;et\u00e0 certa. <strong>Gli scienziati hanno calcolato per l&#8217;animale un intervallo compreso tra 272 e 512 anni, con 392 anni come valore centrale<\/strong>. Una forbice enorme, di ben 240 anni, che riflette la difficolt\u00e0 di stabilire con precisione l&#8217;et\u00e0 di una specie cos\u00ec longeva. Ma il risultato resta eccezionale: anche prendendo il limite minimo della stima, lo <a href=\"https:\/\/www.ilmessaggero.it\/t\/squalo\" rel=\"nofollow noopener\" target=\"_blank\">squalo<\/a> avrebbe superato il precedente record conosciuto tra i <a href=\"https:\/\/www.ilmessaggero.it\/t\/vertebrati\" rel=\"nofollow noopener\" target=\"_blank\">vertebrati<\/a>, attribuito a una balena della Groenlandia vissuta circa 211 anni.<\/p>\n<p> <img decoding=\"async\" class=\"wnv-lazy\" src=\"https:\/\/www.europesays.com\/it\/wp-content\/uploads\/2026\/08\/87474889e278787cfab0785125b2ff4958d896bf307f7d28a2f21d1d3e1e116e.jpg\"\/>  <\/p>\n<p>Per arrivare alla stima i ricercatori hanno analizzato il nucleo del cristallino dell&#8217;occhio, dove rimangono conservate proteine formatesi nelle primissime fasi della vita. Misurando il <a href=\"https:\/\/www.ilmessaggero.it\/t\/carbonio\" rel=\"nofollow noopener\" target=\"_blank\">carbonio<\/a>-14 presente in questi tessuti e confrontandolo con le variazioni del radiocarbonio nel tempo, \u00e8 stato possibile costruire un modello probabilistico.<\/p>\n<p>Lo studio ha inoltre messo in evidenza la straordinaria lentezza del ciclo vitale di questi animali. Le femmine potrebbero infatti raggiungere la maturit\u00e0 sessuale soltanto intorno ai 156 anni. <strong>Un ritmo biologico eccezionale che aiuta a spiegare la longevit\u00e0 dello squalo della Groenlandia<\/strong>, ma che rende anche la specie particolarmente vulnerabile alle catture e alla perdita degli esemplari adulti.<\/p>\n<p>&#13;<br \/>\n                            \u00a9 RIPRODUZIONE RISERVATA&#13;<\/p>\n<p>&#13;<\/p>\n","protected":false},"excerpt":{"rendered":"Ogni giorno le notizie pi\u00f9 lette della giornata Iscriviti e ricevi le notizie via email Uno squalo della&hellip;\n","protected":false},"author":3,"featured_media":655924,"comment_status":"","ping_status":"","sticky":false,"template":"","format":"standard","meta":{"footnotes":"","_share_on_mastodon":"0"},"categories":[160],"tags":[14,164,165,42328,20571,166,7,15,23515,361856,243,11,167,12,168,161,162,163],"class_list":["post-655923","post","type-post","status-publish","format-standard","has-post-thumbnail","category-mondo","tag-cronaca","tag-dal-mondo","tag-dalmondo","tag-groenlandia","tag-longevita","tag-mondo","tag-news","tag-notizie","tag-squalo","tag-squalo-groenlandia","tag-ultima-ora","tag-ultime-notizie","tag-ultime-notizie-di-mondo","tag-ultimenotizie","tag-ultimenotiziedimondo","tag-world","tag-world-news","tag-worldnews"],"share_on_mastodon":{"url":"https:\/\/pubeurope.com\/@it\/117182344931062094","error":""},"_links":{"self":[{"href":"https:\/\/www.europesays.com\/it\/wp-json\/wp\/v2\/posts\/655923","targetHints":{"allow":["GET"]}}],"collection":[{"href":"https:\/\/www.europesays.com\/it\/wp-json\/wp\/v2\/posts"}],"about":[{"href":"https:\/\/www.europesays.com\/it\/wp-json\/wp\/v2\/types\/post"}],"author":[{"embeddable":true,"href":"https:\/\/www.europesays.com\/it\/wp-json\/wp\/v2\/users\/3"}],"replies":[{"embeddable":true,"href":"https:\/\/www.europesays.com\/it\/wp-json\/wp\/v2\/comments?post=655923"}],"version-history":[{"count":0,"href":"https:\/\/www.europesays.com\/it\/wp-json\/wp\/v2\/posts\/655923\/revisions"}],"wp:featuredmedia":[{"embeddable":true,"href":"https:\/\/www.europesays.com\/it\/wp-json\/wp\/v2\/media\/655924"}],"wp:attachment":[{"href":"https:\/\/www.europesays.com\/it\/wp-json\/wp\/v2\/media?parent=655923"}],"wp:term":[{"taxonomy":"category","embeddable":true,"href":"https:\/\/www.europesays.com\/it\/wp-json\/wp\/v2\/categories?post=655923"},{"taxonomy":"post_tag","embeddable":true,"href":"https:\/\/www.europesays.com\/it\/wp-json\/wp\/v2\/tags?post=655923"}],"curies":[{"name":"wp","href":"https:\/\/api.w.org\/{rel}","templated":true}]}}