{"id":655940,"date":"2026-08-30T03:53:28","date_gmt":"2026-08-30T03:53:28","guid":{"rendered":"https:\/\/www.europesays.com\/it\/655940\/"},"modified":"2026-08-30T03:53:28","modified_gmt":"2026-08-30T03:53:28","slug":"la-ruota-della-fortuna-samira-lui-perde-i-bottoni-e-gerry-scotti-la-stuzzica","status":"publish","type":"post","link":"https:\/\/www.europesays.com\/it\/655940\/","title":{"rendered":"La Ruota della Fortuna, Samira Lui perde i bottoni e Gerry Scotti la stuzzica"},"content":{"rendered":"<p>Non \u00e8 facile continuare a stupire quando si va in onda tutti i giorni, festivi compresi, persino nel mese di agosto. Eppure Samira Lui continua a lasciare tutti a bocca aperta, sfoggiando <strong>un look decisamente alla moda<\/strong> e con un dettaglio che non manca di attirare l\u2019attenzione del collega Gerry Scotti. Il botta e risposta tra i due conduttori \u00e8 esilarante. D\u2019altronde, i motivi per ridere non mancano: La Ruota della Fortuna si conferma regina degli ascolti d\u2019estate.\n<\/p>\n<p>Samira Lui e il look con \u201cle prese d\u2019aria\u201d<\/p>\n<p>Con tutto il rispetto per l\u2019avvincente gara e il talento dei concorrenti, il momento pi\u00f9 atteso di ogni puntata de La Ruota della Fortuna \u00e8 l\u2019arrivo in studio di <a href=\"https:\/\/dilei.it\/star-e-vip\/samira-lui\/\" rel=\"nofollow noopener\" target=\"_blank\">Samira Lui<\/a>. La conduttrice, stasera, lascia tutti di stucco, rinunciando ai classici abitini romantici a favore di un outfit decisamente alla moda. \u201cL\u2019avevo vista al buio e non mi ero accorto di tutte queste belle paillettone\u201d commenta <a href=\"https:\/\/dilei.it\/star-e-vip\/gerry-scotti\/\" rel=\"nofollow noopener\" target=\"_blank\">Gerry Scotti<\/a> ammirando la <strong>luccicante minigonna<\/strong> nera della collega.<\/p>\n<p>Il pezzo forte del look, per\u00f2, \u00e8 il top. Si tratta di un morbido gilet in seta bianca, senza maniche, senza bottoni e \u201cportato al contrario\u201d, per dirlo con le parole di Scotti. Il top \u00e8 infatti tenuto chiuso sul davanti da una <strong>fila di sensuali fiocchetti<\/strong> che lasciano intravedere scollatura e ombelico. \u201cStasera<strong> ha messo le prese d\u2019aria<\/strong>\u201d scherza Gerry, e Samira sta al gioco: \u201cLo regolo in base alla temperatura, quando fa freddo stringo\u201d.<\/p>\n<p>Gerry Scotti realizza il suo sogno con La Ruota della Fortuna<\/p>\n<p>Gerry Scotti e Samira Lui sono sempre pronti a dar vita a simpatici siparietti, ma stasera un po\u2019 di pi\u00f9. Ne hanno, d\u2019altronde, tutti i motivi. Gli ultimi dati confermano La Ruota della Fortuna <strong>regina di ascolti nell\u2019intera estate 2026<\/strong>. Tra il 31 maggio e il 25 agosto Mediaset ha raggiunto una media giornaliera di 2,8 milioni di spettatori, superano di 2,5 milioni della Rai. E in questo risultato non pu\u00f2 che pesare la scelta del Biscione di mantenere in onda il suo show di punta, mentre i pacchi di Affari Tuoi sono andati in vacanza.<\/p>\n<p>La classifica \u00e8 confermata <strong>anche sul versante on demand<\/strong>. Durante l\u2019estate, le reti generaliste Mediaset hanno registrato circa 120mila spettatori medi sulla piattaforme web, contro i 37mila di RaiPlay.<\/p>\n<p>Un successo del genere consola Gerry Scotti che, come confessato all\u2019inizio di questa puntata di fine agosto, ha dovuto da tempo <strong>rinunciare al proprio vero sogno<\/strong> di ragazzo. Prima di diventare uno dei volti pi\u00f9 amati della televisione italiana, il giovane Gerry sognava di diventare una rockstar. E lo ha dimostrato questa sera, muovendo le mani a ritmo come suonasse una vera batteria. \u201cLa suonavo anch\u2019io, \u2013 ha raccontato \u2013 poi ho dovuto smettere, mi hanno cacciato dal condominio\u201d.<\/p>\n<p>Doppietta per il campione appassionato di sport<\/p>\n<p>Look, canzoni e siparietti non mancano mai, ma il vero protagonista de La Ruota della Fortuna \u00e8, come sempre, il gioco. Gioco che questa sera, cos\u00ec come quella precedente, \u00e8 dominato da <strong>Davide<\/strong>, organizzatore di eventi sportivi in arrivo da Garlenda, in provincia di Savona. L\u2019aitante giovane \u00e8 riuscito a porre fine al regno del virtuoso Paolo, che dominava ormai da ben 4 puntate \u2013 quasi un record per quest\u2019edizione.<\/p>\n<p>Nella puntata di gioved\u00ec Davide ha guadagnato <strong>oltre 26mila euro<\/strong> e due biciclette elettriche. Quest\u2019oggi <strong>non \u00e8 cos\u00ec fortunato<\/strong>. Alla ruota delle meraviglie arriva con ben due buste gialle, ma in nessuna delle due si nasconde un gran tesoro. Infine, il campione aggiunge al proprio bottino appena 1.000 euro. Ma c\u2019\u00e8 sempre domani\u2026<\/p>\n<p>\t\t\t\tScopri i personaggi in trend, le storie del momento e molto altro.<br \/>Dove? Sul <a href=\"https:\/\/whatsapp.com\/channel\/0029Vb68mVyHVvTWezDm7d0R\" target=\"_blank\" rel=\"noopener nofollow\">canale WhatsApp di DiLei!<\/a><\/p>\n<p>\t\t\t<a class=\"buttonCall\" href=\"https:\/\/whatsapp.com\/channel\/0029Vb68mVyHVvTWezDm7d0R\" target=\"_blank\" rel=\"noopener nofollow\" title=\"Seguici su WhatsApp\"><br \/>\n\t\t\t\tSeguici su WhatsApp<br \/>\n\t\t\t<\/a><\/p>\n","protected":false},"excerpt":{"rendered":"Non \u00e8 facile continuare a stupire quando si va in onda tutti i giorni, festivi compresi, persino nel&hellip;\n","protected":false},"author":3,"featured_media":655941,"comment_status":"","ping_status":"","sticky":false,"template":"","format":"standard","meta":{"footnotes":"","_share_on_mastodon":"0"},"categories":[174],"tags":[203,686,204,1537,90,89,684,22835,214],"class_list":["post-655940","post","type-post","status-publish","format-standard","has-post-thumbnail","category-intrattenimento","tag-entertainment","tag-gerry-scotti","tag-intrattenimento","tag-it","tag-italia","tag-italy","tag-la-ruota-della-fortuna","tag-samira-lui","tag-spettacolo"],"share_on_mastodon":{"url":"https:\/\/pubeurope.com\/@it\/117182438610380289","error":""},"_links":{"self":[{"href":"https:\/\/www.europesays.com\/it\/wp-json\/wp\/v2\/posts\/655940","targetHints":{"allow":["GET"]}}],"collection":[{"href":"https:\/\/www.europesays.com\/it\/wp-json\/wp\/v2\/posts"}],"about":[{"href":"https:\/\/www.europesays.com\/it\/wp-json\/wp\/v2\/types\/post"}],"author":[{"embeddable":true,"href":"https:\/\/www.europesays.com\/it\/wp-json\/wp\/v2\/users\/3"}],"replies":[{"embeddable":true,"href":"https:\/\/www.europesays.com\/it\/wp-json\/wp\/v2\/comments?post=655940"}],"version-history":[{"count":0,"href":"https:\/\/www.europesays.com\/it\/wp-json\/wp\/v2\/posts\/655940\/revisions"}],"wp:featuredmedia":[{"embeddable":true,"href":"https:\/\/www.europesays.com\/it\/wp-json\/wp\/v2\/media\/655941"}],"wp:attachment":[{"href":"https:\/\/www.europesays.com\/it\/wp-json\/wp\/v2\/media?parent=655940"}],"wp:term":[{"taxonomy":"category","embeddable":true,"href":"https:\/\/www.europesays.com\/it\/wp-json\/wp\/v2\/categories?post=655940"},{"taxonomy":"post_tag","embeddable":true,"href":"https:\/\/www.europesays.com\/it\/wp-json\/wp\/v2\/tags?post=655940"}],"curies":[{"name":"wp","href":"https:\/\/api.w.org\/{rel}","templated":true}]}}