{"id":655958,"date":"2026-08-30T04:16:14","date_gmt":"2026-08-30T04:16:14","guid":{"rendered":"https:\/\/www.europesays.com\/it\/655958\/"},"modified":"2026-08-30T04:16:14","modified_gmt":"2026-08-30T04:16:14","slug":"ce-il-primo-nome-del-lucca-summer-take-that-per-i-trentanni-del-festival","status":"publish","type":"post","link":"https:\/\/www.europesays.com\/it\/655958\/","title":{"rendered":"C\u2019\u00e8 il primo nome del Lucca Summer. Take That per i trent\u2019anni del Festival"},"content":{"rendered":"<p>L\u2019edizione del trentennale del <strong>Lucca Summer Festival<\/strong> ha gi\u00e0 il suo primo nome sul cartellone: i <strong>Take That<\/strong>. La band britannica sar\u00e0 infatti protagonista il 20 luglio 2027 sugli spalti delle Mura con il \u201c<strong>Dreamers Tour 2027<\/strong>\u201c, che far\u00e0 seguito in tutta Europa e non solo alla trionfale serie di concerti nel Regno Unito che ha registrato ben 736mila biglietti venduti. Sar\u00e0 per loro la seconda volta a Lucca, otto anni dopo il loro esordio nel festival del 2019. Trent\u2019anni di grandi concerti entrati nella storia della musica dal vivo: il Summer si prepara a celebrare questo importante traguardo con un\u2019edizione speciale, che rinnova il legame tra la citt\u00e0 e i pi\u00f9 grandi protagonisti della scena internazionale.<\/p>\n<p>Gary Barlow, Howard Donald e Mark Owen porteranno sul palco i brani del nuovo album \u201cDreamers\u201c, in uscita in questi giorni, insieme ai grandi classici del loro repertorio, in uno show pensato per le diverse generazioni che li hanno seguiti, dal loro esordio nel 1990 (c\u2019erano anche Jason Orange e Robbie Williams) fino a oggi. I fan che preordineranno \u201cDreamers\u201c potranno accedere alla prevendita dalle ore 10 di mercoled\u00ec 2 settembre. Dalle 11 del 2 settembre fino alle 23.59 del 3 settembre sar\u00e0 attiva la \u201cpresale\u201c di R101 per acquistare i biglietti in anteprima (dettagli su www.r101.it). La vendita generale aprir\u00e0 invece alle ore 10 di venerd\u00ec 4 settembre sul circuito TicketOne.<\/p>\n<p>Il 2026 \u00e8 stato un anno straordinario per i Take That: oltre ai grandi numeri del tour, il documentario Netflix \u201cTake That\u201c ha raggiunto il primo posto al momento della sua uscita a febbraio e uno dei concerti di Manchester, trasmesso in diretta da Amazon Music su Prime Video, Twitch e sull\u2019app Amazon Music, \u00e8 diventata la performance britannica in livestream pi\u00f9 vista di sempre.<\/p>\n<p>&#8220;L\u2019edizione del trentennale sar\u00e0 davvero speciale \u2013 ha dichiarato il patron Mimmo D\u2019Alessandro \u2013 e questo primo annuncio ne \u00e8 solo un assaggio. Siamo gi\u00e0 praticamente pronti con altre quattro\/cinque date di grande richiamo, che sveleremo dopo l\u2019incontro con l\u2019amministrazione comunale, in programma a inizio settembre, nel quale saranno decisi soprattutto i dettagli che riguardano le location, vista l\u2019indisponibilit\u00e0 di piazza Napoleone. Non vediamo l\u2019ora di fare nuovi annunci per iniziare a festeggiare degnamente i trent\u2019anni di storia del Summer che hanno fatto di Lucca una delle citt\u00e0 pi\u00f9 apprezzate da tutti i pi\u00f9 grandi artisti internazionali e ormai tra le pi\u00f9 conosciute nel mondo musicale&#8221;.<\/p>\n","protected":false},"excerpt":{"rendered":"L\u2019edizione del trentennale del Lucca Summer Festival ha gi\u00e0 il suo primo nome sul cartellone: i Take That.&hellip;\n","protected":false},"author":3,"featured_media":655959,"comment_status":"","ping_status":"","sticky":false,"template":"","format":"standard","meta":{"footnotes":"","_share_on_mastodon":"0"},"categories":[1443],"tags":[203,4631,204,1537,90,89,5287,1538,1539,5245,48875,18268,71999],"class_list":["post-655958","post","type-post","status-publish","format-standard","has-post-thumbnail","category-musica","tag-entertainment","tag-festival","tag-intrattenimento","tag-it","tag-italia","tag-italy","tag-lucca","tag-music","tag-musica","tag-summer","tag-take","tag-that","tag-trent"],"share_on_mastodon":{"url":"https:\/\/pubeurope.com\/@it\/117182528576067399","error":""},"_links":{"self":[{"href":"https:\/\/www.europesays.com\/it\/wp-json\/wp\/v2\/posts\/655958","targetHints":{"allow":["GET"]}}],"collection":[{"href":"https:\/\/www.europesays.com\/it\/wp-json\/wp\/v2\/posts"}],"about":[{"href":"https:\/\/www.europesays.com\/it\/wp-json\/wp\/v2\/types\/post"}],"author":[{"embeddable":true,"href":"https:\/\/www.europesays.com\/it\/wp-json\/wp\/v2\/users\/3"}],"replies":[{"embeddable":true,"href":"https:\/\/www.europesays.com\/it\/wp-json\/wp\/v2\/comments?post=655958"}],"version-history":[{"count":0,"href":"https:\/\/www.europesays.com\/it\/wp-json\/wp\/v2\/posts\/655958\/revisions"}],"wp:featuredmedia":[{"embeddable":true,"href":"https:\/\/www.europesays.com\/it\/wp-json\/wp\/v2\/media\/655959"}],"wp:attachment":[{"href":"https:\/\/www.europesays.com\/it\/wp-json\/wp\/v2\/media?parent=655958"}],"wp:term":[{"taxonomy":"category","embeddable":true,"href":"https:\/\/www.europesays.com\/it\/wp-json\/wp\/v2\/categories?post=655958"},{"taxonomy":"post_tag","embeddable":true,"href":"https:\/\/www.europesays.com\/it\/wp-json\/wp\/v2\/tags?post=655958"}],"curies":[{"name":"wp","href":"https:\/\/api.w.org\/{rel}","templated":true}]}}