{"id":655968,"date":"2026-08-30T04:23:28","date_gmt":"2026-08-30T04:23:28","guid":{"rendered":"https:\/\/www.europesays.com\/it\/655968\/"},"modified":"2026-08-30T04:23:28","modified_gmt":"2026-08-30T04:23:28","slug":"i-primi-100-giorni-del-nuovo-ceo-di-ferretti-anastassov-traccia-la-rotta-con-le-sue-sei-ossessioni","status":"publish","type":"post","link":"https:\/\/www.europesays.com\/it\/655968\/","title":{"rendered":"I primi 100 giorni del nuovo Ceo di Ferretti: Anastassov traccia la rotta con le sue &#8220;sei ossessioni&#8221;"},"content":{"rendered":"<p>A poco pi\u00f9 di cento giorni dal suo insediamento ai vertici del Gruppo Ferretti, il nuovo amministratore delegato Stassi Anastassov traccia la rotta per il futuro del colosso della nautica di lusso inviando un memo al team manageriale in cui esplicita le sue \u201cistruzioni per l&#8217;uso\u201d e il proprio \u201cbusiness dna\u201d. Nel testo l&#8217;amministratore delegato sottolinea che l&#8217;obiettivo primario affidatogli dal Board \u00e8 \u201cgenerare rendimenti superiori per tutti i nostri azionisti\u201d, traguardo raggiungibile solo mantenendo l&#8217;azienda \u201cfinanziariamente forte, competitivamente forte e sostenuta da una squadra eccezionale di grandi persone Ferretti, a ogni livello dell\u2019organizzazione\u201d.<\/p>\n<p>Nel delineare la propria filosofia di leadership, frutto di oltre quarant&#8217;anni di carriera, Anastassov individua sei punti cardine che definisce senza mezzi termini le sue \u201csei ossessioni\u201d: la prima \u00e8 la centralit\u00e0 assoluta del cliente, perch\u00e9 \u201cin Ferretti l&#8217;armatore \u00e8 il boss e il nostro compito \u00e8 ascoltarlo\u201d; la seconda riguarda la cura per brand iconici come Riva, Pershing e Ferretti Yachts, definiti \u201casset straordinari che richiedono attenzione, protezione e vera ownership per essere resi ancora pi\u00f9 forti per la prossima generazione\u201d.\u00a0<\/p>\n<p>La terza fa perno sui numeri e sui risultati economici, ricordando che \u201camo vincere, ma vincere significa crescita dei ricavi, degli utili e dei margini, perch\u00e9 nel business i risultati si vedono nei numeri\u201d; la quarta riguarda un&#8217;innovazione tecnologica pragmatica, mossa dalla domanda \u201cquale esperienza vogliamo far vivere ai nostri Armatori e quale tecnologia ci permette di crearla\u201d; la quinta impone il massimo rigore operativo ed esecutivo, con l&#8217;ambizione di \u201calzare ulteriormente l&#8217;asticella dell&#8217;orgoglio professionale\u201d; infine, la sesta ossessione \u00e8 la meritocrazia totale, precisando di volere \u201cun luogo in cui la performance conta e dove nessuno possa pensare che politica, anzianit\u00e0 o accesso al Ceo siano un sostituto dei risultati\u201d.<\/p>\n<p>Concludendo il messaggio ai suoi dirigenti alla vigilia della nuova stagione, Anastassov sprona la squadra al confronto aperto, spiegando che \u201cvoglio persone forti intorno a me che mi sfidino e portino idee migliori delle mie, ma ogni decisione che prender\u00f2 passer\u00e0 sempre attraverso il filtro di queste sei ossessioni\u201d.<\/p>\n","protected":false},"excerpt":{"rendered":"A poco pi\u00f9 di cento giorni dal suo insediamento ai vertici del Gruppo Ferretti, il nuovo amministratore delegato&hellip;\n","protected":false},"author":3,"featured_media":655969,"comment_status":"","ping_status":"","sticky":false,"template":"","format":"standard","meta":{"footnotes":"","_share_on_mastodon":"0"},"categories":[172],"tags":[178,177,22571,1537,90,89,95823],"class_list":["post-655968","post","type-post","status-publish","format-standard","has-post-thumbnail","category-affari","tag-affari","tag-business","tag-ferretti","tag-it","tag-italia","tag-italy","tag-nautica"],"share_on_mastodon":{"url":"https:\/\/pubeurope.com\/@it\/117182556065391362","error":""},"_links":{"self":[{"href":"https:\/\/www.europesays.com\/it\/wp-json\/wp\/v2\/posts\/655968","targetHints":{"allow":["GET"]}}],"collection":[{"href":"https:\/\/www.europesays.com\/it\/wp-json\/wp\/v2\/posts"}],"about":[{"href":"https:\/\/www.europesays.com\/it\/wp-json\/wp\/v2\/types\/post"}],"author":[{"embeddable":true,"href":"https:\/\/www.europesays.com\/it\/wp-json\/wp\/v2\/users\/3"}],"replies":[{"embeddable":true,"href":"https:\/\/www.europesays.com\/it\/wp-json\/wp\/v2\/comments?post=655968"}],"version-history":[{"count":0,"href":"https:\/\/www.europesays.com\/it\/wp-json\/wp\/v2\/posts\/655968\/revisions"}],"wp:featuredmedia":[{"embeddable":true,"href":"https:\/\/www.europesays.com\/it\/wp-json\/wp\/v2\/media\/655969"}],"wp:attachment":[{"href":"https:\/\/www.europesays.com\/it\/wp-json\/wp\/v2\/media?parent=655968"}],"wp:term":[{"taxonomy":"category","embeddable":true,"href":"https:\/\/www.europesays.com\/it\/wp-json\/wp\/v2\/categories?post=655968"},{"taxonomy":"post_tag","embeddable":true,"href":"https:\/\/www.europesays.com\/it\/wp-json\/wp\/v2\/tags?post=655968"}],"curies":[{"name":"wp","href":"https:\/\/api.w.org\/{rel}","templated":true}]}}