{"id":655981,"date":"2026-08-30T04:46:22","date_gmt":"2026-08-30T04:46:22","guid":{"rendered":"https:\/\/www.europesays.com\/it\/655981\/"},"modified":"2026-08-30T04:46:22","modified_gmt":"2026-08-30T04:46:22","slug":"juve-nome-nuovo-zhegrova-s-esposito-e-balerdi-alla-roma","status":"publish","type":"post","link":"https:\/\/www.europesays.com\/it\/655981\/","title":{"rendered":"Juve, nome nuovo! Zhegrova, S. Esposito e Balerdi alla Roma"},"content":{"rendered":"<p>\nSono ore sempre pi\u00f9 calde quelle che riguardano il calciomercato delle squadre di Serie A: diverse le novit\u00e0 di queste ore che riguardano anche il fantacalcio.\n<\/p>\n<p>\n<strong>PAPE SARR<\/strong> &#8211; Tramontata la trattativa per Franck <strong>Kessie<\/strong>, che \u00e8 andato all&#8217;Atalanta, la Juve si guarda intorno per rinforzare il proprio centrocampo in vista della prossima stagione. Secondo quanto riportato da Sky i bianconeri ora stanno pensando a Pape Matar<strong> Sarr<\/strong>. La dirigenza ha chiesto informazioni al <strong>Tottenham<\/strong> per il classe 2002 e la formula valutata \u00e8 quella del prestito. Il giocatore cerca una squadra che possa garantirgli maggiore continuit\u00e0 in termini di spazio in campo. Anche diversi club di Premier sono interessati al senegalese, la Juve prova a intavolare la trattativa con il Tottenham gi\u00e0 nella giornata di oggi.\n<\/p>\n<p>        <img src=\"https:\/\/www.europesays.com\/it\/wp-content\/uploads\/2026\/08\/GettyImages-2248448817-7bcdda829576-e1788021072662-1024x575.jpg\"   width=\"716\" height=\"402\" alt=\"Olympique de Marseille v Newcastle United FC - UEFA Champions League 2025\/26 League Phase MD5\" title=\"Olympique de Marseille v Newcastle United FC - UEFA Champions League 2025\/26 League Phase MD5\" loading=\"eager\" fetchpriority=\"high\" decoding=\"sync\" class=\"w-full h-auto aspect-3\/2 object-cover object-top rounded-lg\"\/><\/p>\n<p>\n<strong>ZHEGROVA<\/strong> &#8211; Ancora problemi nella <strong>Juve<\/strong>: nel match di questa sera contro il Parma <strong>non ci sar\u00e0 Edon Zhegrova<\/strong>, che salta la partita ufficialmente per affaticamento. L&#8217;esterno finora ha giocato da subentrando nella prima partita di campionato contro il Frosinone. Attenzione per\u00f2 al mercato: su di lui c&#8217;\u00e8 l&#8217;<strong>Al Ittihad<\/strong>, il club arabo lo ha inserito in lista con altri due esterni offensivi per sostituire Diaby. Secondo Fabrizio Romano invece il giocatore non sarebbe in lista della Lazio e dell&#8217;Atalanta, opzioni circolate nelle ultime ore.\n<\/p>\n<p>\n<strong>S. ESPOSITO<\/strong> &#8211; Ufficiale il trasferimento di Sebastiano <strong>Esposito<\/strong>, in prestito, dal <strong>Cagliari<\/strong> al <strong>Sassuolo<\/strong>. Di seguito ecco il comunicato del club sardo: &#8220;Il Cagliari Calcio comunica la cessione del diritto alle prestazioni sportive del calciatore Sebastiano Esposito, che si trasferisce in prestito sino al termine della stagione sportiva 2026\/27 con diritto di riscatto&#8221;.\n<\/p>\n<p>\n<strong>FRENDRUP<\/strong> &#8211; Morten <strong>Frendrup<\/strong> via dal <strong>Genoa<\/strong>? Scenario possibile secondo quanto riferito da Sky, ma non ancora certo. L&#8217;Olympiacos, infatti, ha presentato un&#8217;offerta ufficiale al Grifone. <strong>Al momento, per\u00f2, c&#8217;\u00e8 ancora distanza tra le parti<\/strong>. In caso di uscita, c&#8217;\u00e8 l&#8217;idea Rolando Mandragora per il club rossobl\u00f9.\n<\/p>\n<p>\n<strong>BALERDI<\/strong> &#8211; La <strong>Roma<\/strong> ha preso Leonardo <strong>Balerdi<\/strong>, come riferito da Fabrizio Romano sul suo canale WhatsApp. Via libera del <strong>Marsiglia<\/strong> a procedere. Intesa raggiunta sulla base di un<strong> prestito da 1 milione con diritto di riscatto che pu\u00f2 diventare obbligo al verificarsi di determinate condizioni<\/strong>. Gasperini ha il suo nuovo difensore. La Roma, inoltre, \u00e8 in contatto diretto con lo <strong>Zenit San Pietroburgo<\/strong> per ingaggiare <strong>Luiz Henrique<\/strong> come nuovo esterno. La Roma sta lavorando per comprendere le condizioni del potenziale affare.\n<\/p>\n<p>\n<strong>CALETA-CAR<\/strong> &#8211; Il <strong>Sassuolo<\/strong> puntella la difesa. Secondo quanto riferito da Fabrizio Romano sul suo canale WhatsApp, i neroverdi hanno chiuso per Duje <strong>\u0106aleta-Car<\/strong>. Raggiunta l&#8217;intesta verbale con il difensore croato e l\u2019Olympique Lione. Alberto Aquilani avr\u00e0 dunque un nuovo rinforzo per il suo pacchetto difensivo.\n<\/p>\n<p>\n<strong>RICCI<\/strong> &#8211; \u00c8 ufficiale, <strong>Ricci<\/strong> \u00e8 un nuovo giocatore del <strong>Como<\/strong>. Il centrocampista arriva in prestito dal Milan, questo il comunicato ufficiale del club: &#8220;Il Como 1907 \u00e8 lieto di annunciare l&#8217;ingaggio del centrocampista italiano Samuele Ricci in prestito fino al termine della stagione 2026\/27 con opzione, dall&#8217;A.C. Milan&#8221;.\n<\/p>\n<p>\n<strong>VENEZIA<\/strong> &#8211; Dopo aver perso contro il Milan il <strong>Venezia si dedica al mercato<\/strong>. Il club ha trovato una base di accordo per Toni <strong>Fern\u00e1ndez<\/strong> con il Barcellona. Intesa per 4 milioni di euro, 50% sulla futura rivendita e clausola di riacquisto per il trequartista 18enne.\n<\/p>\n<p>\n<strong>MBANGULA<\/strong> &#8211; Continuano le manovre di mercato in casa Bologna. La novit\u00e0 riportata da Sky \u00e8 che si prova per <strong>Mbangula<\/strong>: &#8220;Il Bologna continua a sondare il mercato delle ali d&#8217;attacco e, nelle ultime ore, ci sta provando per Samuel Mbangula. Belga, classe 2004, nel 2025\/26 Mbangula ha vestito la maglia del Werder Brema in Bundesliga, ma \u00e8 cresciuto calcisticamente nella Juventus, dall&#8217;Under 17 alle 32 presenze (con 4 gol e 5 assist) in Prima Squadra. Si tratta di un profilo giovane che il direttore sportivo rossobl\u00f9 Giovanni Sartori voleva gi\u00e0 la scorsa stagione, prima che si trasferisse proprio al Werder Brema. L&#8217;arrivo del 2004,<strong> potrebbe essere anche la chiave per sbloccare la cessione di Rowe all&#8217;Atalanta<\/strong>. La Dea nelle ultime ore \u00e8 arrivata a offrire 33 milioni pi\u00f9 2 di bonus ma il Bologna non \u00e8 soddisfatto della proposta e vorrebbe cifre maggiori. Intanto, per\u00f2, i rossobl\u00f9 si muovono per trovare il sostituto adatto in quel ruolo e l&#8217;ultimo nome \u00e8 proprio quello di Samuel Mbangula&#8221;.\n<\/p>\n<p>\n<strong>CIERVO<\/strong> &#8211; <strong>Riccardo Ciervo \u00e8 un nuovo calciatore del Cagliari<\/strong>. Lo annuncia il club sardo con questo comunicato: &#8220;Il Cagliari Calcio comunica l\u2019acquisizione dal Sassuolo del diritto alle prestazioni sportive del calciatore Riccardo Ciervo, che si trasferisce in rossobl\u00f9 in prestito sino al termine della stagione sportiva 2026\/2027 con diritto di riscatto. Classe 2002, nato a Latina, Ciervo \u00e8 un attaccante esterno di piede destro, capace di giocare su entrambe le fasce e dotato di rapidit\u00e0, abilit\u00e0 nell\u2019uno contro uno e attitudine all\u2019attacco della profondit\u00e0. Cresciuto nel Settore giovanile della Roma, ha esordito tra i professionisti in Serie A nel settembre 2021 con la maglia della Sampdoria contro il Napoli: ha chiuso l\u2019esperienza in blucerchiato con un bottino di 12 presenze e 2 assist. Passato al Sassuolo nel 2022, ha iniziato un percorso che gli ha permesso di maturare esperienza con Frosinone, Venezia, S\u00fcdtirol, Cosenza e Cesena. In Romagna, nella scorsa stagione, 38 presenze, 5 gol e 4 assist: un rendimento che gli ha consentito di confermare le proprie qualit\u00e0 e fare un ulteriore step di crescita nel proprio cammino calcistico. Tornato al Sassuolo nell\u2019estate 2026, ha ritrovato la Serie A scendendo in campo nel finale della prima giornata il 23 agosto scorso in casa dell\u2019Atalanta. Ora una nuova tappa della carriera, pronto a mettere a disposizione del Cagliari velocit\u00e0, imprevedibilit\u00e0 e capacit\u00e0 di creare superiorit\u00e0 numerica in zona offensiva. Benvenuto in Sardegna, Riccardo!&#8221;.<\/p>\n","protected":false},"excerpt":{"rendered":"Sono ore sempre pi\u00f9 calde quelle che riguardano il calciomercato delle squadre di Serie A: diverse le novit\u00e0&hellip;\n","protected":false},"author":3,"featured_media":655982,"comment_status":"","ping_status":"","sticky":false,"template":"","format":"standard","meta":{"footnotes":"","_share_on_mastodon":"0"},"categories":[176],"tags":[8235,569,765,360777,361914,2333,586,96746,6300,182877,361915,2281,721,331178,361916,361917,921,2773,268676,14554,3153,7204,571,2206,81938,3155,554,361918,3705,2275,806,7170,7171,3073,12732,20698,36975,564,1537,90,89,565,575,1412,553,1693,8483,6840,7299,2776,795,7175,987,10997,38571,6299,1821,270,245,244,577,12629,189769,409,907,222,44777],"class_list":["post-655981","post","type-post","status-publish","format-standard","has-post-thumbnail","category-sport","tag-assist","tag-atalanta","tag-attacco","tag-balerdi","tag-balerdi-roma","tag-base","tag-bologna","tag-brema","tag-cagliari","tag-cagliari-calcio","tag-cagliari-calcio-comunica","tag-calciatore","tag-calcio","tag-calcio-comunica","tag-caleta","tag-caleta-car","tag-campo","tag-canale","tag-canale-whatsapp","tag-car","tag-centrocampista","tag-centrocampo","tag-cessione","tag-chiuso","tag-ciervo","tag-classe","tag-club","tag-club-sardo","tag-como","tag-comunicato","tag-diritto","tag-diritto-riscatto","tag-esposito","tag-esterno","tag-fabrizio","tag-fabrizio-romano","tag-frendrup","tag-giocatore","tag-it","tag-italia","tag-italy","tag-juve","tag-mbangula","tag-mercato","tag-milan","tag-nome","tag-presenze","tag-prestito","tag-riccardo","tag-ricci","tag-riferito","tag-riscatto","tag-roma","tag-romano","tag-rossoblu","tag-sassuolo","tag-serie","tag-sky","tag-sport","tag-sports","tag-stagione","tag-termine","tag-termine-stagione","tag-ufficiale","tag-ultime","tag-venezia","tag-zhegrova"],"share_on_mastodon":{"url":"","error":"Validation failed: Text character limit of 500 exceeded"},"_links":{"self":[{"href":"https:\/\/www.europesays.com\/it\/wp-json\/wp\/v2\/posts\/655981","targetHints":{"allow":["GET"]}}],"collection":[{"href":"https:\/\/www.europesays.com\/it\/wp-json\/wp\/v2\/posts"}],"about":[{"href":"https:\/\/www.europesays.com\/it\/wp-json\/wp\/v2\/types\/post"}],"author":[{"embeddable":true,"href":"https:\/\/www.europesays.com\/it\/wp-json\/wp\/v2\/users\/3"}],"replies":[{"embeddable":true,"href":"https:\/\/www.europesays.com\/it\/wp-json\/wp\/v2\/comments?post=655981"}],"version-history":[{"count":0,"href":"https:\/\/www.europesays.com\/it\/wp-json\/wp\/v2\/posts\/655981\/revisions"}],"wp:featuredmedia":[{"embeddable":true,"href":"https:\/\/www.europesays.com\/it\/wp-json\/wp\/v2\/media\/655982"}],"wp:attachment":[{"href":"https:\/\/www.europesays.com\/it\/wp-json\/wp\/v2\/media?parent=655981"}],"wp:term":[{"taxonomy":"category","embeddable":true,"href":"https:\/\/www.europesays.com\/it\/wp-json\/wp\/v2\/categories?post=655981"},{"taxonomy":"post_tag","embeddable":true,"href":"https:\/\/www.europesays.com\/it\/wp-json\/wp\/v2\/tags?post=655981"}],"curies":[{"name":"wp","href":"https:\/\/api.w.org\/{rel}","templated":true}]}}