{"id":656021,"date":"2026-08-30T05:37:28","date_gmt":"2026-08-30T05:37:28","guid":{"rendered":"https:\/\/www.europesays.com\/it\/656021\/"},"modified":"2026-08-30T05:37:28","modified_gmt":"2026-08-30T05:37:28","slug":"fabio-canino-cara-milly-grazie-di-tutto-ma-non-ballo-i-giudici-mi-smonterebbero-dopo-cinque-minuti","status":"publish","type":"post","link":"https:\/\/www.europesays.com\/it\/656021\/","title":{"rendered":"Fabio Canino: \u201cCara Milly, grazie di tutto ma non ballo.\u00a0I\u00a0giudici\u00a0mi smonterebbero dopo cinque minuti\u201d"},"content":{"rendered":"<p data-atex-currentstyle=\"\" data-atex-mc=\"0\" data-atex-pstyle=\"\" data-atex-tagstart=\"0\">Firenze \u2013\u00a0\u00abDopo diciassette anni di onorata carriera da giudice ho deciso di lasciare\u00bb: con queste parole, affidate a una storia social, <strong>Fabio Canino<\/strong> ha annunciato il suo addio alla giuria di Ballando con le stelle. Un addio che ha suscitato sorpresa e non pochi dubbi. C\u2019\u00e8 infatti chi ha insinuato che questa scelta non sia stata del tutto spontanea, ma frutto di una decisione imposta dalla produzione. Il sospetto nasce da alcuni dettagli, tra cui la mancanza di ringraziamenti \u2013 da parte di Canino \u2013 al programma di Raiuno e a <strong>Milly Carlucci<\/strong>, che stonano con il tono disimpegnato del video. L\u2019annuncio dell\u2019addio, tra l\u2019altro, \u00e8 arrivato mentre la macchina della nuova edizione \u00e8 gi\u00e0 abbondantemente in moto: il cast \u00e8 quasi ultimato, ed \u00e8 appena stato rivelato che <strong><a rel=\"follow nofollow noopener\" href=\"https:\/\/www.quotidiano.net\/magazine\/spettacoli\/perche-fabio-canino-lascia-ballando-con-le-stelle-cosa-ha-detto-monica-guerritore-e-la-nona-concorrente-bay665sa\" target=\"_blank\">Monica Guerritore<\/a> e <a rel=\"follow nofollow noopener\" href=\"https:\/\/www.quotidiano.net\/magazine\/alberto-ravagnani-ex-prete-influencer-ballerino-ballando-con-le-stelle-j7tiqsuy\" target=\"_blank\">Alberto Ravagnani<\/a> <\/strong>va ad aggiungersi in pista ai concorrenti annunciati, da <strong>Aurora Ramazzotti a Noemi Bocchi ed Eugenio Finardi. <\/strong><\/p>\n<p>Approfondisci:<\/p>\n<p><a href=\"https:\/\/www.quotidiano.net\/magazine\/ballando-con-le-stelle-2026-cast-ornella-muti-monica-guerritore-francesca-fialdini-barbara-durso-yhdua65v\" class=\"ArticleEmbed_article__embed__content__Jzqnz\" rel=\"nofollow noopener\" target=\"_blank\">Ballando con le Stelle, ecco il cast: Ornella Muti, Monica Guerritore e il ritorno di Francesca Fialdini. Barbara d\u2019Urso verso l\u2019accordo<img alt=\"Ballando con le Stelle, ecco il cast: Ornella Muti, Monica Guerritore e il ritorno di Francesca Fialdini. Barbara d\u2019Urso verso l\u2019accordo\" loading=\"lazy\" width=\"140\" height=\"78\" decoding=\"async\" data-nimg=\"1\" style=\"color:transparent\"  src=\"https:\/\/www.europesays.com\/it\/wp-content\/uploads\/2026\/08\/monica-guerritore-da-sinistra-ornella-muti-e-francesca-fialdini.webp\"\/><\/a> <\/p>\n<p data-atex-currentstyle=\"\" data-atex-mc=\"0\" data-atex-pstyle=\"\" data-atex-tagstart=\"0\"><strong>Fabio Canino, adesso \u00e8 ufficiale il suo addio a<\/strong><strong> Ballando con le stelle<\/strong><strong>. Quali sono i motivi?<\/strong><\/p>\n<p data-atex-currentstyle=\"\" data-atex-mc=\"0\" data-atex-pstyle=\"\" data-atex-tagstart=\"0\">\u00abBallando, che io amo alla follia, mi aveva proposto di fare per un anno il ballerino, per poi tornare a fare il giudice. Il ballerino per\u00f2 non lo potevo fare: ho il teatro, la radio, e se partecipi devi fare le prove tutti i giorni. Non potevo permettermelo. In pi\u00f9 dopo tanti anni da giudice come fai a fare il ballerino? Probabilmente mi avrebbero smontato dopo cinque minuti. Cos\u00ec ho detto di no\u00bb.<\/p>\n<p data-atex-currentstyle=\"\" data-atex-mc=\"0\" data-atex-pstyle=\"\" data-atex-tagstart=\"0\"><strong>\u00c8 stato questo \u201cno\u201d a determinare il distacco? <\/strong><\/p>\n<p data-atex-currentstyle=\"\" data-atex-mc=\"0\" data-atex-pstyle=\"\" data-atex-tagstart=\"0\">\u00abDiciamo che non rientravo pi\u00f9 nel loro progetto. Dopo diciassette anni \u00e8 normale che un programma voglia dei cambiamenti: mi hanno fatto una proposta, io non potevo accettarla, e ho detto \u201cok, grazie, vado\u201d. Mi sembra tutto molto normale\u00bb.<\/p>\n<p data-atex-currentstyle=\"\" data-atex-mc=\"0\" data-atex-pstyle=\"\" data-atex-tagstart=\"0\"><strong>Nel video che ha pubblicato sui social non ha nominato Mil<\/strong><strong>ly Carlucci o la produzione. C\u2019\u00e8 stato qualche screzio?<\/strong><\/p>\n<p data-atex-currentstyle=\"\" data-atex-mc=\"0\" data-atex-pstyle=\"\" data-atex-tagstart=\"0\">\u00ab\u00c8 stato un mio errore, me l\u2019hanno fatto notare in tanti e me ne rendo conto. Con il video volevo fare un saluto veloce, il pi\u00f9 indolore possibile, senza commuovermi. Ma non c\u2019\u00e8 stato nessuno screzio. Anzi approfitto di questa intervista per salutare Milly e ringraziarla\u00bb.<\/p>\n<p> <img alt=\"Da sinistra, Fabio Canino; Carolina Smith; Ivan Zazzaroni e Selvaggia Lucarelli nel corso del programma Ballando con le stelle\" loading=\"lazy\" width=\"3072\" height=\"1946\" decoding=\"async\" data-nimg=\"1\" style=\"color:transparent;max-width:100%;height:auto\"   src=\"https:\/\/www.europesays.com\/it\/wp-content\/uploads\/2026\/08\/da-sinistra-fabio-canino-carolina-smith-ivan-zazzaroni-e-selvaggia-lucarelli-nel-corso-del-programma.webp\"\/><\/p>\n<p>Da sinistra, Fabio Canino; Carolina Smith; Ivan Zazzaroni e Selvaggia Lucarelli nel corso del programma Ballando con le stelle<\/p>\n<p data-atex-currentstyle=\"\" data-atex-mc=\"0\" data-atex-pstyle=\"\" data-atex-tagstart=\"0\"><strong>Si \u00e8 per\u00f2 ricordato di citare Pier Silvio Berlusconi, dicendo \u00abio sono pronto\u00bb. Era un appello a Mediaset?<\/strong><\/p>\n<p data-atex-currentstyle=\"\" data-atex-mc=\"0\" data-atex-pstyle=\"\" data-atex-tagstart=\"0\">\u00abMa no! Era solo una battuta legata al fatto che sono stato il primo a portare in tv un tavolo rotondo con il programma Cronache marziane (in onda tra l\u2019autunno 2004 e la primavera 2005 su Italia 1, ndr)\u00bb.<\/p>\n<p data-atex-currentstyle=\"\" data-atex-mc=\"0\" data-atex-pstyle=\"\" data-atex-tagstart=\"0\"><strong>Selvaggia Lucarelli ha lasciato anche lei la giuria e adesso \u00e8 a Mediaset. Poteva sembrare che volesse imitare lo stesso percorso&#8230; <\/strong><\/p>\n<p data-atex-currentstyle=\"\" data-atex-mc=\"0\" data-atex-pstyle=\"\" data-atex-tagstart=\"0\">\u00abS\u00ec in effetti \u00e8 vero. Forse il pubblico ha pensato per questo motivo che stessi facendo un appello a Berlusconi, ma non c\u2019\u00e8 stato nessun contatto, nessuna proposta, era solo un gioco\u00bb.<\/p>\n<p>Approfondisci:<\/p>\n<p><a href=\"https:\/\/www.quotidiano.net\/magazine\/ballando-con-le-stelle-2026-cast-ornella-muti-monica-guerritore-francesca-fialdini-barbara-durso-yhdua65v\" class=\"ArticleEmbed_article__embed__content__Jzqnz\" rel=\"nofollow noopener\" target=\"_blank\">Ballando con le Stelle, ecco il cast: Ornella Muti, Monica Guerritore e il ritorno di Francesca Fialdini. Barbara d\u2019Urso verso l\u2019accordo<img alt=\"Ballando con le Stelle, ecco il cast: Ornella Muti, Monica Guerritore e il ritorno di Francesca Fialdini. Barbara d\u2019Urso verso l\u2019accordo\" loading=\"lazy\" width=\"140\" height=\"78\" decoding=\"async\" data-nimg=\"1\" style=\"color:transparent\"  src=\"https:\/\/www.europesays.com\/it\/wp-content\/uploads\/2026\/08\/monica-guerritore-da-sinistra-ornella-muti-e-francesca-fialdini.webp\"\/><\/a> <\/p>\n<p data-atex-currentstyle=\"\" data-atex-mc=\"0\" data-atex-pstyle=\"\" data-atex-tagstart=\"0\"><strong>Circolano tanti nomi sui nuovi giurati dell\u2019edizione 2026. Tra questi anche Barbara D\u2019Urso, cosa ne pensa?<\/strong><\/p>\n<p data-atex-currentstyle=\"\" data-atex-mc=\"0\" data-atex-pstyle=\"\" data-atex-tagstart=\"0\">\u00abAncora non si sa nulla. Io sapevo di <a rel=\"follow nofollow noopener\" href=\"https:\/\/www.quotidiano.net\/magazine\/spettacoli\/ballando-con-le-stelle-barbara-durso-in-giuria-e-manuela-moreno-nuova-concorrente-pqyts6cu\" target=\"_blank\"><strong>Barbara D\u2019Urso<\/strong><\/a>, Alberto Matano, Francesca Fialdini, per\u00f2 poi magari spunta fuori un altro nome all\u2019ultimo momento. <strong>Barbara D\u2019Urso<\/strong> sa fare televisione. Assolutamente. In pi\u00f9 deve anche rifarsi una sorta di \u201cverginit\u00e0 televisiva\u201c in Rai. Quindi non lo so proprio, vedremo. Forse \u00e8 un po\u2019 troppo \u201cbuona\u201c per la giuria di Ballando\u00bb.<\/p>\n<p data-atex-currentstyle=\"\" data-atex-mc=\"0\" data-atex-pstyle=\"\" data-atex-tagstart=\"0\"><strong>Se dovesse scegliere lei, chi vedrebbe bene?<\/strong><\/p>\n<p data-atex-currentstyle=\"\" data-atex-mc=\"0\" data-atex-pstyle=\"\" data-atex-tagstart=\"0\">\u00abSecondo me Lucio Presta, tra i nomi usciti, sarebbe stato giusto. Anche se il grande pubblico non lo conosce, mi sarebbe piaciuto vederlo l\u00ec, ma ha rifiutato. Poi bisogna vedere tutti e cinque giurati come si amalgamano insieme e che tipo di giuria saranno. Se diventano pi\u00f9 democristiani come a Tale e Quale Show (dove tutti i concorrenti sono bravi) o se hanno voglia di dire la verit\u00e0, di sporcarsi le mani\u00bb.<\/p>\n<p>Approfondisci:<\/p>\n<p><a href=\"https:\/\/www.quotidiano.net\/magazine\/spettacoli\/ballando-con-le-stelle-barbara-durso-in-giuria-e-manuela-moreno-nuova-concorrente-pqyts6cu\" class=\"ArticleEmbed_article__embed__content__Jzqnz\" rel=\"nofollow noopener\" target=\"_blank\">Barbara D\u2019Urso in giuria e Manuela Moreno nuova concorrente di Ballando con le Stelle<img alt=\"Barbara D\u2019Urso in giuria e Manuela Moreno nuova concorrente di Ballando con le Stelle\" loading=\"lazy\" width=\"140\" height=\"78\" decoding=\"async\" data-nimg=\"1\" style=\"color:transparent\"  src=\"https:\/\/www.europesays.com\/it\/wp-content\/uploads\/2026\/08\/barbara-d-urso-e-pasquale-la-rocca-a-ballando-con-le-stelle-2025.webp\"\/><\/a> <\/p>\n<p> <img alt=\"Milly Carlucci\" loading=\"lazy\" width=\"1600\" height=\"908\" decoding=\"async\" data-nimg=\"1\" style=\"color:transparent;max-width:100%;height:auto\"   src=\"https:\/\/www.europesays.com\/it\/wp-content\/uploads\/2026\/08\/milly-carlucci.webp\"\/><\/p>\n<p>Milly Carlucci<\/p>\n<p data-atex-currentstyle=\"\" data-atex-mc=\"0\" data-atex-pstyle=\"\" data-atex-tagstart=\"0\"><strong>E come suo diretto sostituto?<\/strong><\/p>\n<p data-atex-currentstyle=\"\" data-atex-mc=\"0\" data-atex-pstyle=\"\" data-atex-tagstart=\"0\">\u00abVannacci (ride, ndr). Per\u00f2 io e lui possiamo andare in onda solo dopo le 23\u00bb.<\/p>\n<p data-atex-currentstyle=\"\" data-atex-mc=\"0\" data-atex-pstyle=\"\" data-atex-tagstart=\"0\"><strong>Quello con <\/strong><strong>Ballando<\/strong><strong> crede che sia un addio o un arrivederci?<\/strong><\/p>\n<p data-atex-currentstyle=\"\" data-atex-mc=\"0\" data-atex-pstyle=\"\" data-atex-tagstart=\"0\">\u00abPer il momento le strade si dividono perch\u00e9 abbiamo esigenze diverse. Poi chiss\u00e0. Insomma, non si sa mai\u00bb.<\/p>\n<p data-atex-currentstyle=\"\" data-atex-mc=\"0\" data-atex-pstyle=\"\" data-atex-tagstart=\"0\"><strong>Continuer\u00e0 a seguire il programma?<\/strong><\/p>\n<p data-atex-currentstyle=\"\" data-atex-mc=\"0\" data-atex-pstyle=\"\" data-atex-tagstart=\"0\">\u00abMa certo, adesso divento spettatore\u00bb.<\/p>\n<p data-atex-currentstyle=\"\" data-atex-mc=\"0\" data-atex-pstyle=\"\" data-atex-tagstart=\"0\">\u00a0<\/p>\n","protected":false},"excerpt":{"rendered":"Firenze \u2013\u00a0\u00abDopo diciassette anni di onorata carriera da giudice ho deciso di lasciare\u00bb: con queste parole, affidate a&hellip;\n","protected":false},"author":3,"featured_media":656022,"comment_status":"","ping_status":"","sticky":false,"template":"","format":"standard","meta":{"footnotes":"","_share_on_mastodon":"0"},"categories":[1444],"tags":[48872,15427,88106,203,15504,2431,204,1537,90,89,2376,3479,361934,253],"class_list":["post-656021","post","type-post","status-publish","format-standard","has-post-thumbnail","category-tv","tag-cara","tag-ballo","tag-canino","tag-entertainment","tag-fabio","tag-giudici","tag-intrattenimento","tag-it","tag-italia","tag-italy","tag-milly","tag-minuti","tag-smonterebbero","tag-tv"],"share_on_mastodon":{"url":"https:\/\/pubeurope.com\/@it\/117182847411465851","error":""},"_links":{"self":[{"href":"https:\/\/www.europesays.com\/it\/wp-json\/wp\/v2\/posts\/656021","targetHints":{"allow":["GET"]}}],"collection":[{"href":"https:\/\/www.europesays.com\/it\/wp-json\/wp\/v2\/posts"}],"about":[{"href":"https:\/\/www.europesays.com\/it\/wp-json\/wp\/v2\/types\/post"}],"author":[{"embeddable":true,"href":"https:\/\/www.europesays.com\/it\/wp-json\/wp\/v2\/users\/3"}],"replies":[{"embeddable":true,"href":"https:\/\/www.europesays.com\/it\/wp-json\/wp\/v2\/comments?post=656021"}],"version-history":[{"count":0,"href":"https:\/\/www.europesays.com\/it\/wp-json\/wp\/v2\/posts\/656021\/revisions"}],"wp:featuredmedia":[{"embeddable":true,"href":"https:\/\/www.europesays.com\/it\/wp-json\/wp\/v2\/media\/656022"}],"wp:attachment":[{"href":"https:\/\/www.europesays.com\/it\/wp-json\/wp\/v2\/media?parent=656021"}],"wp:term":[{"taxonomy":"category","embeddable":true,"href":"https:\/\/www.europesays.com\/it\/wp-json\/wp\/v2\/categories?post=656021"},{"taxonomy":"post_tag","embeddable":true,"href":"https:\/\/www.europesays.com\/it\/wp-json\/wp\/v2\/tags?post=656021"}],"curies":[{"name":"wp","href":"https:\/\/api.w.org\/{rel}","templated":true}]}}