{"id":656050,"date":"2026-08-30T06:13:18","date_gmt":"2026-08-30T06:13:18","guid":{"rendered":"https:\/\/www.europesays.com\/it\/656050\/"},"modified":"2026-08-30T06:13:18","modified_gmt":"2026-08-30T06:13:18","slug":"cancellato-il-volo-ryanair-palma-malpensa-ritorno-da-incubo-dalle-vacanze-la-passeggera-abbandonati-a-noi-stessi","status":"publish","type":"post","link":"https:\/\/www.europesays.com\/it\/656050\/","title":{"rendered":"Cancellato il volo Ryanair Palma-Malpensa,\u00a0ritorno da incubo dalle vacanze. La passeggera: \u201cAbbandonati a noi stessi\u201d"},"content":{"rendered":"<p>Ferno (Varese), 29 agosto 2026 \u2013\u00a0Un finale di vacanza da dimenticare per i passeggeri del volo Ryanair\u00a0FR 7881 che ieri sera sarebbe dovuto partire <strong>da Palma de Mallorca alla volta di Milano Malpensa. <\/strong>Non solo l\u2019aereo non \u00e8 mai decollato ma i passeggeri lamentano di essere stati abbandonati a loro stesso all\u2019interno dello scalo e di non sapere quando la disavventura finir\u00e0.<\/p>\n<p> <img alt=\"Aerei Ryanair in pista\" loading=\"lazy\" width=\"3543\" height=\"2362\" decoding=\"async\" data-nimg=\"1\" style=\"color:transparent;max-width:100%;height:auto\"   src=\"https:\/\/www.europesays.com\/it\/wp-content\/uploads\/2026\/08\/aerei-ryanair-in-pista.webp\"\/><\/p>\n<p>Aerei Ryanair in pista<\/p>\n<p>Ma andiamo con ordine. Il volo Ryanair, ma operato dalla maltese Lauda Europe, previsto per venerd\u00ec 28 agosto alle 21.15 da Palma \u00e8\u00a0poi \u00e8 stato posticipato di un paio d&#8217;ore e <strong>successivamente cancellato<\/strong>. Oltre un centinaio di persone sono ancora bloccate nello scalo spagnolo, dopo aver dormito, quasi tutte, in aeroporto. &#8220;Inizialmente ci hanno detto che c&#8217;era traffico aereo, poi che<strong> il problema erano i temporali &#8211;<\/strong> racconta all&#8217;ANSA Chiara Ricci, una passeggera di Torino -. Ieri sera, dopo aver posticipato di quasi due ore il volo e cambiato tre volte il gate,<strong> ci hanno fatto imbarcare<\/strong>. Dopo, per\u00f2, ci hanno detto che dovevamo aspettare due ore e mezza e ci hanno fatto riscendere&#8221;.<\/p>\n<p> <img alt=\"L'aeroporto di Milano Malpensa\" loading=\"lazy\" width=\"1200\" height=\"798\" decoding=\"async\" data-nimg=\"1\" style=\"color:transparent;max-width:100%;height:auto\"   src=\"https:\/\/www.europesays.com\/it\/wp-content\/uploads\/2026\/08\/l-aeroporto-di-milano-malpensa.webp\"\/><\/p>\n<p>L&#8217;aeroporto di Milano Malpensa<\/p>\n<p>Durante la notte &#8220;non ci hanno aiutato a trovare nessuna sistemazione. <strong>Ci hanno abbandonato a noi stessi <\/strong>&#8211; aggiunge &#8211; dicendo che potevamo chiedere informazioni al punto Ryanair. Peccato che le dipendenti non hanno saputo darci una risposta&#8221;. Ai passeggeri \u00e8 stato consegnato un modulo e detto che a breve sarebbe arrivata una mail con proposte di hotel per la notte: &#8220;Ovviamente la mail non \u00e8 arrivata. Ci \u00e8 arrivato solo un messaggio alle 2 e mezza di notte dicendo che il volo \u00e8 stato<strong> riprogrammato per oggi alle 11.15 del mattino<\/strong>. Poi, praticamente all&#8217;alba, ci hanno avvisato che l&#8217;aereo sarebbe partito questa sera alle 22.55. Ma non c&#8217;\u00e8 certezza neanche di quel volo&#8221;.<\/p>\n<p>Approfondisci:<\/p>\n<p><a href=\"https:\/\/www.ilgiorno.it\/varese\/cronaca\/volo-biarritz-malpensa-rwa0hnn7\" class=\"ArticleEmbed_article__embed__content__Jzqnz\" rel=\"nofollow noopener\" target=\"_blank\">L\u2019odissea dei passeggeri del volo Biarritz-Malpensa, posticipato per maltempo e non ancora partito<img alt=\"L\u2019odissea dei passeggeri del volo Biarritz-Malpensa, posticipato per maltempo e non ancora partito\" loading=\"lazy\" width=\"140\" height=\"78\" decoding=\"async\" data-nimg=\"1\" style=\"color:transparent\"  src=\"https:\/\/www.europesays.com\/it\/wp-content\/uploads\/2026\/08\/niente-scarico-di-carburante-nel-mare.webp\"\/><\/a> <\/p>\n<p>Qualcuno ha preso un albergo, la maggior parte ha invece dormito nello scalo spagnolo: &#8220;Alle sei di mattina ci hanno svegliato dicendo che non potevamo dormire per terra &#8211; prosegue -. Noi non abbiamo preso nessuno hotel, perch\u00e9 la compagnia <strong>parlava genericamente di &#8216;spesa ragionevole&#8217;.<\/strong> Cosa vuol dire? A quell&#8217;ora di notte poi\u2026 Non sapevamo nemmeno quanto potessimo spendere&#8221;. Insomma, &#8220;non c&#8217;\u00e8 stato un minimo di assistenza e siamo ancora quasi tutti qui, con i voli di domani tutti pieni. Adesso &#8211; conclude &#8211; vorremmo solo sapere cosa fare, anche per non vagare tutto il giorno in aeroporto\u2026&#8221;.\u00a0<\/p>\n<p><strong>Sul sito di Ryanair <\/strong>un avviso annuncia anche per oggi, sabato 29 agosto, possibili disagi per i voli da e per l\u2019Italia a causa del maltempo.\u00a0<\/p>\n","protected":false},"excerpt":{"rendered":"Ferno (Varese), 29 agosto 2026 \u2013\u00a0Un finale di vacanza da dimenticare per i passeggeri del volo Ryanair\u00a0FR 7881&hellip;\n","protected":false},"author":3,"featured_media":656051,"comment_status":"","ping_status":"","sticky":false,"template":"","format":"standard","meta":{"footnotes":"","_share_on_mastodon":"0"},"categories":[172],"tags":[14788,178,177,10534,13474,1537,90,89,361952,53491,3675,17932,40219,2644,4652],"class_list":["post-656050","post","type-post","status-publish","format-standard","has-post-thumbnail","category-affari","tag-abbandonati","tag-affari","tag-business","tag-cancellato","tag-incubo","tag-it","tag-italia","tag-italy","tag-palmamalpensa","tag-passeggera","tag-ritorno","tag-ryanair","tag-stessi","tag-vacanze","tag-volo"],"share_on_mastodon":{"url":"https:\/\/pubeurope.com\/@it\/117182989863384288","error":""},"_links":{"self":[{"href":"https:\/\/www.europesays.com\/it\/wp-json\/wp\/v2\/posts\/656050","targetHints":{"allow":["GET"]}}],"collection":[{"href":"https:\/\/www.europesays.com\/it\/wp-json\/wp\/v2\/posts"}],"about":[{"href":"https:\/\/www.europesays.com\/it\/wp-json\/wp\/v2\/types\/post"}],"author":[{"embeddable":true,"href":"https:\/\/www.europesays.com\/it\/wp-json\/wp\/v2\/users\/3"}],"replies":[{"embeddable":true,"href":"https:\/\/www.europesays.com\/it\/wp-json\/wp\/v2\/comments?post=656050"}],"version-history":[{"count":0,"href":"https:\/\/www.europesays.com\/it\/wp-json\/wp\/v2\/posts\/656050\/revisions"}],"wp:featuredmedia":[{"embeddable":true,"href":"https:\/\/www.europesays.com\/it\/wp-json\/wp\/v2\/media\/656051"}],"wp:attachment":[{"href":"https:\/\/www.europesays.com\/it\/wp-json\/wp\/v2\/media?parent=656050"}],"wp:term":[{"taxonomy":"category","embeddable":true,"href":"https:\/\/www.europesays.com\/it\/wp-json\/wp\/v2\/categories?post=656050"},{"taxonomy":"post_tag","embeddable":true,"href":"https:\/\/www.europesays.com\/it\/wp-json\/wp\/v2\/tags?post=656050"}],"curies":[{"name":"wp","href":"https:\/\/api.w.org\/{rel}","templated":true}]}}