{"id":656052,"date":"2026-08-30T06:14:13","date_gmt":"2026-08-30T06:14:13","guid":{"rendered":"https:\/\/www.europesays.com\/it\/656052\/"},"modified":"2026-08-30T06:14:13","modified_gmt":"2026-08-30T06:14:13","slug":"padiglione-italia-di-aldo-grasso-le-nuove-guerre-senza-i-churchill-aldo-grasso","status":"publish","type":"post","link":"https:\/\/www.europesays.com\/it\/656052\/","title":{"rendered":"Padiglione Italia di Aldo Grasso | Le nuove guerre senza i Churchill | Aldo Grasso"},"content":{"rendered":"<p class=\"chapter-paragraph\">Venti di guerra? <a href=\"https:\/\/www.corriere.it\/esteri\/26_agosto_26\/londra-war-book-attacco-c7d20ea5-3aab-44c1-a833-103bae2ddxlk.shtml\" title=\"Londra si prepara a un attacco russo: \u00abLo faranno, \u00e8 inevitabile\u00bb. Scorte d&#039;acqua e cibo in scatola, in arrivo il nuovo \u00abmanuale\u00bb\" rel=\"nofollow noopener\" target=\"_blank\">Cos\u00ec sembra suggerire il governo britannico<\/a>, che inviter\u00e0 i cittadini a tenere in casa acqua, cibo in scatola, medicinali, torce, radio e power bank: una piccola scorta per resistere 72 ore senza servizi essenziali.<\/p>\n<p class=\"chapter-paragraph\">Niente panico, raccomanda Londra: solo buon senso. Ma <b>perch\u00e9 il buon senso, improvvisamente, ha bisogno di una campagna nazionale? E perch\u00e9 proprio adesso?<\/b>    &#13;<br \/>\n&#13;<br \/>\n&#13;<br \/>\n&#13;<br \/>\n&#13;<br \/>\n&#13;<br \/>\n&#13;<br \/>\n&#13;<br \/>\n&#13;<br \/>\n&#13;<br \/>\n&#13;<br \/>\n&#13;<br \/>\n&#13;<br \/>\n&#13;<br \/>\n&#13;<br \/>\n&#13;<br \/>\n&#13;<br \/>\n&#13;<br \/>\n&#13;<br \/>\n&#13;<br \/>\n&#13;<br \/>\n&#13;<br \/>\n&#13;<br \/>\n&#13;<br \/>\n&#13;<br \/>\n&#13;<br \/>\n&#13;<br \/>\n&#13;<br \/>\n&#13;<br \/>\n&#13;<br \/>\n&#13;<br \/>\n&#13;<br \/>\n&#13;<br \/>\n&#13;<br \/>\n&#13;<br \/>\n&#13;<br \/>\n&#13;<br \/>\n&#13;<br \/>\n&#13;<br \/>\n&#13;<br \/>\n&#13;<br \/>\n&#13;<br \/>\n&#13;<br \/>\n&#13;<br \/>\n&#13;<br \/>\n&#13;<br \/>\n&#13;<br \/>\n&#13;<br \/>\n&#13;<br \/>\n&#13;<br \/>\n&#13;<br \/>\n&#13;<br \/>\n&#13;\n<\/p>\n<p class=\"chapter-paragraph\">La risposta diventa ancora pi\u00f9 allarmante dopo <a href=\"https:\/\/www.corriere.it\/esteri\/26_agosto_27\/capo-cia-russia-nato-4e873bc2-80da-46e8-b48e-eb0defa5bxlk.shtml\" title=\"Il capo della Cia John Ratcliffe in Russia \u00abha avvertito lo zar di non attaccare i Paesi della Nato\u00bb: la rivelazione del Wsj\" rel=\"nofollow noopener\" target=\"_blank\">la visita del capo della Cia a Mosca<\/a>. Il governo si prepara a tutto: siccit\u00e0, blackout, attacchi informatici, sabotaggi, pandemie, crisi geopolitiche. I conflitti moderni, del resto, non sono solo droni o carri armati: basta mandare in tilt una rete elettrica o un sistema informatico per trasformare la normalit\u00e0 in emergenza.<\/p>\n<p class=\"chapter-paragraph\"><b>La guerra non bussa pi\u00f9 alla porta con una dichiarazione ufficiale: si insinua nel web, nelle infrastrutture, nei satelliti<\/b>. \u00c8 la vulnerabilit\u00e0 stessa della societ\u00e0 tecnologica a essere un terreno di conflitto.<\/p>\n<p class=\"chapter-paragraph\">E allora il messaggio britannico va preso sul serio. Non \u00e8 l\u2019annuncio di una catastrofe, \u00e8 un monito a considerarla possibile. <b>Niente sirene, niente bunker, nessun Churchill a farci coraggio. \u00c8 forse questa la novit\u00e0 pi\u00f9 inquietante<\/b>: lo Stato non promette pi\u00f9 soltanto di proteggerci dall\u2019emergenza, ci chiede di essere pronti a conviverci.<\/p>\n<p class=\"is-last-update\" datetime=\"2026-08-29T20:42:34+02:00\" content=\"2026-08-30\">30 agosto 2026<\/p>\n<p class=\"is-copyright\">\u00a9 RIPRODUZIONE RISERVATA<\/p>\n","protected":false},"excerpt":{"rendered":"Venti di guerra? Cos\u00ec sembra suggerire il governo britannico, che inviter\u00e0 i cittadini a tenere in casa acqua,&hellip;\n","protected":false},"author":3,"featured_media":11103,"comment_status":"","ping_status":"","sticky":false,"template":"","format":"standard","meta":{"footnotes":"","_share_on_mastodon":"0"},"categories":[160],"tags":[412,14289,358792,184259,361953,361954,3825,2304,1034,51784,79829,14,164,165,450,77,166,7,15,2677,11,167,12,168,161,162,163],"class_list":["post-656052","post","type-post","status-publish","format-standard","has-post-thumbnail","category-mondo","tag-acqua","tag-acqua-cibo","tag-acqua-cibo-scatola","tag-allarmante","tag-allarmante-visita","tag-allarmante-visita-capo","tag-annuncio","tag-britannico","tag-buon","tag-buon-senso","tag-churchill","tag-cronaca","tag-dal-mondo","tag-dalmondo","tag-emergenza","tag-guerra","tag-mondo","tag-news","tag-notizie","tag-senso","tag-ultime-notizie","tag-ultime-notizie-di-mondo","tag-ultimenotizie","tag-ultimenotiziedimondo","tag-world","tag-world-news","tag-worldnews"],"share_on_mastodon":{"url":"https:\/\/pubeurope.com\/@it\/117182992782240583","error":""},"_links":{"self":[{"href":"https:\/\/www.europesays.com\/it\/wp-json\/wp\/v2\/posts\/656052","targetHints":{"allow":["GET"]}}],"collection":[{"href":"https:\/\/www.europesays.com\/it\/wp-json\/wp\/v2\/posts"}],"about":[{"href":"https:\/\/www.europesays.com\/it\/wp-json\/wp\/v2\/types\/post"}],"author":[{"embeddable":true,"href":"https:\/\/www.europesays.com\/it\/wp-json\/wp\/v2\/users\/3"}],"replies":[{"embeddable":true,"href":"https:\/\/www.europesays.com\/it\/wp-json\/wp\/v2\/comments?post=656052"}],"version-history":[{"count":0,"href":"https:\/\/www.europesays.com\/it\/wp-json\/wp\/v2\/posts\/656052\/revisions"}],"wp:featuredmedia":[{"embeddable":true,"href":"https:\/\/www.europesays.com\/it\/wp-json\/wp\/v2\/media\/11103"}],"wp:attachment":[{"href":"https:\/\/www.europesays.com\/it\/wp-json\/wp\/v2\/media?parent=656052"}],"wp:term":[{"taxonomy":"category","embeddable":true,"href":"https:\/\/www.europesays.com\/it\/wp-json\/wp\/v2\/categories?post=656052"},{"taxonomy":"post_tag","embeddable":true,"href":"https:\/\/www.europesays.com\/it\/wp-json\/wp\/v2\/tags?post=656052"}],"curies":[{"name":"wp","href":"https:\/\/api.w.org\/{rel}","templated":true}]}}