{"id":656053,"date":"2026-08-30T06:15:21","date_gmt":"2026-08-30T06:15:21","guid":{"rendered":"https:\/\/www.europesays.com\/it\/656053\/"},"modified":"2026-08-30T06:15:21","modified_gmt":"2026-08-30T06:15:21","slug":"lo-yacht-di-putin-esce-allalba-dal-porto-di-marina-di-carrara-alcune-ore-in-mare-era-fermo-da-4-anni","status":"publish","type":"post","link":"https:\/\/www.europesays.com\/it\/656053\/","title":{"rendered":"Lo yacht di Putin esce all\u2019alba dal porto di Marina di Carrara: alcune ore in mare, era fermo da 4 anni"},"content":{"rendered":"<p>Massa Carrara, 29 agosto 2026 \u2013 Dopo oltre quattro anni di permanenza nel <strong>porto di Marina di Carrara<\/strong>, lo <strong>yacht <a rel=\"follow nofollow noopener\" href=\"https:\/\/www.lanazione.it\/massa-carrara\/cronaca\/yacht-putin-de05228c\" target=\"_blank\">Scheherazade<\/a> <\/strong>\u00e8 tornato in mare. L&#8217;imbarcazione, lunga 140 metri e sottoposta a sequestro da parte della Guardia di Finanza il 6 maggio 2022 nell&#8217;ambito delle sanzioni adottate dall&#8217;Unione europea contro la <strong>Russia<\/strong> dopo l&#8217;invasione dell&#8217;Ucraina, ha lasciato lo scalo apuano nella mattina di venerd\u00ec 28 agosto, per poi rientrare nel pomeriggio.<\/p>\n<p>Approfondisci:<\/p>\n<p><a href=\"https:\/\/www.lanazione.it\/cronaca\/la-crociera-extra-lusso-four-seasons-fa-tappa-allelba-con-il-gigante-da-207-metri-i-prezzi-da-capogiro-vvdogxas\" class=\"ArticleEmbed_article__embed__content__Jzqnz\" rel=\"nofollow noopener\" target=\"_blank\">La crociera extra lusso Four Seasons fa tappa all\u2019Elba con il gigante da 207 metri. I prezzi? Da capogiro<img alt=\"La crociera extra lusso Four Seasons fa tappa all\u2019Elba con il gigante da 207 metri. I prezzi? Da capogiro\" loading=\"lazy\" width=\"140\" height=\"78\" decoding=\"async\" data-nimg=\"1\" style=\"color:transparent\"  src=\"https:\/\/www.europesays.com\/it\/wp-content\/uploads\/2026\/08\/il-gigante-del-lusso-all-isola-d-elba-foto-valerie-pizzera.webp\"\/><\/a><br \/>\nLa partenza e la rotta verso le Cinque Terre <\/p>\n<p>La <strong>partenza <\/strong>\u00e8 avvenuta intorno alle 7.58, riporta &#8220;Il Tirreno&#8221;. L&#8217;imbarcazione, soprannominata lo<a rel=\"follow nofollow noopener\" href=\"https:\/\/www.lanazione.it\/cronaca\/yacht-putin-8b8f2d8e\" target=\"_blank\"> &#8220;<strong>yacht di Putin<\/strong>&#8220;<\/a>, ha lasciato il porto e ha fatto rotta verso il Golfo della Spezia, raggiungendo in tarda mattinata le acque al largo delle Cinque Terre. Dopo una sosta in mare, l&#8217;imbarcazione ha invertito la rotta dirigendosi nuovamente verso Marina di Carrara, dove \u00e8 arrivata in rada intorno alle ore 14.<\/p>\n<p>Approfondisci:<\/p>\n<p><a href=\"https:\/\/www.lanazione.it\/cronaca\/allelba-il-mega-yacht-a-idrogeno-liquido-voluto-da-bill-gates-un-pieno-costa-435mila-dollari-f7lg6vg5\" class=\"ArticleEmbed_article__embed__content__Jzqnz\" rel=\"nofollow noopener\" target=\"_blank\">All\u2019Elba il mega yacht a idrogeno liquido voluto da Bill Gates. Un pieno costa 435mila dollari<img alt=\"All\u2019Elba il mega yacht a idrogeno liquido voluto da Bill Gates. Un pieno costa 435mila dollari\" loading=\"lazy\" width=\"140\" height=\"78\" decoding=\"async\" data-nimg=\"1\" style=\"color:transparent\"  src=\"https:\/\/www.europesays.com\/it\/wp-content\/uploads\/2026\/08\/bill-gates-e-lo-yacht-breakthrough-avvistato-all-elba.webp\"\/><\/a> <\/p>\n<p>Il rientro in porto, inizialmente previsto nel primo pomeriggio, \u00e8 stato posticipato. Nel corso del pomeriggio Scheherazade ha effettuato alcuni movimenti al largo, prima di dirigersi nuovamente verso l&#8217;imboccatura del porto e fare ritorno allo scalo dopo le 18. La <strong>movimentazione dello yacht<\/strong> non sarebbe stata improvvisa per le autorit\u00e0 competenti, spiega &#8220;Il Tirreno&#8221;.<\/p>\n<p>Un&#8217;uscita programmata: l&#8217;ipotesi della prova tecnica <\/p>\n<p>L&#8217;uscita in mare era infatti <strong>programmata<\/strong> e, secondo le ipotesi circolate, potrebbe essere stata legata a una <strong>prova tecnica<\/strong> dei motori dopo il lungo periodo trascorso in stato di fermo o dopo interventi di manutenzione. Scheherazade era gi\u00e0 ormeggiato a Marina di Carrara quando venne sequestrato nel maggio 2022.<\/p>\n<p>L&#8217;imbarcazione era sottoposta a l<strong>avori di refitting<\/strong> da parte di <strong>The Italian Sea Group<\/strong>, societ\u00e0 che gestisce il cantiere navale dove lo yacht \u00e8 rimasto per anni. Il contratto relativo alle attivit\u00e0 di manutenzione, secondo quanto riferito, sarebbe in scadenza il prossimo 16 settembre. Lo yacht risulta formalmente riconducibile all&#8217;oligarca russo <strong>Eduard Khudaynatov<\/strong>. Diverse inchieste giornalistiche hanno indicato Khudaynatov come una figura vicina al presidente russo Vladimir Putin e ipotizzato che possa essere stato utilizzato come intestatario dell&#8217;imbarcazione.<\/p>\n<p>Il &#8220;yacht di Putin&#8221; e i suoi ambienti di lusso <\/p>\n<p>Da qui l&#8217;appellativo di <a rel=\"follow nofollow noopener\" href=\"https:\/\/www.lanazione.it\/cronaca\/yacht-putin-05fc8500\" target=\"_blank\">&#8220;<strong>yacht di Putin<\/strong>&#8220;<\/a>, definizione che resta per\u00f2 da ricondurre alle ricostruzioni giornalistiche e non a una formale attribuzione della propriet\u00e0 al presidente russo.<strong> Lungo 140 metri<\/strong>, Scheherazade dispone di sei ponti e di numerosi ambienti di lusso, tra cui cabine con finiture in marmo, cinema, discoteca, palestra e strutture per il benessere. A bordo sono inoltre presenti piattaforme destinate, tra l&#8217;altro, all&#8217;eventuale <strong>atterraggio di elicotteri<\/strong>. La breve uscita di venerd\u00ec ha attirato l&#8217;attenzione di numerosi curiosi e appassionati che hanno seguito la navigazione dell&#8217;imbarcazione attraverso i sistemi di monitoraggio del traffico marittimo e dai litorali della costa apuana e delle Cinque Terre. Resta ora da capire quale sar\u00e0 il destino dello yacht nelle prossime settimane e se l&#8217;uscita in mare sia stata esclusivamente una prova tecnica oppure sia collegata alla conclusione dei lavori di manutenzione. Al momento, ogni <strong>ipotesi<\/strong> sul futuro dell&#8217;imbarcazione resta aperta.<\/p>\n","protected":false},"excerpt":{"rendered":"Massa Carrara, 29 agosto 2026 \u2013 Dopo oltre quattro anni di permanenza nel porto di Marina di Carrara,&hellip;\n","protected":false},"author":3,"featured_media":656054,"comment_status":"","ping_status":"","sticky":false,"template":"","format":"standard","meta":{"footnotes":"","_share_on_mastodon":"0"},"categories":[79],"tags":[8714,27940,14,93,94,3222,541,1537,90,89,2050,6408,7,15,2755,383,11,84,91,12,85,92,2747],"class_list":["post-656053","post","type-post","status-publish","format-standard","has-post-thumbnail","category-italia","tag-alba","tag-carrara","tag-cronaca","tag-cronaca-italiana","tag-cronacaitaliana","tag-esce","tag-fermo","tag-it","tag-italia","tag-italy","tag-mare","tag-marina","tag-news","tag-notizie","tag-porto","tag-putin","tag-ultime-notizie","tag-ultime-notizie-e-news-di-oggi","tag-ultime-notizie-italia","tag-ultimenotizie","tag-ultimenotizieenewsdioggi","tag-ultimenotizieitalia","tag-yacht"],"share_on_mastodon":{"url":"https:\/\/pubeurope.com\/@it\/117182997747358556","error":""},"_links":{"self":[{"href":"https:\/\/www.europesays.com\/it\/wp-json\/wp\/v2\/posts\/656053","targetHints":{"allow":["GET"]}}],"collection":[{"href":"https:\/\/www.europesays.com\/it\/wp-json\/wp\/v2\/posts"}],"about":[{"href":"https:\/\/www.europesays.com\/it\/wp-json\/wp\/v2\/types\/post"}],"author":[{"embeddable":true,"href":"https:\/\/www.europesays.com\/it\/wp-json\/wp\/v2\/users\/3"}],"replies":[{"embeddable":true,"href":"https:\/\/www.europesays.com\/it\/wp-json\/wp\/v2\/comments?post=656053"}],"version-history":[{"count":0,"href":"https:\/\/www.europesays.com\/it\/wp-json\/wp\/v2\/posts\/656053\/revisions"}],"wp:featuredmedia":[{"embeddable":true,"href":"https:\/\/www.europesays.com\/it\/wp-json\/wp\/v2\/media\/656054"}],"wp:attachment":[{"href":"https:\/\/www.europesays.com\/it\/wp-json\/wp\/v2\/media?parent=656053"}],"wp:term":[{"taxonomy":"category","embeddable":true,"href":"https:\/\/www.europesays.com\/it\/wp-json\/wp\/v2\/categories?post=656053"},{"taxonomy":"post_tag","embeddable":true,"href":"https:\/\/www.europesays.com\/it\/wp-json\/wp\/v2\/tags?post=656053"}],"curies":[{"name":"wp","href":"https:\/\/api.w.org\/{rel}","templated":true}]}}