{"id":656097,"date":"2026-08-30T07:06:34","date_gmt":"2026-08-30T07:06:34","guid":{"rendered":"https:\/\/www.europesays.com\/it\/656097\/"},"modified":"2026-08-30T07:06:34","modified_gmt":"2026-08-30T07:06:34","slug":"ciao-ciao-mac-mini-m6-intel-core-ultra-9-32gb-ddr5-e-2-tb-ssd-a-1-620e-meno-di-apple","status":"publish","type":"post","link":"https:\/\/www.europesays.com\/it\/656097\/","title":{"rendered":"Ciao Ciao Mac mini M6: Intel Core Ultra 9, 32GB DDR5 e 2 TB SSD a 1.620\u20ac meno di Apple"},"content":{"rendered":"<p>Il nuovo Mac mini con chip M4 \u00e8 una macchina eccellente, ma parte da un prezzo che molti trovano difficile da giustificare. Il <strong>GEEKOM GT1 Mega<\/strong> si propone come alternativa concreta su Windows: stesso formato compattissimo, stesso concetto di potenza concentrata in poco spazio, ma con un ecosistema pi\u00f9 aperto e un prezzo sensibilmente inferiore. A 999\u20ac, con uno sconto del 9% sul prezzo abituale, \u00e8 una proposta che merita attenzione, anche perch\u00e9 l&#8217;equivalente Mac mini M6 costa 2.619\u20ac: <strong>fate due conti!<\/strong><\/p>\n<p>Guardarlo dal vivo fa quasi impressione: un cubo di poco pi\u00f9 di 13 centimetri per lato che nasconde al suo interno una configurazione da workstation. Il processore <strong>Intel Core Ultra 9 185H<\/strong> spinge fino a 5,1 GHz e porta con s\u00e9 la NPU Intel AI Boost, il motore dedicato all&#8217;intelligenza artificiale che accelera funzioni come il miglioramento video in tempo reale, la generazione di immagini e l&#8217;elaborazione di modelli AI locali.<\/p>\n<p> Non \u00e8 marketing: chi usa strumenti come le funzioni AI di DaVinci Resolve, Adobe Lightroom o Photoshop nota la differenza rispetto a un processore senza NPU dedicata.<\/p>\n<ul>\n<li><strong>Intel Core Ultra 9 185H<\/strong> con NPU integrata: fino a 5,1 GHz, compatibile con oltre 500 modelli AI in pi\u00f9 di 20 categorie.<\/li>\n<li><strong>32 GB di RAM DDR5<\/strong> in dual channel a 5600 MT\/s, espandibili fino a 128 GB: multitasking fluido anche con applicazioni pesanti aperte in contemporanea.<\/li>\n<li><strong>SSD da 2 TB PCIe Gen4<\/strong>: tempi di caricamento ridottissimi e ampio spazio per progetti video, dataset e archivi fotografici.<\/li>\n<li><strong>Intel Arc Graphics<\/strong> con supporto a quattro display simultanei, fino a risoluzione 8K: ideale per chi lavora su pi\u00f9 schermi o gestisce timeline video ad alta risoluzione.<\/li>\n<li><strong>Doppia LAN 2.5 Gbps<\/strong>, WiFi 7 e <a href=\"https:\/\/www.smartworld.it\/guide\/bluetooth-5-4.html\" title=\"Bluetooth 5.4: cos&#039;\u00e8 e come funziona\" rel=\"nofollow noopener\" target=\"_blank\">Bluetooth 5.4<\/a>: connettivit\u00e0 di livello professionale, con banda aggregabile fino a 5 Gbps e latenza WiFi sotto i 5 ms.<\/li>\n<\/ul>\n<p>Il sistema di <strong>raffreddamento a liquido<\/strong> gestisce bene il calore anche sotto carico prolungato.<\/p>\n<p> La ventola si attiva quando il processore lavora intensamente, ma il rumore non \u00e8 fastidioso nemmeno in ambienti silenziosi, un dettaglio che fa differenza se il mini PC sta sulla scrivania tutto il giorno.<\/p>\n<p>Per<strong> editing video<\/strong>,<strong> rendering 3D<\/strong>,<strong> AI e produttivit\u00e0<\/strong>, il sistema non mostra cedimenti. La dotazione nella confezione \u00e8 <strong>completa<\/strong>: adattatore di alimentazione, cavo <a href=\"https:\/\/www.smartworld.it\/guide\/hdmi-earc-cosa.html\" title=\"HDMI (e)ARC: cos&#039;\u00e8\" rel=\"nofollow noopener\" target=\"_blank\">HDMI<\/a>, supporto VESA per agganciarlo dietro al monitor e manuale utente. Windows 11 Pro \u00e8 preinstallato.<\/p>\n<p>A chi \u00e8 consigliato<\/p>\n<p>Il GT1 Mega \u00e8 la scelta giusta per <strong>professionisti creativi, sviluppatori e power user<\/strong> che cercano una macchina silenziosa, compatta e potente per editing video, fotografia, applicazioni AI e smart working intensivo. Rispetto al Mac mini M6, offre maggiore flessibilit\u00e0 sull&#8217;ecosistema Windows, connettivit\u00e0 pi\u00f9 ricca (doppia LAN, WiFi 7, USB4) <strong>a una frazione del prezzo<\/strong>. Chi invece ha bisogno di una macchina prevalentemente da gaming dovrebbe orientarsi su soluzioni diverse.<\/p>\n","protected":false},"excerpt":{"rendered":"Il nuovo Mac mini con chip M4 \u00e8 una macchina eccellente, ma parte da un prezzo che molti&hellip;\n","protected":false},"author":3,"featured_media":656098,"comment_status":"","ping_status":"","sticky":false,"template":"","format":"standard","meta":{"footnotes":"","_share_on_mastodon":"0"},"categories":[173],"tags":[141951,1537,90,89,63182,39209,195,198,199,197,200,201,194,196],"class_list":["post-656097","post","type-post","status-publish","format-standard","has-post-thumbnail","category-scienza-e-tecnologia","tag-geekom","tag-it","tag-italia","tag-italy","tag-offerte-amazon","tag-pc","tag-science","tag-science-and-technology","tag-scienceandtechnology","tag-scienza","tag-scienza-e-tecnologia","tag-scienzaetecnologia","tag-technology","tag-tecnologia"],"share_on_mastodon":{"url":"https:\/\/pubeurope.com\/@it\/117183197146998935","error":""},"_links":{"self":[{"href":"https:\/\/www.europesays.com\/it\/wp-json\/wp\/v2\/posts\/656097","targetHints":{"allow":["GET"]}}],"collection":[{"href":"https:\/\/www.europesays.com\/it\/wp-json\/wp\/v2\/posts"}],"about":[{"href":"https:\/\/www.europesays.com\/it\/wp-json\/wp\/v2\/types\/post"}],"author":[{"embeddable":true,"href":"https:\/\/www.europesays.com\/it\/wp-json\/wp\/v2\/users\/3"}],"replies":[{"embeddable":true,"href":"https:\/\/www.europesays.com\/it\/wp-json\/wp\/v2\/comments?post=656097"}],"version-history":[{"count":0,"href":"https:\/\/www.europesays.com\/it\/wp-json\/wp\/v2\/posts\/656097\/revisions"}],"wp:featuredmedia":[{"embeddable":true,"href":"https:\/\/www.europesays.com\/it\/wp-json\/wp\/v2\/media\/656098"}],"wp:attachment":[{"href":"https:\/\/www.europesays.com\/it\/wp-json\/wp\/v2\/media?parent=656097"}],"wp:term":[{"taxonomy":"category","embeddable":true,"href":"https:\/\/www.europesays.com\/it\/wp-json\/wp\/v2\/categories?post=656097"},{"taxonomy":"post_tag","embeddable":true,"href":"https:\/\/www.europesays.com\/it\/wp-json\/wp\/v2\/tags?post=656097"}],"curies":[{"name":"wp","href":"https:\/\/api.w.org\/{rel}","templated":true}]}}