{"id":656103,"date":"2026-08-30T07:09:18","date_gmt":"2026-08-30T07:09:18","guid":{"rendered":"https:\/\/www.europesays.com\/it\/656103\/"},"modified":"2026-08-30T07:09:18","modified_gmt":"2026-08-30T07:09:18","slug":"come-nascono-le-supercelle-il-fisico-pasini-cnr-scatenate-dal-grande-caldo-per-salvarsi-serve-il-radar","status":"publish","type":"post","link":"https:\/\/www.europesays.com\/it\/656103\/","title":{"rendered":"Come nascono le \u00absupercelle\u00bb, il fisico Pasini (Cnr): \u00abScatenate dal grande caldo, per salvarsi serve il radar\u00bb"},"content":{"rendered":"<p>            <a href=\"https:\/\/www.corriere.it\/firme\/alessio-ribaudo\" rel=\"nofollow noopener\" target=\"_blank\"><\/p>\n<p>                    <img decoding=\"async\" class=\"is-rounded\" alt=\"desc img\" src=\"https:\/\/www.europesays.com\/it\/wp-content\/uploads\/2025\/08\/alessio-ribaudo.jpg\"\/><br \/>\n                    di Alessio Ribaudo<\/p>\n<p>        <\/a><\/p>\n<p class=\"summary-art is-line-h-12\">Il fisico del clima: \u00abL\u2019anticiclone africano porta pi\u00f9 calore e umidit\u00e0. Quando arriva aria fredda aumenta l\u2019instabilit\u00e0. Le allerte devono arrivare sui cellulari a ridosso dell\u2019evento\u00bb<\/p>\n<p class=\"chapter-paragraph\">\u00abQuello di Cremona non \u00e8 stato un temporale estivo.<b> \u00c8 stata una supercella,<\/b> una delle strutture temporalesche pi\u00f9 organizzate e violente\u00bb. <b>Antonello Pasini, fisico del clima del Cnr, <\/b>spiega cos\u00ec quanto accaduto venerd\u00ec, quando grandine e raffiche violentissime hanno colpito la citt\u00e0.<\/p>\n<p class=\"chapter-paragraph\"><b>Che cosa distingue una supercella da un temporale?<\/b><br \/>\u00abUna corrente ascensionale molto intensa che, grazie alla variazione della velocit\u00e0 e della direzione dei venti con la quota, pu\u00f2 iniziare a ruotare. La forte alimentazione dal basso rende il temporale pi\u00f9 stabile, duraturo e capace di concentrare molta energia. Servono un forte contrasto termico e molta umidit\u00e0\u00bb.    &#13;<br \/>\n&#13;<br \/>\n&#13;<br \/>\n&#13;<br \/>\n&#13;<br \/>\n&#13;<br \/>\n&#13;<br \/>\n&#13;<br \/>\n&#13;<br \/>\n&#13;<br \/>\n&#13;<br \/>\n&#13;<br \/>\n&#13;<br \/>\n&#13;<br \/>\n&#13;<br \/>\n&#13;<br \/>\n&#13;<br \/>\n&#13;<br \/>\n&#13;<br \/>\n&#13;<br \/>\n&#13;<br \/>\n&#13;<br \/>\n&#13;<br \/>\n&#13;<br \/>\n&#13;<br \/>\n&#13;<br \/>\n&#13;<br \/>\n&#13;<br \/>\n&#13;<br \/>\n&#13;<br \/>\n&#13;<br \/>\n&#13;<br \/>\n&#13;<br \/>\n&#13;<br \/>\n&#13;<br \/>\n&#13;<br \/>\n&#13;<br \/>\n&#13;<br \/>\n&#13;<br \/>\n&#13;<br \/>\n&#13;<br \/>\n&#13;<br \/>\n&#13;<br \/>\n&#13;<br \/>\n&#13;<br \/>\n&#13;<br \/>\n&#13;<br \/>\n&#13;<br \/>\n&#13;<br \/>\n&#13;<br \/>\n&#13;<br \/>\n&#13;<br \/>\n&#13;\n<\/p>\n<p class=\"chapter-paragraph\"><b>In citt\u00e0 si \u00e8 verificato anche un downburst. Che cos\u2019\u00e8?<\/b><br \/>\u00ab\u00c8 una corrente d\u2019aria violentissima che precipita dalla nube verso il suolo e poi si espande lateralmente. Pu\u00f2 abbattere alberi, scoperchiare tetti e provocare danni simili a quelli di un tornado. Per\u00f2 la dinamica \u00e8 diversa\u00bb.<\/p>\n<p class=\"chapter-paragraph\"><b>Questi fenomeni sono diventati pi\u00f9 violenti?<br \/><\/b>\u00abS\u00ec. Il riscaldamento globale aumenta l\u2019energia disponibile nell\u2019atmosfera. Il Mediterraneo pu\u00f2 raggiungere i 30-32 gradi, mentre l\u2019aria al suolo supera i 40 gradi al Centro-Sud e i 35 al Nord. Quando in quota arrivano infiltrazioni pi\u00f9 fredde il contrasto diventa forte. L\u2019aria calda e umida sale, incontra quella pi\u00f9 fredda e secca e si formano cumulonembi sviluppati\u00bb.<\/p>\n<p class=\"chapter-paragraph\"><b>Che cosa accade quindi?<\/b><br \/>\u00abDentro queste nubi le correnti diventano intense e possono alimentare grandine, raffiche distruttive e precipitazioni violente\u00bb.<\/p>\n<p class=\"chapter-paragraph\"><b>\u00c8 uno degli effetti dei cambiamenti climatici? <br \/><\/b>\u00abS\u00ec. L\u2019anticiclone africano sta sostituendo sempre pi\u00f9 spesso quello delle Azzorre. Questo porta pi\u00f9 calore sul Mediterraneo e sulla terraferma. Quando questa massa d\u2019aria calda e umida incontra infiltrazioni pi\u00f9 fresche in quota aumenta l\u2019instabilit\u00e0\u00bb.<\/p>\n<p class=\"chapter-paragraph\"><b>Come si forma la grandine?<br \/><\/b>\u00abDentro i cumulonembi le correnti trascinano su e gi\u00f9 nuclei di ghiaccio che raccolgono altra acqua, crescono e precipitano quando diventano troppo pesanti per essere sostenuti dalle correnti ascensionali\u00bb.<\/p>\n<p class=\"chapter-paragraph\"><b>Si pu\u00f2 prevedere dove cadr\u00e0 e avvisare i cittadini che si trovano sotto la supercella?<br \/><\/b>\u00abI modelli possono indicare il giorno prima le zone pi\u00f9 esposte, ma non il quartiere o la strada. Con i radar possiamo invece seguire l\u2019evoluzione delle celle in tempo reale. Bisognerebbe farlo di mezz\u2019ora in mezz\u2019ora e riuscire a far arrivare l\u2019allerta sui cellulari in prossimit\u00e0 dell\u2019evento\u00bb.<\/p>\n<p class=\"chapter-paragraph\"><b>\u00c8 questa la sfida del futuro?<br \/><\/b>\u00abPrevedere con maggiore precisione, ma anche rendere i territori meno vulnerabili e insegnare alle persone che cosa fare. Il cambiamento climatico impone due strade: ridurre fortemente le emissioni di gas serra e, nello stesso tempo, adattarci a fenomeni estremi che possono diventare pi\u00f9 frequenti e violenti\u00bb.<\/p>\n<p class=\"is-last-update\" datetime=\"2026-08-30T07:22:24+02:00\">30 agosto 2026 ( modifica il 30 agosto 2026 | 07:22)<\/p>\n<p class=\"is-copyright\">\n            \u00a9 RIPRODUZIONE RISERVATA\n        <\/p>\n","protected":false},"excerpt":{"rendered":"di Alessio Ribaudo Il fisico del clima: \u00abL\u2019anticiclone africano porta pi\u00f9 calore e umidit\u00e0. Quando arriva aria fredda&hellip;\n","protected":false},"author":3,"featured_media":656104,"comment_status":"","ping_status":"","sticky":false,"template":"","format":"standard","meta":{"footnotes":"","_share_on_mastodon":"0"},"categories":[79],"tags":[10841,11409,21822,7488,305961,361996,36,2973,361997,16541,361998,15085,33003,8840,13502,2492,6691,23413,14,93,94,361999,34642,3566,451,16188,5016,362000,3440,11669,11851,6491,362001,1537,90,89,7,15,3522,9609,51545,10124,11,84,91,12,85,92],"class_list":["post-656103","post","type-post","status-publish","format-standard","has-post-thumbnail","category-italia","tag-africano","tag-anticiclone","tag-anticiclone-africano","tag-aria","tag-aria-calda","tag-aria-calda-umida","tag-arrivare","tag-aumenta","tag-aumenta-instabilita","tag-calda","tag-calda-umida","tag-calore","tag-cellulari","tag-clima","tag-cnr","tag-contrasto","tag-corrente","tag-correnti","tag-cronaca","tag-cronaca-italiana","tag-cronacaitaliana","tag-cumulonembi","tag-diventano","tag-energia","tag-evento","tag-fenomeni","tag-fisico","tag-fisico-clima","tag-forte","tag-fredda","tag-gradi","tag-grandine","tag-grandine-raffiche","tag-it","tag-italia","tag-italy","tag-news","tag-notizie","tag-possono","tag-quota","tag-supercella","tag-temporale","tag-ultime-notizie","tag-ultime-notizie-e-news-di-oggi","tag-ultime-notizie-italia","tag-ultimenotizie","tag-ultimenotizieenewsdioggi","tag-ultimenotizieitalia"],"share_on_mastodon":{"url":"","error":"Validation failed: Text character limit of 500 exceeded"},"_links":{"self":[{"href":"https:\/\/www.europesays.com\/it\/wp-json\/wp\/v2\/posts\/656103","targetHints":{"allow":["GET"]}}],"collection":[{"href":"https:\/\/www.europesays.com\/it\/wp-json\/wp\/v2\/posts"}],"about":[{"href":"https:\/\/www.europesays.com\/it\/wp-json\/wp\/v2\/types\/post"}],"author":[{"embeddable":true,"href":"https:\/\/www.europesays.com\/it\/wp-json\/wp\/v2\/users\/3"}],"replies":[{"embeddable":true,"href":"https:\/\/www.europesays.com\/it\/wp-json\/wp\/v2\/comments?post=656103"}],"version-history":[{"count":0,"href":"https:\/\/www.europesays.com\/it\/wp-json\/wp\/v2\/posts\/656103\/revisions"}],"wp:featuredmedia":[{"embeddable":true,"href":"https:\/\/www.europesays.com\/it\/wp-json\/wp\/v2\/media\/656104"}],"wp:attachment":[{"href":"https:\/\/www.europesays.com\/it\/wp-json\/wp\/v2\/media?parent=656103"}],"wp:term":[{"taxonomy":"category","embeddable":true,"href":"https:\/\/www.europesays.com\/it\/wp-json\/wp\/v2\/categories?post=656103"},{"taxonomy":"post_tag","embeddable":true,"href":"https:\/\/www.europesays.com\/it\/wp-json\/wp\/v2\/tags?post=656103"}],"curies":[{"name":"wp","href":"https:\/\/api.w.org\/{rel}","templated":true}]}}