{"id":656105,"date":"2026-08-30T07:10:17","date_gmt":"2026-08-30T07:10:17","guid":{"rendered":"https:\/\/www.europesays.com\/it\/656105\/"},"modified":"2026-08-30T07:10:17","modified_gmt":"2026-08-30T07:10:17","slug":"spalletti-dopo-juventus-parma-gazzetta-it","status":"publish","type":"post","link":"https:\/\/www.europesays.com\/it\/656105\/","title":{"rendered":"Spalletti dopo Juventus-Parma | Gazzetta.it"},"content":{"rendered":"<p>                                Il tecnico della Juve dopo il successo per 2-0 contro il Parma:\u00a0\u201cLa squadra mi \u00e8 piaciuta, siamo riusciti a strappare lo spazio per il tiro tante volte&#8221;<\/p>\n<p class=\"paragraph\" spellcheck=\"true\">Luciano Spalletti preferisce parlare di campo, pi\u00f9 del mercato che in questi ultimi giorni sta facendo la societ\u00e0 con un obiettivo nelle ultime ore: andare oltre il colpo mancato di Kessie. \u201cConfermata la difficolt\u00e0 di Thuram, serve un giocatore a centrocampo &#8211; ammette l&#8217;allenatore -. La societ\u00e0 aveva organizzato una situazione interessante, poi \u00e8 sfumata. Adesso vedremo\u201d. Dunque, l\u2019allenatore sul <a href=\"https:\/\/www.gazzetta.it\/Calcio\/Serie-A\/Juventus\/29-08-2026\/juve-parma-live-risultato-e-gol-in-diretta-serie-a.shtml?intcmp=hyperlink-articolo-gazit\" rel=\"nofollow noopener\" target=\"_blank\">2-0 ai danni del Parma<\/a>: \u201cLa squadra mi \u00e8 piaciuta, siamo riusciti a strappare lo spazio per un tiro in porta in tante circostanze, siamo mancati un po&#8217; nel gioco aereo. Ogni tanto abbiamo fatto un po\u2019 di confusione, ma alla conta Vicario ha fatto solo una grande parata\u201d.\u00a0<\/p>\n<p>    POSIZIONE\u2014 \u00a0<\/p>\n<p class=\"paragraph is-inline\" spellcheck=\"true\">Ancora Spalletti, ai microfoni di Dazn: \u201cAbbiamo fatto una partita serissima, con motivo e qualit\u00e0 di gioco. Io sarei contento di rimanere cos\u00ec, il problema \u00e8 che non siamo stati precisi da impensierire di pi\u00f9. Ma di situazioni importanti ce ne sono state tante. Kolo Muani? Ci deve mettere un po\u2019 pi\u00f9 sangue, cattiveria, perch\u00e9 per il resto lui ha un po\u2019 tutto\u201d. E sull\u2019intervento in area di Alajbegovic su Keita taglia corto: \u201cNon c\u2019\u00e8 neanche contatto\u201d.<\/p>\n","protected":false},"excerpt":{"rendered":"Il tecnico della Juve dopo il successo per 2-0 contro il Parma:\u00a0\u201cLa squadra mi \u00e8 piaciuta, siamo riusciti&hellip;\n","protected":false},"author":3,"featured_media":656106,"comment_status":"","ping_status":"","sticky":false,"template":"","format":"standard","meta":{"footnotes":"","_share_on_mastodon":"0"},"categories":[6],"tags":[1960,14,2024,8,1537,90,89,572,573,1412,576,7,15,82,9,83,10,6301,362002,362003,42578,362004,362005,9825,24806,659,13,11,80,84,12,81,85],"class_list":["post-656105","post","type-post","status-publish","format-standard","has-post-thumbnail","category-ultime-notizie","tag-allenatore","tag-cronaca","tag-gioco","tag-headlines","tag-it","tag-italia","tag-italy","tag-kolo","tag-kolo-muani","tag-mercato","tag-muani","tag-news","tag-notizie","tag-notizie-di-cronaca","tag-notizie-principali","tag-notiziedicronaca","tag-notizieprincipali","tag-parma","tag-parma-squadra","tag-parma-squadra-piaciuta","tag-piaciuta","tag-piaciuta-riusciti","tag-piaciuta-riusciti-strappare","tag-riusciti","tag-spalletti","tag-tante","tag-titoli","tag-ultime-notizie","tag-ultime-notizie-di-cronaca","tag-ultime-notizie-e-news-di-oggi","tag-ultimenotizie","tag-ultimenotiziedicronaca","tag-ultimenotizieenewsdioggi"],"share_on_mastodon":{"url":"","error":"Validation failed: Text character limit of 500 exceeded"},"_links":{"self":[{"href":"https:\/\/www.europesays.com\/it\/wp-json\/wp\/v2\/posts\/656105","targetHints":{"allow":["GET"]}}],"collection":[{"href":"https:\/\/www.europesays.com\/it\/wp-json\/wp\/v2\/posts"}],"about":[{"href":"https:\/\/www.europesays.com\/it\/wp-json\/wp\/v2\/types\/post"}],"author":[{"embeddable":true,"href":"https:\/\/www.europesays.com\/it\/wp-json\/wp\/v2\/users\/3"}],"replies":[{"embeddable":true,"href":"https:\/\/www.europesays.com\/it\/wp-json\/wp\/v2\/comments?post=656105"}],"version-history":[{"count":0,"href":"https:\/\/www.europesays.com\/it\/wp-json\/wp\/v2\/posts\/656105\/revisions"}],"wp:featuredmedia":[{"embeddable":true,"href":"https:\/\/www.europesays.com\/it\/wp-json\/wp\/v2\/media\/656106"}],"wp:attachment":[{"href":"https:\/\/www.europesays.com\/it\/wp-json\/wp\/v2\/media?parent=656105"}],"wp:term":[{"taxonomy":"category","embeddable":true,"href":"https:\/\/www.europesays.com\/it\/wp-json\/wp\/v2\/categories?post=656105"},{"taxonomy":"post_tag","embeddable":true,"href":"https:\/\/www.europesays.com\/it\/wp-json\/wp\/v2\/tags?post=656105"}],"curies":[{"name":"wp","href":"https:\/\/api.w.org\/{rel}","templated":true}]}}