{"id":656144,"date":"2026-08-30T07:53:11","date_gmt":"2026-08-30T07:53:11","guid":{"rendered":"https:\/\/www.europesays.com\/it\/656144\/"},"modified":"2026-08-30T07:53:11","modified_gmt":"2026-08-30T07:53:11","slug":"30-agosto-1908-muore-giovanni-fattori-il-genio-che-tradusse-lumanita-in-pittura","status":"publish","type":"post","link":"https:\/\/www.europesays.com\/it\/656144\/","title":{"rendered":"30 agosto 1908, muore Giovanni Fattori. Il genio che tradusse l\u2019umanit\u00e0 in pittura"},"content":{"rendered":"<p>Firenze, 30 agosto 2026 \u2013 <strong>Il 30 agosto del 1908<\/strong> moriva <strong>Giovanni Fattori<\/strong>, &#8216;genio&#8217; livornese dei <strong>Macchiaioli<\/strong>. Il primo naturalista che abbia dato una singolare fisionomia alla pittura italiana, tra ritratti, scene militari e paesaggi. Fattori \u00e8 stato uno degli artisti pi\u00f9 significativi del panorama figurativo europeo dell&#8217;Ottocento e ha saputo dominare tutti i generi pittorici. Dalle prime ricerche sulla <strong>macchia<\/strong>, che lo condurranno ad una vera e propria rivoluzione del tradizionale concetto di estetica ottocentesca, agli intensi <strong>ritratti, dai paesaggi<\/strong> en plein air ai soggetti di vita rurale, alle scene che esaltano la <strong>Maremma<\/strong>, simbolo di quel mondo contadino che Fattori amava e che contrapponeva alla disorientante modernit\u00e0 urbana. Su questi campeggia l&#8217;interpretazione dei soggetti militari, indagati sia nelle manifestazioni pi\u00f9 solenni ed epiche delle grandi campagne delle Guerre d&#8217;Indipendenza, sia nei momenti pi\u00f9 intimi della vita di guarnigione.<\/p>\n<p>E ancora, gli studi di paesaggio della stagione di <strong>Castiglioncello<\/strong>, oasi di pace che lo accoglie alla morte della moglie Settimia Vannucci e gli restituisce slancio creativo. La narrazione attenta e nostalgica delle trasformazioni del tessuto urbano fiorentino, e i quadri che testimoniano l&#8217;incontro con la vitalit\u00e0 della Maremma, dove coglie, nella simbiosi tra uomo e animale, la traccia della propria anima insieme schietta e genuina. Gli animali per lui sono creature amiche, potenti e pacifiche.<\/p>\n<p>La sua arte ha lasciato un&#8217;impronta indelebile anche sulla cultura del XX secolo, come documentano saggi critici e opere di artisti contemporanei come Ugo Ojetti, Emilio Cecchi e <strong>Giorgio de Chirico<\/strong>. Seguendo passo dopo passo Fattori, dai lavori della sua giovinezza fino a quando sboccia diventando un grandissimo artista, si presenta l&#8217;immagine di un pittore rivoluzionario. In primis perch\u00e9 si \u00e8 sempre sentito un uomo del 1848, con un animo un po&#8217; ribelle anche rispetto alla forma del Paese definitasi con l&#8217;unit\u00e0. Ma fu rivoluzionario soprattutto in pittura. Capofila dei Macchiaioli s\u00ec, ma un artista in perenne trasformazione che non si \u00e8 mai seduto, ma ha sempre mutato stile. E solo i grandi artisti hanno questa capacit\u00e0 di perenne metamorfosi capace di mettere in crisi i risultati raggiunti. Per questo \u00e8 stato preso a modello da tanti artisti del &#8216;900. Le sue opere hanno ispirato anche importanti registi come Luchino <strong>Visconti<\/strong>, che ha utilizzato le atmosfere fattoriane nei suoi film sul Risorgimento, come Senso e Il Gattopardo.<\/p>\n","protected":false},"excerpt":{"rendered":"Firenze, 30 agosto 2026 \u2013 Il 30 agosto del 1908 moriva Giovanni Fattori, &#8216;genio&#8217; livornese dei Macchiaioli. Il&hellip;\n","protected":false},"author":3,"featured_media":656145,"comment_status":"","ping_status":"","sticky":false,"template":"","format":"standard","meta":{"footnotes":"","_share_on_mastodon":"0"},"categories":[1446],"tags":[2699,1615,1613,1614,1611,1610,1612,203,8171,41598,2759,204,1537,90,89,13293,16756,362027,999],"class_list":["post-656144","post","type-post","status-publish","format-standard","has-post-thumbnail","category-arte-e-design","tag-agosto","tag-arte","tag-arte-e-design","tag-arteedesign","tag-arts","tag-arts-and-design","tag-design","tag-entertainment","tag-fattori","tag-genio","tag-giovanni","tag-intrattenimento","tag-it","tag-italia","tag-italy","tag-muore","tag-pittura","tag-tradusse","tag-umanita"],"share_on_mastodon":{"url":"https:\/\/pubeurope.com\/@it\/117183381725340599","error":""},"_links":{"self":[{"href":"https:\/\/www.europesays.com\/it\/wp-json\/wp\/v2\/posts\/656144","targetHints":{"allow":["GET"]}}],"collection":[{"href":"https:\/\/www.europesays.com\/it\/wp-json\/wp\/v2\/posts"}],"about":[{"href":"https:\/\/www.europesays.com\/it\/wp-json\/wp\/v2\/types\/post"}],"author":[{"embeddable":true,"href":"https:\/\/www.europesays.com\/it\/wp-json\/wp\/v2\/users\/3"}],"replies":[{"embeddable":true,"href":"https:\/\/www.europesays.com\/it\/wp-json\/wp\/v2\/comments?post=656144"}],"version-history":[{"count":0,"href":"https:\/\/www.europesays.com\/it\/wp-json\/wp\/v2\/posts\/656144\/revisions"}],"wp:featuredmedia":[{"embeddable":true,"href":"https:\/\/www.europesays.com\/it\/wp-json\/wp\/v2\/media\/656145"}],"wp:attachment":[{"href":"https:\/\/www.europesays.com\/it\/wp-json\/wp\/v2\/media?parent=656144"}],"wp:term":[{"taxonomy":"category","embeddable":true,"href":"https:\/\/www.europesays.com\/it\/wp-json\/wp\/v2\/categories?post=656144"},{"taxonomy":"post_tag","embeddable":true,"href":"https:\/\/www.europesays.com\/it\/wp-json\/wp\/v2\/tags?post=656144"}],"curies":[{"name":"wp","href":"https:\/\/api.w.org\/{rel}","templated":true}]}}